{"id":9141,"date":"2020-01-03T09:35:25","date_gmt":"2020-01-03T09:35:25","guid":{"rendered":"https:\/\/gazetaregionalna.com\/?p=9141"},"modified":"2020-01-09T09:46:06","modified_gmt":"2020-01-09T09:46:06","slug":"co-robic-w-czasie-ferii","status":"publish","type":"post","link":"https:\/\/gazetaregionalna.com\/?p=9141","title":{"rendered":"Co robi\u0107 w czasie ferii?"},"content":{"rendered":"\n<h2 class=\"wp-block-heading\">\nMiejski\nDom Kultury w Radomsku prowadzi zapisy na zaj\u0119cia przygotowane w\nzwi\u0105zku z feriami zimowymi. W wojew\u00f3dztwie \u0142\u00f3dzkim, podobnie, jak\nw \u015bl\u0105skim, uczniowie wypoczywa\u0107 b\u0119d\u0105 od 13 do 24 stycznia.<\/h2>\n\n\n\n<p> Do zapis\u00f3w potrzebny b\u0119dzie  numer pesel dziecka, a tak\u017ce numer i seria dowodu osobistego&nbsp; osoby uprawnionej do odbioru dziecka po zaj\u0119ciach w MDK-u. Program zaj\u0119\u0107 wygl\u0105da nast\u0119puj\u0105co:<\/p>\n\n\n\n<p>\n<strong>13\n\u2013 17.01 g.10.00-14.00 <\/strong>\u2013\n\u201eFilmowa zima\u201d \u2013 zaj\u0119cia artystyczne dla dzieci 7-12 lat (35\nz\u0142\/os.) \u2013 lista rezerwowa<br>\n<strong>13\n\u2013 17.01 g.14.30 \u2013 15.30 <\/strong>\u2013\n\u201eDance Kids\u201d \u2013 warsztaty taneczne dla dzieci 7-12 lat (15\nz\u0142\/os.)<br>\n<strong>13\n\u2013 15.01 g.16.00 \u2013 17.00 <\/strong>\u2013\n\u201eSkrzydlata kraina\u201d \u2013 warsztaty plastyczne dla dzieci 10-13 lat\n\u2013 (15 z\u0142\/os.)<br>\n<strong>14.01\n<\/strong>\u2013\n\u201eWarsztaty robotyczne\u201d: <strong>g.\n13.00 \u2013 14.30 <\/strong>\u201eRoboKids\u201d\n(5 \u2013 7 lat),<strong>g.\n14.45 \u2013 16.15 <\/strong>\u2013\n\u201eMinecraft\u201d (7-13 lat), <strong>g.\n16.30 \u2013 18.00 <\/strong>\u2013\n\u201eMinecraft\u201d (7-13 lat) \u2013 lista rezerwowa<br>\n<strong>16-17.01\n<\/strong>\u2013\n\u201eInstrumenty \u015bwiata\u201d \u2013 warsztaty muzyczne dla dzieci z Tomkiem\nDrozdkiem: <strong>g.15.00\n\u2013 17.00 <\/strong>grupa\n7 \u2013 11 lat, <strong>g.\n17.30 \u2013 19.30 <\/strong>grupa\n12 \u2013 16 lat (15 z\u0142\/os)<br>\n<strong>20\n\u2013 24.01 g.10.00 -14.00 <\/strong>\u2013\n\u201eMa\u0142e i du\u017ce artystyczne podr\u00f3\u017ce\u201d \u2013 zaj\u0119cia artystyczne\ndla dzieci 7-12 lat (35 z\u0142\/os.)<br>\n<strong>23\n\u2013 24.01 g.17.00 \u2013 18.00 <\/strong>\u2013\nWarsztaty ta\u0144ca bachata dla m\u0142odzie\u017cy (15 z\u0142\/os.)<br>\n<strong>20\n\u2013 21.01.g 16.00 \u2013 17.3<\/strong><strong>0\n&#8211;<\/strong>\nWarsztaty plastyczne \u201eUpominki dla babci i dziadka\u201d \u2013 warsztaty\nzako\u0144czone imprez\u0105 z Babci\u0105 i Dziadkiem \u2013 dzieci (10\nz\u0142\/os)<br>\n<strong>21.01<\/strong>&nbsp;\u2013\nWarsztaty robotyczne:&nbsp;<strong>g.\n09.00 \u2013 10.30<\/strong>&nbsp;\u2013\n\u201eMinecraft\u201d (7-13 lat),&nbsp;<strong>g.\n10.45 \u2013 12.15<\/strong>&nbsp;\u2013\n\u201eMinecraft\u201d (7-13 lat),&nbsp;<strong>g.\n12.30 \u2013 14.00<\/strong>&nbsp;\u2013\n\u201eRoboKids\u201d (5 \u2013 7 lat) \u2013 lista rezerwowa<br>\n<strong>23.01\ng.08.30<\/strong>&nbsp;\u2013\n\u201eCandy Park\u201d \u2013 wycieczka dla dzieci 6 \u2013 10 lat (25\nz\u0142\/os.)<br>\n<strong>23.01.g.14.00\n\u2013 16.00<\/strong>&nbsp;\u2013\n\u201eKlaunada\u201d \u2013 warsztaty kuglarskie dla dzieci (10 z\u0142\/os).<\/p>\n\n\n\n<p>\n(\u0179r\u00f3d\u0142o:\nMDK Radomsko)<\/p>\n","protected":false},"excerpt":{"rendered":"<p>Miejski Dom Kultury w Radomsku prowadzi zapisy na zaj\u0119cia przygotowane w zwi\u0105zku z feriami zimowymi. W wojew\u00f3dztwie \u0142\u00f3dzkim, podobnie, jak w \u015bl\u0105skim, uczniowie wypoczywa\u0107<\/p>\n","protected":false},"author":7,"featured_media":9142,"comment_status":"open","ping_status":"open","sticky":false,"template":"","format":"standard","meta":{"_monsterinsights_skip_tracking":false,"_monsterinsights_sitenote_active":false,"_monsterinsights_sitenote_note":"","_monsterinsights_sitenote_category":0,"_uf_show_specific_survey":0,"_uf_disable_surveys":false,"footnotes":""},"categories":[15,12,94,28,2],"tags":[293,113],"class_list":["post-9141","post","type-post","status-publish","format-standard","has-post-thumbnail","hentry","category-dla-dzieci","category-kultura-i-rozrywka","category-polecane","category-radomsko","category-wiadomosci","tag-co-robic-w-czasie-ferii","tag-radomsko"],"_links":{"self":[{"href":"https:\/\/gazetaregionalna.com\/index.php?rest_route=\/wp\/v2\/posts\/9141","targetHints":{"allow":["GET"]}}],"collection":[{"href":"https:\/\/gazetaregionalna.com\/index.php?rest_route=\/wp\/v2\/posts"}],"about":[{"href":"https:\/\/gazetaregionalna.com\/index.php?rest_route=\/wp\/v2\/types\/post"}],"author":[{"embeddable":true,"href":"https:\/\/gazetaregionalna.com\/index.php?rest_route=\/wp\/v2\/users\/7"}],"replies":[{"embeddable":true,"href":"https:\/\/gazetaregionalna.com\/index.php?rest_route=%2Fwp%2Fv2%2Fcomments&post=9141"}],"version-history":[{"count":2,"href":"https:\/\/gazetaregionalna.com\/index.php?rest_route=\/wp\/v2\/posts\/9141\/revisions"}],"predecessor-version":[{"id":9219,"href":"https:\/\/gazetaregionalna.com\/index.php?rest_route=\/wp\/v2\/posts\/9141\/revisions\/9219"}],"wp:featuredmedia":[{"embeddable":true,"href":"https:\/\/gazetaregionalna.com\/index.php?rest_route=\/wp\/v2\/media\/9142"}],"wp:attachment":[{"href":"https:\/\/gazetaregionalna.com\/index.php?rest_route=%2Fwp%2Fv2%2Fmedia&parent=9141"}],"wp:term":[{"taxonomy":"category","embeddable":true,"href":"https:\/\/gazetaregionalna.com\/index.php?rest_route=%2Fwp%2Fv2%2Fcategories&post=9141"},{"taxonomy":"post_tag","embeddable":true,"href":"https:\/\/gazetaregionalna.com\/index.php?rest_route=%2Fwp%2Fv2%2Ftags&post=9141"}],"curies":[{"name":"wp","href":"https:\/\/api.w.org\/{rel}","templated":true}]}}