{"id":91105,"date":"2022-09-05T03:15:39","date_gmt":"2022-09-05T03:15:39","guid":{"rendered":"https:\/\/gazetaregionalna.com\/?p=91105"},"modified":"2022-09-05T03:15:40","modified_gmt":"2022-09-05T03:15:40","slug":"24-letni-czestochowianin-skazany-za-posiadanie-narkotykow","status":"publish","type":"post","link":"https:\/\/gazetaregionalna.com\/?p=91105","title":{"rendered":"24-letni cz\u0119stochowianin skazany za posiadanie 3 tys. dzia\u0142ek narkotyk\u00f3w"},"content":{"rendered":"\n<p><strong>Policjanci wytropili 24-letniego cz\u0119stochowianina, poszukiwanego listem go\u0144czym. W mieszkaniu, gdzie si\u0119 ukrywa\u0142, str\u00f3\u017ce prawa znale\u017ali znaczn\u0105 ilo\u015b\u0107 narkotyk\u00f3w. Prawie 3 tysi\u0105ce dzia\u0142ek dilerskich marihuany, amfetaminy i metamfetaminy nie trafi na rynek.<\/strong><\/p>\n\n\n\n<p>1 wrze\u015bnia policjanci z sz\u00f3stego komisariatu wpadli na trop ukrywaj\u0105cego si\u0119 m\u0119\u017cczyzny, poszukiwanego listem go\u0144czym. Na miejsce, gdzie przebywa\u0142, przyjechali wraz z kryminalnymi z komendy miejskiej.<\/p>\n\n\n\n<p>24-latek, widz\u0105c za drzwiami policjant\u00f3w, chcia\u0142 pozby\u0107 si\u0119 narkotyk\u00f3w i zacz\u0105\u0142 wyrzuca\u0107 je przez okno. Policjanci dostali si\u0119 do mieszkania i zatrzymali m\u0119\u017cczyzn\u0119 oraz zabezpieczyli narkotyki o czarnorynkowej warto\u015bci blisko 50 tysi\u0119cy z\u0142otych.<\/p>\n\n\n\n<p>Zabezpieczyli r\u00f3wnie\u017c got\u00f3wk\u0119 w kwocie 7 tysi\u0119cy z\u0142otych, kt\u00f3re przest\u0119pca zd\u0105\u017cy\u0142 zarobi\u0107 na handlu narkotykami. Poszukiwany recydywista na 1,5 roku trafi\u0142 do wi\u0119zienia. Teraz, za posiadanie i handel narkotykami, grozi mu kolejne\u00a010 lat odsiadki.<\/p>\n\n\n\n<p>LN\/KMP Cz\u0119stochowa<\/p>\n","protected":false},"excerpt":{"rendered":"<p>Policjanci wytropili 24-letniego cz\u0119stochowianina, poszukiwanego listem go\u0144czym. W mieszkaniu, gdzie si\u0119 ukrywa\u0142, str\u00f3\u017ce prawa znale\u017ali znaczn\u0105 ilo\u015b\u0107 narkotyk\u00f3w. Prawie 3 tysi\u0105ce dzia\u0142ek dilerskich marihuany,<\/p>\n","protected":false},"author":26,"featured_media":91106,"comment_status":"closed","ping_status":"open","sticky":false,"template":"","format":"standard","meta":{"_monsterinsights_skip_tracking":false,"_monsterinsights_sitenote_active":false,"_monsterinsights_sitenote_note":"","_monsterinsights_sitenote_category":0,"_uf_show_specific_survey":0,"_uf_disable_surveys":false,"footnotes":""},"categories":[44,3,2],"tags":[4466,1126,5550,4555,178,6054,734,2423],"class_list":["post-91105","post","type-post","status-publish","format-standard","has-post-thumbnail","hentry","category-bezpieczenstwo","category-czestochowa-informacje","category-wiadomosci","tag-czestochowscy-kryminalni","tag-diler-narkotykowy","tag-komisariat-vi-policji","tag-list-gonczy","tag-narkotyki","tag-nielegalny-handel","tag-policjanci","tag-poszukiwany"],"_links":{"self":[{"href":"https:\/\/gazetaregionalna.com\/index.php?rest_route=\/wp\/v2\/posts\/91105","targetHints":{"allow":["GET"]}}],"collection":[{"href":"https:\/\/gazetaregionalna.com\/index.php?rest_route=\/wp\/v2\/posts"}],"about":[{"href":"https:\/\/gazetaregionalna.com\/index.php?rest_route=\/wp\/v2\/types\/post"}],"author":[{"embeddable":true,"href":"https:\/\/gazetaregionalna.com\/index.php?rest_route=\/wp\/v2\/users\/26"}],"replies":[{"embeddable":true,"href":"https:\/\/gazetaregionalna.com\/index.php?rest_route=%2Fwp%2Fv2%2Fcomments&post=91105"}],"version-history":[{"count":1,"href":"https:\/\/gazetaregionalna.com\/index.php?rest_route=\/wp\/v2\/posts\/91105\/revisions"}],"predecessor-version":[{"id":91107,"href":"https:\/\/gazetaregionalna.com\/index.php?rest_route=\/wp\/v2\/posts\/91105\/revisions\/91107"}],"wp:featuredmedia":[{"embeddable":true,"href":"https:\/\/gazetaregionalna.com\/index.php?rest_route=\/wp\/v2\/media\/91106"}],"wp:attachment":[{"href":"https:\/\/gazetaregionalna.com\/index.php?rest_route=%2Fwp%2Fv2%2Fmedia&parent=91105"}],"wp:term":[{"taxonomy":"category","embeddable":true,"href":"https:\/\/gazetaregionalna.com\/index.php?rest_route=%2Fwp%2Fv2%2Fcategories&post=91105"},{"taxonomy":"post_tag","embeddable":true,"href":"https:\/\/gazetaregionalna.com\/index.php?rest_route=%2Fwp%2Fv2%2Ftags&post=91105"}],"curies":[{"name":"wp","href":"https:\/\/api.w.org\/{rel}","templated":true}]}}