{"id":90925,"date":"2022-09-01T18:59:39","date_gmt":"2022-09-01T18:59:39","guid":{"rendered":"https:\/\/gazetaregionalna.com\/?p=90925"},"modified":"2022-09-01T19:05:49","modified_gmt":"2022-09-01T19:05:49","slug":"skra-ponownie-wypozyczyla-z-rakowa-oskara-krzyzaka-ma-byc-wzmocnieniem","status":"publish","type":"post","link":"https:\/\/gazetaregionalna.com\/?p=90925","title":{"rendered":"Skra ponownie wypo\u017cyczy\u0142a z Rakowa Oskara Krzy\u017caka. Ma by\u0107 wzmocnieniem"},"content":{"rendered":"\n<p>Kadra 1-ligowej Skry Cz\u0119stochowa wzbogaci\u0142a si\u0119 o m\u0142odego, ale dobrego defensora. Do Skry trafi\u0142 ponownie 20-letni Oskar Krzy\u017cak, kt\u00f3ry zosta\u0142 wypo\u017cyczony z Rakowa Cz\u0119stochowa.<\/p>\n\n\n\n<p>Krzy\u017cak jest wychowankiem Akademii Rak\u00f3w. Gra\u0142 te\u017c na wypo\u017cyczeniu w 2-ligowej Bytovii Byt\u00f3w oraz w cz\u0119stochowskiej Skrze, gdzie da\u0142 si\u0119 pozna\u0107 jako m\u0142ody, ale rokuj\u0105cy na dobr\u0105 gr\u0119 zawodnik. Krzy\u017cak ze Skry wr\u00f3ci\u0142 do Rakowa. Ma za sob\u0105 debiut w PKO BP Ekstraklasie. W obecnym sezonie nie mia\u0142 za du\u017co mo\u017cliwo\u015bci gra\u0107 w pierwszej dru\u017cynie Rakowa. Na koniec okienka transferowego przeszed\u0142 do miejscowej Skry, gdzie ma by\u0107 wa\u017cnym ogniwem w dru\u017cynie.<\/p>\n\n\n\n<p>&#8211; Ciesz\u0119 si\u0119. Znam dru\u017cyn\u0119 i wiem, czego mog\u0119 si\u0119 spodziewa\u0107. Jestem bardzo pozytywnie nastawiony na nadchodz\u0105ce mecze i b\u0119d\u0119 czerpa\u0142 z tego dla siebie jak najwi\u0119cej. Chc\u0119 pom\u00f3c zespo\u0142owi \u2013 m\u00f3wi na oficjalnej stronie Skry Oskar Krzy\u017cak.<\/p>\n\n\n\n<p>AK, fot: materia\u0142y prasowe Skry<\/p>\n\n\n\n<figure class=\"wp-block-image size-large\"><img decoding=\"async\" width=\"1024\" height=\"803\" data-src=\"https:\/\/gazetaregionalna.com\/wp-content\/uploads\/2022\/09\/Oskar-Krzyzak-fot-Skra-Czestochowa.jpg\" alt=\"\" class=\"wp-image-90926 lazyload\" data-srcset=\"https:\/\/gazetaregionalna.com\/wp-content\/uploads\/2022\/09\/Oskar-Krzyzak-fot-Skra-Czestochowa.jpg 1024w, https:\/\/gazetaregionalna.com\/wp-content\/uploads\/2022\/09\/Oskar-Krzyzak-fot-Skra-Czestochowa-300x235.jpg 300w, https:\/\/gazetaregionalna.com\/wp-content\/uploads\/2022\/09\/Oskar-Krzyzak-fot-Skra-Czestochowa-768x602.jpg 768w, https:\/\/gazetaregionalna.com\/wp-content\/uploads\/2022\/09\/Oskar-Krzyzak-fot-Skra-Czestochowa-696x546.jpg 696w, https:\/\/gazetaregionalna.com\/wp-content\/uploads\/2022\/09\/Oskar-Krzyzak-fot-Skra-Czestochowa-536x420.jpg 536w\" data-sizes=\"(max-width: 1024px) 100vw, 1024px\" src=\"data:image\/svg+xml;base64,PHN2ZyB3aWR0aD0iMSIgaGVpZ2h0PSIxIiB4bWxucz0iaHR0cDovL3d3dy53My5vcmcvMjAwMC9zdmciPjwvc3ZnPg==\" style=\"--smush-placeholder-width: 1024px; --smush-placeholder-aspect-ratio: 1024\/803;\" \/><\/figure>\n\n\n\n<figure class=\"wp-block-image size-large\"><img decoding=\"async\" width=\"300\" height=\"250\" data-src=\"https:\/\/gazetaregionalna.com\/wp-content\/uploads\/2022\/04\/DMK-3.jpg\" alt=\"\" class=\"wp-image-77211 lazyload\" src=\"data:image\/svg+xml;base64,PHN2ZyB3aWR0aD0iMSIgaGVpZ2h0PSIxIiB4bWxucz0iaHR0cDovL3d3dy53My5vcmcvMjAwMC9zdmciPjwvc3ZnPg==\" style=\"--smush-placeholder-width: 300px; --smush-placeholder-aspect-ratio: 300\/250;\"><\/figure>\n\n\n\n<figure class=\"wp-block-image size-large\"><img decoding=\"async\" width=\"300\" height=\"250\" data-src=\"https:\/\/gazetaregionalna.com\/wp-content\/uploads\/2022\/04\/DMK-9.jpg\" alt=\"\" class=\"wp-image-77216 lazyload\" src=\"data:image\/svg+xml;base64,PHN2ZyB3aWR0aD0iMSIgaGVpZ2h0PSIxIiB4bWxucz0iaHR0cDovL3d3dy53My5vcmcvMjAwMC9zdmciPjwvc3ZnPg==\" style=\"--smush-placeholder-width: 300px; --smush-placeholder-aspect-ratio: 300\/250;\"><\/figure>\n","protected":false},"excerpt":{"rendered":"<p>Kadra 1-ligowej Skry Cz\u0119stochowa wzbogaci\u0142a si\u0119 o m\u0142odego, ale dobrego defensora. Do Skry trafi\u0142 ponownie 20-letni Oskar Krzy\u017cak, kt\u00f3ry zosta\u0142 wypo\u017cyczony z Rakowa Cz\u0119stochowa.<\/p>\n","protected":false},"author":15,"featured_media":90926,"comment_status":"closed","ping_status":"open","sticky":false,"template":"","format":"standard","meta":{"_monsterinsights_skip_tracking":false,"_monsterinsights_sitenote_active":false,"_monsterinsights_sitenote_note":"","_monsterinsights_sitenote_category":0,"_uf_show_specific_survey":0,"_uf_disable_surveys":false,"footnotes":""},"categories":[5,6],"tags":[],"class_list":["post-90925","post","type-post","status-publish","format-standard","has-post-thumbnail","hentry","category-sport","category-pilka-nozna"],"_links":{"self":[{"href":"https:\/\/gazetaregionalna.com\/index.php?rest_route=\/wp\/v2\/posts\/90925","targetHints":{"allow":["GET"]}}],"collection":[{"href":"https:\/\/gazetaregionalna.com\/index.php?rest_route=\/wp\/v2\/posts"}],"about":[{"href":"https:\/\/gazetaregionalna.com\/index.php?rest_route=\/wp\/v2\/types\/post"}],"author":[{"embeddable":true,"href":"https:\/\/gazetaregionalna.com\/index.php?rest_route=\/wp\/v2\/users\/15"}],"replies":[{"embeddable":true,"href":"https:\/\/gazetaregionalna.com\/index.php?rest_route=%2Fwp%2Fv2%2Fcomments&post=90925"}],"version-history":[{"count":1,"href":"https:\/\/gazetaregionalna.com\/index.php?rest_route=\/wp\/v2\/posts\/90925\/revisions"}],"predecessor-version":[{"id":90927,"href":"https:\/\/gazetaregionalna.com\/index.php?rest_route=\/wp\/v2\/posts\/90925\/revisions\/90927"}],"wp:featuredmedia":[{"embeddable":true,"href":"https:\/\/gazetaregionalna.com\/index.php?rest_route=\/wp\/v2\/media\/90926"}],"wp:attachment":[{"href":"https:\/\/gazetaregionalna.com\/index.php?rest_route=%2Fwp%2Fv2%2Fmedia&parent=90925"}],"wp:term":[{"taxonomy":"category","embeddable":true,"href":"https:\/\/gazetaregionalna.com\/index.php?rest_route=%2Fwp%2Fv2%2Fcategories&post=90925"},{"taxonomy":"post_tag","embeddable":true,"href":"https:\/\/gazetaregionalna.com\/index.php?rest_route=%2Fwp%2Fv2%2Ftags&post=90925"}],"curies":[{"name":"wp","href":"https:\/\/api.w.org\/{rel}","templated":true}]}}