{"id":90798,"date":"2022-09-01T07:18:09","date_gmt":"2022-09-01T07:18:09","guid":{"rendered":"https:\/\/gazetaregionalna.com\/?p=90798"},"modified":"2022-09-01T07:18:11","modified_gmt":"2022-09-01T07:18:11","slug":"podrecznik-historia-i-terazniejszosc-bez-poparcia-zzmp","status":"publish","type":"post","link":"https:\/\/gazetaregionalna.com\/?p=90798","title":{"rendered":"Podr\u0119cznik ,,Historia i Tera\u017aniejszo\u015b\u0107&#8221; bez poparcia Zarz\u0105du Zwi\u0105zku Miast Polskich"},"content":{"rendered":"\n<p><strong>Zarz\u0105d <a href=\"https:\/\/www.miasta.pl\/\" target=\"_blank\" rel=\"noopener\">Zwi\u0105zku Miast Polskich<\/a> <strong>podziela tre\u015b\u0107 apelu Komisji Praw Cz\u0142owieka i R\u00f3wnego Traktowania o niekorzystanie z podr\u0119cznika &#8221;Historia i Tera\u017aniejszo\u015b\u0107\u201d<\/strong><\/strong>. <strong>Uwa\u017ca bowiem, \u017ce podr\u0119czniki szkolne powinny przekazywa\u0107 obiektywn\u0105 wiedz\u0119, a nie subiektywne pogl\u0105dy autora.<\/strong><br><br>Adresatami apelu s\u0105 samorz\u0105dy miast, dyrektorzy szk\u00f3\u0142, nauczyciele oraz rodzice. Dotyczy podr\u0119cznika do nauki przedmiotu &#8221;Historia i Tera\u017aniejszo\u015b\u0107\u201d autorstwa prof. Wojciecha Roszkowskiego.<\/p>\n\n\n\n<p>Podpisy pod apelem z\u0142o\u017cyli cz\u0142onkowie Komisji Praw Cz\u0142owieka i R\u00f3wnego Traktowania Zwi\u0105zku Miast Polskich, a w\u015br\u00f3d nich tak\u017ce Agata Wierny \u2013 pe\u0142nomocniczka prezydenta Cz\u0119stochowy ds. r\u00f3wnego traktowania.<\/p>\n\n\n\n<p>Nadawcy apelu oceniaj\u0105: &#8222;podr\u0119cznik ten jest nienaukowy, propagandowy, wykluczaj\u0105cy, szerzy niech\u0119\u0107 wobec okre\u015blonych grup spo\u0142ecznych, a nadto jest pe\u0142en b\u0142\u0119d\u00f3w merytorycznych, logicznych, leksykalnych i sk\u0142adniowych, a tak\u017ce uproszcze\u0144 i p\u00f3\u0142prawd.&#8221;<\/p>\n\n\n\n<p>Przyk\u0142adami s\u0105 fragmenty dotycz\u0105ce zap\u0142odnienia metod\u0105 in-vitro, ruchu Black Lives Matter czy rozumienia nacjonalizmu, kt\u00f3ry &#8211; zdaniem autora podr\u0119cznika &#8211; Polacy powinni postrzega\u0107 jako &#8221;bliski patriotyzmowi, a czasem z nim to\u017csamy\u201d.<\/p>\n\n\n\n<p>&#8222;Ponadto, ksi\u0105\u017cka sugeruje, \u017ce rodziny jednop\u0142ciowe, tworzone przez osoby o orientacji innej ni\u017c heteronormatywna, s\u0105 nienormalne w znaczeniu patologicznym, co jest sprzeczne z aktualn\u0105 wiedz\u0105 naukow\u0105. Autor tym samym wyg\u0142asza swoje pogl\u0105dy, a nie przekazuje wiedzy. S\u0105 to pogl\u0105dy radykalne, ksenofobiczne i wykluczaj\u0105ce. Nie zgadzamy si\u0119, aby taki przekaz by\u0142 oficjalnym przekazem pa\u0144stwa polskiego w ramach systemu edukacji publicznej!&#8221;- pisz\u0105 sygnatariusze apelu.<\/p>\n\n\n\n<p>Ich zdaniem &#8222;szko\u0142a ma przekazywa\u0107 wiedz\u0119, rozwija\u0107 talenty, pokazywa\u0107 wzorce, uczy\u0107 te\u017c szacunku do drugiego cz\u0142owieka. Podr\u0119cznik, kt\u00f3ry jest pe\u0142en tre\u015bci nieprawdziwych, szkaluj\u0105cych grupy ludzi, ma walor g\u0142\u00f3wnie propagandowy i indoktrynuj\u0105cy, a nie naukowy. Nie powinien nigdy znale\u017a\u0107 si\u0119 w r\u0119kach uczni\u00f3w i nauczycieli.&#8221;<\/p>\n\n\n\n<p>Jak podkre\u015bla Komisja Praw Cz\u0142owieka i R\u00f3wnego Traktowania Zwi\u0105zku Miast Polskich &#8222;pomimo faktu, \u017ce podr\u0119cznik autorstwa W. Roszkowskiego jest jako jedyny dopuszczony przez MEN, nauczyciele przedmiotu Historia i Tera\u017aniejszo\u015b\u0107 mog\u0105 realizowa\u0107 podstaw\u0119 programow\u0105 w oparciu o materia\u0142y w\u0142asne&#8221;.<\/p>\n\n\n\n<p>LN\/UM Cz\u0119stochowy<\/p>\n","protected":false},"excerpt":{"rendered":"<p>Zarz\u0105d Zwi\u0105zku Miast Polskich podziela tre\u015b\u0107 apelu Komisji Praw Cz\u0142owieka i R\u00f3wnego Traktowania o niekorzystanie z podr\u0119cznika &#8221;Historia i Tera\u017aniejszo\u015b\u0107\u201d. Uwa\u017ca bowiem, \u017ce podr\u0119czniki<\/p>\n","protected":false},"author":26,"featured_media":90799,"comment_status":"closed","ping_status":"open","sticky":false,"template":"","format":"standard","meta":{"_monsterinsights_skip_tracking":false,"_monsterinsights_sitenote_active":false,"_monsterinsights_sitenote_note":"","_monsterinsights_sitenote_category":0,"_uf_show_specific_survey":0,"_uf_disable_surveys":false,"footnotes":""},"categories":[41,94,2],"tags":[3921,549,6019,6023,6020,6022,6021],"class_list":["post-90798","post","type-post","status-publish","format-standard","has-post-thumbnail","hentry","category-edukacja","category-polecane","category-wiadomosci","tag-agata-wierny","tag-apel","tag-historia-i-terazniejszosc","tag-komisja-praw-czlowieka-i-rownego-traktowania","tag-podrecznik","tag-wojciech-roszkowski","tag-zarzad-zwiazku-miast-polskich"],"_links":{"self":[{"href":"https:\/\/gazetaregionalna.com\/index.php?rest_route=\/wp\/v2\/posts\/90798","targetHints":{"allow":["GET"]}}],"collection":[{"href":"https:\/\/gazetaregionalna.com\/index.php?rest_route=\/wp\/v2\/posts"}],"about":[{"href":"https:\/\/gazetaregionalna.com\/index.php?rest_route=\/wp\/v2\/types\/post"}],"author":[{"embeddable":true,"href":"https:\/\/gazetaregionalna.com\/index.php?rest_route=\/wp\/v2\/users\/26"}],"replies":[{"embeddable":true,"href":"https:\/\/gazetaregionalna.com\/index.php?rest_route=%2Fwp%2Fv2%2Fcomments&post=90798"}],"version-history":[{"count":1,"href":"https:\/\/gazetaregionalna.com\/index.php?rest_route=\/wp\/v2\/posts\/90798\/revisions"}],"predecessor-version":[{"id":90800,"href":"https:\/\/gazetaregionalna.com\/index.php?rest_route=\/wp\/v2\/posts\/90798\/revisions\/90800"}],"wp:featuredmedia":[{"embeddable":true,"href":"https:\/\/gazetaregionalna.com\/index.php?rest_route=\/wp\/v2\/media\/90799"}],"wp:attachment":[{"href":"https:\/\/gazetaregionalna.com\/index.php?rest_route=%2Fwp%2Fv2%2Fmedia&parent=90798"}],"wp:term":[{"taxonomy":"category","embeddable":true,"href":"https:\/\/gazetaregionalna.com\/index.php?rest_route=%2Fwp%2Fv2%2Fcategories&post=90798"},{"taxonomy":"post_tag","embeddable":true,"href":"https:\/\/gazetaregionalna.com\/index.php?rest_route=%2Fwp%2Fv2%2Ftags&post=90798"}],"curies":[{"name":"wp","href":"https:\/\/api.w.org\/{rel}","templated":true}]}}