{"id":90332,"date":"2022-08-29T12:39:07","date_gmt":"2022-08-29T12:39:07","guid":{"rendered":"https:\/\/gazetaregionalna.com\/?p=90332"},"modified":"2022-08-29T12:39:14","modified_gmt":"2022-08-29T12:39:14","slug":"klobuck-nauczyciele-z-awansami-zawodowymi-we-wreczycy-wielkiej","status":"publish","type":"post","link":"https:\/\/gazetaregionalna.com\/?p=90332","title":{"rendered":"K\u0142obuck &#8211; Nauczyciele z awansami zawodowymi we Wr\u0119czycy Wielkiej"},"content":{"rendered":"\n<h2 class=\"wp-block-heading\">Dzi\u015b w Przedszkolu z oddzia\u0142em integracyjnym im. Ma\u0142ego Ksi\u0119cia we Wr\u0119czycy Wielkiej, w czasie narady Dyrektor\u00f3w plac\u00f3wek o\u015bwiatowych, W\u00f3jt Gminy Tomasz Osi\u0144ski wr\u0119czy\u0142 akty nadania stopnia nauczyciela mianowanego.<\/h2>\n\n\n\n<p>W\u00f3jt Gminy Tomasz Osi\u0144ski a tak\u017ce Dyrektor Zespo\u0142u Obs\u0142ugi Plac\u00f3wek O\u015bwiatowych Mateusz W\u0105si\u0144ski pogratulowali przygotowania do egzaminu i podzi\u0119kowali za wytrwa\u0142o\u015b\u0107 nauczycielom. <strong>W\u00f3jt wr\u0119czy\u0142 akty nadania stopnia awansu zawodowego nauczyciela mianowanego<\/strong>, podzi\u0119kowa\u0142 za po\u015bwi\u0119cenie oraz wk\u0142ad w rozw\u00f3j m\u0142odego pokolenia i \u017cyczy\u0142 dalszych sukces\u00f3w a tak\u017ce kolejnego awansu zawodowego.<\/p>\n\n\n\n<p><strong>Nauczyciele, kt\u00f3rzy uzyskali stopie\u0144 awansu zawodowego nauczyciela mianowanego: <\/strong>Paulina Hobot (ZSP Kalej), Katarzyna Kapu\u015bcik (Przedszkole Truskolasy), Natalia \u0141uszcz (Przedszkole Wr\u0119czyca Wielka), Olga Majchrzak (Przedszkole Truskolasy), Wioletta Marczak (SP W\u0119glowice), Olga Rudnik (SP Kuleje), Paulina Tomzi\u0144ska (Przedszkole Wr\u0119czyca Wielka).<\/p>\n\n\n\n<p><strong>K KIK <\/strong><\/p>\n","protected":false},"excerpt":{"rendered":"<p>Dzi\u015b w Przedszkolu z oddzia\u0142em integracyjnym im. Ma\u0142ego Ksi\u0119cia we Wr\u0119czycy Wielkiej, w czasie narady Dyrektor\u00f3w plac\u00f3wek o\u015bwiatowych, W\u00f3jt Gminy Tomasz Osi\u0144ski wr\u0119czy\u0142 akty<\/p>\n","protected":false},"author":21,"featured_media":90333,"comment_status":"closed","ping_status":"open","sticky":false,"template":"","format":"standard","meta":{"_monsterinsights_skip_tracking":false,"_monsterinsights_sitenote_active":false,"_monsterinsights_sitenote_note":"","_monsterinsights_sitenote_category":0,"_uf_show_specific_survey":0,"_uf_disable_surveys":false,"footnotes":""},"categories":[2,27,4],"tags":[5607,280,2784,3138,848],"class_list":["post-90332","post","type-post","status-publish","format-standard","has-post-thumbnail","hentry","category-wiadomosci","category-klobuck-informacje","category-region","tag-awanse","tag-klobuck","tag-nauczyciele","tag-przedszkole","tag-wreczyca-wielka"],"_links":{"self":[{"href":"https:\/\/gazetaregionalna.com\/index.php?rest_route=\/wp\/v2\/posts\/90332","targetHints":{"allow":["GET"]}}],"collection":[{"href":"https:\/\/gazetaregionalna.com\/index.php?rest_route=\/wp\/v2\/posts"}],"about":[{"href":"https:\/\/gazetaregionalna.com\/index.php?rest_route=\/wp\/v2\/types\/post"}],"author":[{"embeddable":true,"href":"https:\/\/gazetaregionalna.com\/index.php?rest_route=\/wp\/v2\/users\/21"}],"replies":[{"embeddable":true,"href":"https:\/\/gazetaregionalna.com\/index.php?rest_route=%2Fwp%2Fv2%2Fcomments&post=90332"}],"version-history":[{"count":1,"href":"https:\/\/gazetaregionalna.com\/index.php?rest_route=\/wp\/v2\/posts\/90332\/revisions"}],"predecessor-version":[{"id":90334,"href":"https:\/\/gazetaregionalna.com\/index.php?rest_route=\/wp\/v2\/posts\/90332\/revisions\/90334"}],"wp:featuredmedia":[{"embeddable":true,"href":"https:\/\/gazetaregionalna.com\/index.php?rest_route=\/wp\/v2\/media\/90333"}],"wp:attachment":[{"href":"https:\/\/gazetaregionalna.com\/index.php?rest_route=%2Fwp%2Fv2%2Fmedia&parent=90332"}],"wp:term":[{"taxonomy":"category","embeddable":true,"href":"https:\/\/gazetaregionalna.com\/index.php?rest_route=%2Fwp%2Fv2%2Fcategories&post=90332"},{"taxonomy":"post_tag","embeddable":true,"href":"https:\/\/gazetaregionalna.com\/index.php?rest_route=%2Fwp%2Fv2%2Ftags&post=90332"}],"curies":[{"name":"wp","href":"https:\/\/api.w.org\/{rel}","templated":true}]}}