{"id":90242,"date":"2022-08-28T15:45:11","date_gmt":"2022-08-28T15:45:11","guid":{"rendered":"https:\/\/gazetaregionalna.com\/?p=90242"},"modified":"2022-08-28T15:45:11","modified_gmt":"2022-08-28T15:45:11","slug":"pilkarze-skry-podzielili-sie-punktami-z-sandecja","status":"publish","type":"post","link":"https:\/\/gazetaregionalna.com\/2022\/08\/28\/pilkarze-skry-podzielili-sie-punktami-z-sandecja\/","title":{"rendered":"Pi\u0142karze Skry podzielili si\u0119 punktami z Sandecj\u0105"},"content":{"rendered":"\n<p>W 8. kolejce Fortuna 1 Ligi pi\u0142karze Skry Cz\u0119stochowa bezbramkowo zremisowali z Sandecj\u0105 Nowy S\u0105cz.<\/p>\n\n\n\n<p>Pi\u0142karze Skry w niedziel\u0119 szykowali si\u0119 na zwyci\u0119stwo z Sandecj\u0105, kt\u00f3ra do meczu w Be\u0142chatowie mai\u0142a na koncie 5 remis\u00f3w i 2 pora\u017cki. Ale jak wida\u0107 rywale Skry lubi\u0105 remisowa\u0107. W niedziel\u0119 w Be\u0142chatowie Sandecja nie strzeli\u0142a bramki, ale te\u017c nie straci\u0142a i odnotowa\u0142a sw\u00f3j 6 remis w sezonie.<\/p>\n\n\n\n<p>Pi\u0142karze Skry stoczyli z rywalami zaci\u0119t\u0105 walk\u0119. Sami te\u017c dobrze bronili, ale tak jak go\u015bcie nie potrafili skutecznie umie\u015bci\u0107 pi\u0142ki w bramce rywali. Mecz ostatecznie zako\u0144czy\u0142 si\u0119 remisem i podzia\u0142em punkt\u00f3w.<\/p>\n\n\n\n<p>Skra z 11 punktami zajmuje 11. miejsce. Sandecja z 6 punktami jest na 17. pozycji.<\/p>\n\n\n\n<p><strong>AK<\/strong>, fot: <strong>Natanael Brewczy\u0144ski<\/strong> (Skra Cz\u0119stochowa)<\/p>\n\n\n\n<p><strong>Skra Cz\u0119stochowa \u2013 Sandecja Nowy S\u0105cz 0:0<\/strong><\/p>\n\n\n\n<p><strong>Skra: <\/strong>Bursztyn &#8211; Szyma\u0144ski, Mesjasz, Sadowski, Brusi\u0142o, Baranowicz, Olejnik, Winiarczyk, \u0141ukasiak (67. Pyrdo\u0142), Hilbrycht (76. Sajdak), Koz\u0142owski (67. Sangowski).<\/p>\n\n\n\n<figure class=\"wp-block-image size-large\"><img decoding=\"async\" width=\"1024\" height=\"683\" data-src=\"https:\/\/gazetaregionalna.com\/wp-content\/uploads\/2022\/08\/Skra-Sandecja-fot-Natanael-Brewczynski.jpg\" alt=\"\" class=\"wp-image-90243 lazyload\" data-srcset=\"https:\/\/gazetaregionalna.com\/wp-content\/uploads\/2022\/08\/Skra-Sandecja-fot-Natanael-Brewczynski.jpg 1024w, https:\/\/gazetaregionalna.com\/wp-content\/uploads\/2022\/08\/Skra-Sandecja-fot-Natanael-Brewczynski-300x200.jpg 300w, https:\/\/gazetaregionalna.com\/wp-content\/uploads\/2022\/08\/Skra-Sandecja-fot-Natanael-Brewczynski-768x512.jpg 768w, https:\/\/gazetaregionalna.com\/wp-content\/uploads\/2022\/08\/Skra-Sandecja-fot-Natanael-Brewczynski-696x464.jpg 696w, https:\/\/gazetaregionalna.com\/wp-content\/uploads\/2022\/08\/Skra-Sandecja-fot-Natanael-Brewczynski-630x420.jpg 630w\" data-sizes=\"(max-width: 1024px) 100vw, 1024px\" src=\"data:image\/svg+xml;base64,PHN2ZyB3aWR0aD0iMSIgaGVpZ2h0PSIxIiB4bWxucz0iaHR0cDovL3d3dy53My5vcmcvMjAwMC9zdmciPjwvc3ZnPg==\" style=\"--smush-placeholder-width: 1024px; --smush-placeholder-aspect-ratio: 1024\/683;\" \/><\/figure>\n\n\n\n<figure class=\"wp-block-image size-large\"><img decoding=\"async\" width=\"300\" height=\"250\" data-src=\"https:\/\/gazetaregionalna.com\/wp-content\/uploads\/2022\/04\/DMK-10.jpg\" alt=\"\" class=\"wp-image-77218 lazyload\" src=\"data:image\/svg+xml;base64,PHN2ZyB3aWR0aD0iMSIgaGVpZ2h0PSIxIiB4bWxucz0iaHR0cDovL3d3dy53My5vcmcvMjAwMC9zdmciPjwvc3ZnPg==\" style=\"--smush-placeholder-width: 300px; --smush-placeholder-aspect-ratio: 300\/250;\"><\/figure>\n","protected":false},"excerpt":{"rendered":"<p>W 8. kolejce Fortuna 1 Ligi pi\u0142karze Skry Cz\u0119stochowa bezbramkowo zremisowali z Sandecj\u0105 Nowy S\u0105cz. Pi\u0142karze Skry w niedziel\u0119 szykowali si\u0119 na zwyci\u0119stwo z<\/p>\n","protected":false},"author":15,"featured_media":90243,"comment_status":"closed","ping_status":"open","sticky":false,"template":"","format":"standard","meta":{"_monsterinsights_skip_tracking":false,"_monsterinsights_sitenote_active":false,"_monsterinsights_sitenote_note":"","_monsterinsights_sitenote_category":0,"_uf_show_specific_survey":0,"_uf_disable_surveys":false,"footnotes":""},"categories":[5,6],"tags":[],"class_list":["post-90242","post","type-post","status-publish","format-standard","has-post-thumbnail","hentry","category-sport","category-pilka-nozna"],"_links":{"self":[{"href":"https:\/\/gazetaregionalna.com\/wp-json\/wp\/v2\/posts\/90242","targetHints":{"allow":["GET"]}}],"collection":[{"href":"https:\/\/gazetaregionalna.com\/wp-json\/wp\/v2\/posts"}],"about":[{"href":"https:\/\/gazetaregionalna.com\/wp-json\/wp\/v2\/types\/post"}],"author":[{"embeddable":true,"href":"https:\/\/gazetaregionalna.com\/wp-json\/wp\/v2\/users\/15"}],"replies":[{"embeddable":true,"href":"https:\/\/gazetaregionalna.com\/wp-json\/wp\/v2\/comments?post=90242"}],"version-history":[{"count":1,"href":"https:\/\/gazetaregionalna.com\/wp-json\/wp\/v2\/posts\/90242\/revisions"}],"predecessor-version":[{"id":90244,"href":"https:\/\/gazetaregionalna.com\/wp-json\/wp\/v2\/posts\/90242\/revisions\/90244"}],"wp:featuredmedia":[{"embeddable":true,"href":"https:\/\/gazetaregionalna.com\/wp-json\/wp\/v2\/media\/90243"}],"wp:attachment":[{"href":"https:\/\/gazetaregionalna.com\/wp-json\/wp\/v2\/media?parent=90242"}],"wp:term":[{"taxonomy":"category","embeddable":true,"href":"https:\/\/gazetaregionalna.com\/wp-json\/wp\/v2\/categories?post=90242"},{"taxonomy":"post_tag","embeddable":true,"href":"https:\/\/gazetaregionalna.com\/wp-json\/wp\/v2\/tags?post=90242"}],"curies":[{"name":"wp","href":"https:\/\/api.w.org\/{rel}","templated":true}]}}