{"id":90235,"date":"2022-08-28T09:54:53","date_gmt":"2022-08-28T09:54:53","guid":{"rendered":"https:\/\/gazetaregionalna.com\/?p=90235"},"modified":"2022-08-28T09:54:54","modified_gmt":"2022-08-28T09:54:54","slug":"bewley-wygral-sgp-we-wroclawiu-madsen-byl-drugi-a-dzis-zmierza-sie-w-czestochowie-w-meczu-wlokniarza-i-sparty","status":"publish","type":"post","link":"https:\/\/gazetaregionalna.com\/?p=90235","title":{"rendered":"Bewley wygra\u0142 SGP we Wroc\u0142awiu, Madsen by\u0142 drugi, a dzi\u015b zmierz\u0105 si\u0119 w Cz\u0119stochowie w meczu W\u0142\u00f3kniarza i Sparty"},"content":{"rendered":"\n<p>W sobot\u0119 na torze we Wroc\u0142awiu odby\u0142a si\u0119 7. runda SGP. Z bardzo dobrej strony spisali si\u0119 zawodnicy z Wroc\u0142awia i Cz\u0119stochowy, a w niedziele zielona-energia.com W\u0142\u00f3kniarz podejmuje Betard Spart\u0119&#8230;<\/p>\n\n\n\n<p>W SPG we Wroc\u0142awiu wygra\u0142 reprezentant gospodarzy Daniel Bewley, kt\u00f3ry w finale pokona\u0142 Lelona Madsena, Roberta Lamberta i Macieja Janowskiego ze Sparty Wroc\u0142aw. 9. miejsce w turnieju zaj\u0105\u0142 Fredrik Lindgren. Madsena, Lindgrena, Bewleya i Janowskiego b\u0119dzie mo\u017cna zobaczy\u0107 w niedziel\u0119 w Cz\u0119stochowie. O godz. 19:15 rozpocznie si\u0119 rewan\u017cowe spotkanie \u0107wier\u0107fina\u0142u play-off mi\u0119dzy zielona-energia.com W\u0142\u00f3kniarz i Betard Spart\u0105.<\/p>\n\n\n\n<p>W pierwszym meczu we Wroc\u0142awiu wygra\u0142 W\u0142\u00f3kniarz 46:44. Dzi\u015b te\u017c zapowiadaj\u0105 si\u0119 du\u017ce emocje!<\/p>\n\n\n\n<p>Dzia\u0142acze cz\u0119stochowskiego klubu prezentuj\u0105 te\u017c gar\u015b\u0107 wiadomo\u015bci organizacyjnych:<\/p>\n\n\n\n<p>u\u017c w niedziel\u0119 (28 sierpnia) na Arenie zielona-energia.com ob\u0119dzie si\u0119 rewan\u017cowe spotkanie w ramach \u0107wier\u0107fina\u0142\u00f3w PGE Ekstraligi, w kt\u00f3rym zielona-energia.com W\u0142\u00f3kniarz Cz\u0119stochowa zmierzy si\u0119 z Betard Spart\u0105 Wroc\u0142aw. Pocz\u0105tek zawod\u00f3w zaplanowano punktualnie na godzin\u0119 19:15 (start do pierwszego wy\u015bcigu).<\/p>\n\n\n\n<p>18:45 \u2013 pr\u00f3ba toru,<\/p>\n\n\n\n<p>19:00 \u2013 oficjalna prezentacja,<\/p>\n\n\n\n<p>19:15 \u2013 start do 1. biegu.<\/p>\n\n\n\n<p>Bilety s\u0105 dost\u0119pne \u201conline\u201d na EVENTIM.PL (TUTAJ).<\/p>\n\n\n\n<p>Sektory rodzinne \u2013 SZCZEG\u00d3\u0141Y (TUTAJ).<\/p>\n\n\n\n<p>Ceny bilet\u00f3w w kasach stadionowych w dniu meczu:<\/p>\n\n\n\n<p>50 z\u0142 \u2013 normalny,<\/p>\n\n\n\n<p>40 z\u0142 \u2013 ulgowy,<\/p>\n\n\n\n<p>80 z\u0142 \u2013 trybuna centralna (bilety wyprzedane).<\/p>\n\n\n\n<p>Kasy rozpoczn\u0105 sprzeda\u017c wej\u015bci\u00f3wek od godziny 17:00 (lokalizacja kas: g\u0142\u00f3wna od ul. Orlik-R\u00fcckemanna, od ul. Marysia, od ul. Olszty\u0144skiej).<\/p>\n\n\n\n<p>\u201cStrefa Lwi\u0105tek\u201d \u2013 strefa dla dzieci oraz rodzic\u00f3w od godziny oko\u0142o 17:20. Animatorzy, gry i zabawy dla najm\u0142odszych, malowanie twarzy.<\/p>\n\n\n\n<p>Program zawod\u00f3w \u2013 w cenie 15 z\u0142otych mo\u017cliwy b\u0119dzie do zakupienia w punktach z gad\u017cetami, kt\u00f3re znajduj\u0105 si\u0119 na koronie stadionu (okolice pierwszego \u0142uku) oraz przy wej\u015bciu g\u0142\u00f3wnym na koron\u0119. W punktach z gad\u017cetami mo\u017cna r\u00f3wnie\u017c zakupi\u0107 oficjalne akcesoria i odzie\u017c zielona-energia.com W\u0142\u00f3kniarza Cz\u0119stochowa (INTERNETOWY SKLEP KIBICA \u2013 TUTAJ). Ponadto na koronie stadionu zlokalizowane b\u0119d\u0105 punkty gastronomiczne dla kibic\u00f3w, w kt\u00f3rych mo\u017cna p\u0142aci\u0107 kart\u0105.<\/p>\n\n\n\n<p>UWAGA! Z uwagi na przewidywan\u0105 wysok\u0105 frekwencj\u0119 pragniemy poinformowa\u0107, \u017ce sprzeda\u017c wody i napoj\u00f3w odbywa\u0107 si\u0119 b\u0119dzie r\u00f3wnie\u017c w punktach sprzeda\u017cy piwa (w ka\u017cdym z tych punkt\u00f3w p\u0142atno\u015b\u0107 zar\u00f3wno got\u00f3wk\u0105, jak i kart\u0105).<\/p>\n\n\n\n<p>Otwarcie bram stadionu \u2013 nast\u0105pi o godzinie oko\u0142o 17:20. Aby usprawni\u0107 weryfikacj\u0119 bilet\u00f3w planujemy uruchomienie wszystkich bram wej\u015bciowych.<\/p>\n\n\n\n<p>Dzieci do 12 roku \u017cycia \u2013 (urodzone w 2010 roku i p\u00f3\u017aniej), pod opiek\u0105 osoby doros\u0142ej uprawnione s\u0105 do bezp\u0142atnego wej\u015bcia na mecz. Kibicom, kt\u00f3rzy posiadaj\u0105 bilety ulgowe, przypominamy o konieczno\u015bci posiadania dokumentu uprawniaj\u0105cego do skorzystania ze zni\u017cki. Bilety ulgowe przys\u0142uguj\u0105 osobom do 25 roku \u017cycia oraz osobom, kt\u00f3re uko\u0144czy\u0142y 65 lat. Osoby niepe\u0142nosprawne, poruszaj\u0105ce si\u0119 na w\u00f3zkach inwalidzkich na obiekt b\u0119d\u0105 mog\u0142y si\u0119 dosta\u0107 poprzez bram\u0119 g\u0142\u00f3wn\u0105 oraz wej\u015bcie \u201cVIP\u201d (od ul. \u017bu\u017clowej). Przypominamy, \u017ce wst\u0119p dla os\u00f3b niepe\u0142nosprawnych na w\u00f3zkach inwalidzkich jest darmowy.<\/p>\n\n\n\n<p>Biuro prasowe \u2013 b\u0119dzie czynne od godziny 15:00 do 19:00.<\/p>\n\n\n\n<p>Na Aren\u0119 zielona-energia.com mo\u017cna wnie\u015b\u0107 rower oraz kask.<\/p>\n\n\n\n<p>Na Arenie zielona-energia.com obowi\u0105zuje numeracja miejsc. Sektor rodzinny (brak numeracji miejsc).<\/p>\n\n\n\n<p>UWAGA! W zwi\u0105zku z utrudnieniami zwi\u0105zanymi z przebudow\u0105 dr\u00f3g w Cz\u0119stochowie, zwracamy si\u0119 do Pa\u0144stwa z pro\u015bb\u0105 o jak najwcze\u015bniejsze zaplanowanie przybycia na Aren\u0119 zielona-energia.com. Przypominamy, \u017ce otwarcie wszystkich bram stadionu nast\u0105pi o godzinie oko\u0142o 17:20.<\/p>\n\n\n\n<p><strong>AK<\/strong>, materia\u0142y organizatora, fot: <strong>AK<\/strong><\/p>\n\n\n\n<figure class=\"wp-block-image size-large\"><img decoding=\"async\" width=\"1024\" height=\"683\" data-src=\"https:\/\/gazetaregionalna.com\/wp-content\/uploads\/2022\/05\/CKM-Sparta-0-1024x683.jpg\" alt=\"\" class=\"wp-image-78177 lazyload\" data-srcset=\"https:\/\/gazetaregionalna.com\/wp-content\/uploads\/2022\/05\/CKM-Sparta-0-1024x683.jpg 1024w, https:\/\/gazetaregionalna.com\/wp-content\/uploads\/2022\/05\/CKM-Sparta-0-300x200.jpg 300w, https:\/\/gazetaregionalna.com\/wp-content\/uploads\/2022\/05\/CKM-Sparta-0-768x512.jpg 768w, https:\/\/gazetaregionalna.com\/wp-content\/uploads\/2022\/05\/CKM-Sparta-0-1536x1024.jpg 1536w, https:\/\/gazetaregionalna.com\/wp-content\/uploads\/2022\/05\/CKM-Sparta-0-2048x1365.jpg 2048w, https:\/\/gazetaregionalna.com\/wp-content\/uploads\/2022\/05\/CKM-Sparta-0-696x464.jpg 696w, https:\/\/gazetaregionalna.com\/wp-content\/uploads\/2022\/05\/CKM-Sparta-0-1068x712.jpg 1068w, https:\/\/gazetaregionalna.com\/wp-content\/uploads\/2022\/05\/CKM-Sparta-0-1920x1280.jpg 1920w, https:\/\/gazetaregionalna.com\/wp-content\/uploads\/2022\/05\/CKM-Sparta-0-630x420.jpg 630w, https:\/\/gazetaregionalna.com\/wp-content\/uploads\/2022\/05\/CKM-Sparta-0-scaled.jpg 1600w\" data-sizes=\"(max-width: 1024px) 100vw, 1024px\" src=\"data:image\/svg+xml;base64,PHN2ZyB3aWR0aD0iMSIgaGVpZ2h0PSIxIiB4bWxucz0iaHR0cDovL3d3dy53My5vcmcvMjAwMC9zdmciPjwvc3ZnPg==\" style=\"--smush-placeholder-width: 1024px; --smush-placeholder-aspect-ratio: 1024\/683;\" \/><\/figure>\n\n\n\n<figure class=\"wp-block-image size-large\"><img decoding=\"async\" width=\"300\" height=\"250\" data-src=\"https:\/\/gazetaregionalna.com\/wp-content\/uploads\/2022\/04\/DMK-7.jpg\" alt=\"\" class=\"wp-image-77214 lazyload\" src=\"data:image\/svg+xml;base64,PHN2ZyB3aWR0aD0iMSIgaGVpZ2h0PSIxIiB4bWxucz0iaHR0cDovL3d3dy53My5vcmcvMjAwMC9zdmciPjwvc3ZnPg==\" style=\"--smush-placeholder-width: 300px; --smush-placeholder-aspect-ratio: 300\/250;\"><\/figure>\n","protected":false},"excerpt":{"rendered":"<p>W sobot\u0119 na torze we Wroc\u0142awiu odby\u0142a si\u0119 7. runda SGP. Z bardzo dobrej strony spisali si\u0119 zawodnicy z Wroc\u0142awia i Cz\u0119stochowy, a w<\/p>\n","protected":false},"author":15,"featured_media":78177,"comment_status":"closed","ping_status":"open","sticky":false,"template":"","format":"standard","meta":{"_monsterinsights_skip_tracking":false,"_monsterinsights_sitenote_active":false,"_monsterinsights_sitenote_note":"","_monsterinsights_sitenote_category":0,"_uf_show_specific_survey":0,"_uf_disable_surveys":false,"footnotes":""},"categories":[5,7],"tags":[],"class_list":["post-90235","post","type-post","status-publish","format-standard","has-post-thumbnail","hentry","category-sport","category-zuzel"],"_links":{"self":[{"href":"https:\/\/gazetaregionalna.com\/index.php?rest_route=\/wp\/v2\/posts\/90235","targetHints":{"allow":["GET"]}}],"collection":[{"href":"https:\/\/gazetaregionalna.com\/index.php?rest_route=\/wp\/v2\/posts"}],"about":[{"href":"https:\/\/gazetaregionalna.com\/index.php?rest_route=\/wp\/v2\/types\/post"}],"author":[{"embeddable":true,"href":"https:\/\/gazetaregionalna.com\/index.php?rest_route=\/wp\/v2\/users\/15"}],"replies":[{"embeddable":true,"href":"https:\/\/gazetaregionalna.com\/index.php?rest_route=%2Fwp%2Fv2%2Fcomments&post=90235"}],"version-history":[{"count":1,"href":"https:\/\/gazetaregionalna.com\/index.php?rest_route=\/wp\/v2\/posts\/90235\/revisions"}],"predecessor-version":[{"id":90236,"href":"https:\/\/gazetaregionalna.com\/index.php?rest_route=\/wp\/v2\/posts\/90235\/revisions\/90236"}],"wp:featuredmedia":[{"embeddable":true,"href":"https:\/\/gazetaregionalna.com\/index.php?rest_route=\/wp\/v2\/media\/78177"}],"wp:attachment":[{"href":"https:\/\/gazetaregionalna.com\/index.php?rest_route=%2Fwp%2Fv2%2Fmedia&parent=90235"}],"wp:term":[{"taxonomy":"category","embeddable":true,"href":"https:\/\/gazetaregionalna.com\/index.php?rest_route=%2Fwp%2Fv2%2Fcategories&post=90235"},{"taxonomy":"post_tag","embeddable":true,"href":"https:\/\/gazetaregionalna.com\/index.php?rest_route=%2Fwp%2Fv2%2Ftags&post=90235"}],"curies":[{"name":"wp","href":"https:\/\/api.w.org\/{rel}","templated":true}]}}