{"id":90233,"date":"2022-08-28T09:38:38","date_gmt":"2022-08-28T09:38:38","guid":{"rendered":"https:\/\/gazetaregionalna.com\/?p=90233"},"modified":"2022-08-28T09:38:39","modified_gmt":"2022-08-28T09:38:39","slug":"malina-strzelil-dla-rakowa-ii-ale-w-zielonej-gorze-tylko-remis","status":"publish","type":"post","link":"https:\/\/gazetaregionalna.com\/?p=90233","title":{"rendered":"\u201eMalina\u201d strzeli\u0142 dla Rakowa II, ale w Zielonej G\u00f3rze tylko remis"},"content":{"rendered":"\n<p>Pi\u0142karze Rakowa II Cz\u0119stochowa rozegrali w 3. lidze sw\u00f3j pi\u0105ty mecz. Po czterech zwyci\u0119stwach z rz\u0119du czerwono-niebiescy stracili pierwsze punkty, gdzie zremisowali w Zielonej G\u00f3rze z Lechi\u0105 1:1.<\/p>\n\n\n\n<p>Rak\u00f3w II ju\u017c w 4. minucie obj\u0105\u0142 prowadzenie. Gola zdoby\u0142 Piotr Malinowski. Kibice spodziewali si\u0119, \u017ce jest to szybki sygna\u0142 do kolejnych bramek. Tak si\u0119 jednak nie sta\u0142o. Rak\u00f3w straci\u0142 bramk\u0119 w 23. minucie po samob\u00f3jczym trafieniu Bartosza Ch\u0142oda.<\/p>\n\n\n\n<p>Wi\u0119cej bramek nie pad\u0142o i mecz zako\u0144czy\u0142 si\u0119 remisem. To pierwsza strata punkt\u00f3w przez Rak\u00f3w II w 3 grupie 3 ligi.<\/p>\n\n\n\n<p>Rak\u00f3w II po 5 kolejkach ma 13 punkt\u00f3w i jest liderem. Nad 2. Pni\u00f3wkiem Paw\u0142owice ma 3 punkty przewagi.<\/p>\n\n\n\n<p><strong>AK<\/strong>, fot: Jakub Ziemianin (Rak\u00f3w Cz\u0119stochowa)<\/p>\n\n\n\n<p><strong>Lechia Zielona G\u00f3ra \u2013 Rak\u00f3w II Cz\u0119stochowa 1:1 (1:1)<\/strong><\/p>\n","protected":false},"excerpt":{"rendered":"<p>Pi\u0142karze Rakowa II Cz\u0119stochowa rozegrali w 3. lidze sw\u00f3j pi\u0105ty mecz. Po czterech zwyci\u0119stwach z rz\u0119du czerwono-niebiescy stracili pierwsze punkty, gdzie zremisowali w Zielonej<\/p>\n","protected":false},"author":15,"featured_media":88965,"comment_status":"closed","ping_status":"open","sticky":false,"template":"","format":"standard","meta":{"_monsterinsights_skip_tracking":false,"_monsterinsights_sitenote_active":false,"_monsterinsights_sitenote_note":"","_monsterinsights_sitenote_category":0,"_uf_show_specific_survey":0,"_uf_disable_surveys":false,"footnotes":""},"categories":[5,6],"tags":[],"class_list":["post-90233","post","type-post","status-publish","format-standard","has-post-thumbnail","hentry","category-sport","category-pilka-nozna"],"_links":{"self":[{"href":"https:\/\/gazetaregionalna.com\/index.php?rest_route=\/wp\/v2\/posts\/90233","targetHints":{"allow":["GET"]}}],"collection":[{"href":"https:\/\/gazetaregionalna.com\/index.php?rest_route=\/wp\/v2\/posts"}],"about":[{"href":"https:\/\/gazetaregionalna.com\/index.php?rest_route=\/wp\/v2\/types\/post"}],"author":[{"embeddable":true,"href":"https:\/\/gazetaregionalna.com\/index.php?rest_route=\/wp\/v2\/users\/15"}],"replies":[{"embeddable":true,"href":"https:\/\/gazetaregionalna.com\/index.php?rest_route=%2Fwp%2Fv2%2Fcomments&post=90233"}],"version-history":[{"count":1,"href":"https:\/\/gazetaregionalna.com\/index.php?rest_route=\/wp\/v2\/posts\/90233\/revisions"}],"predecessor-version":[{"id":90234,"href":"https:\/\/gazetaregionalna.com\/index.php?rest_route=\/wp\/v2\/posts\/90233\/revisions\/90234"}],"wp:featuredmedia":[{"embeddable":true,"href":"https:\/\/gazetaregionalna.com\/index.php?rest_route=\/wp\/v2\/media\/88965"}],"wp:attachment":[{"href":"https:\/\/gazetaregionalna.com\/index.php?rest_route=%2Fwp%2Fv2%2Fmedia&parent=90233"}],"wp:term":[{"taxonomy":"category","embeddable":true,"href":"https:\/\/gazetaregionalna.com\/index.php?rest_route=%2Fwp%2Fv2%2Fcategories&post=90233"},{"taxonomy":"post_tag","embeddable":true,"href":"https:\/\/gazetaregionalna.com\/index.php?rest_route=%2Fwp%2Fv2%2Ftags&post=90233"}],"curies":[{"name":"wp","href":"https:\/\/api.w.org\/{rel}","templated":true}]}}