{"id":902,"date":"2018-10-23T08:30:39","date_gmt":"2018-10-23T08:30:39","guid":{"rendered":"http:\/\/gazetaregionalna.com\/?p=902"},"modified":"2018-10-23T08:30:39","modified_gmt":"2018-10-23T08:30:39","slug":"mosir-juz-po-termomodernizacji","status":"publish","type":"post","link":"https:\/\/gazetaregionalna.com\/?p=902","title":{"rendered":"MOSiR ju\u017c po termomodernizacji"},"content":{"rendered":"<p>&nbsp;<\/p>\n<p><span style=\"font-family: Times New Roman, serif;\">Prace zwi\u0105zane z termomodernizacj\u0105 i przebudow\u0105 krytej p\u0142ywalni zosta\u0142y zako\u0144czone. Obiekt zacznie ponownie dzia\u0142a\u0107 2 listopada. <\/span><\/p>\n<p><span style=\"font-family: Times New Roman, serif;\">Trwaj\u0105ce rok prace zwi\u0105zane z termomodernizacj\u0105 i przebudow\u0105 krytej p\u0142ywalni MOSiR przy alei Niepodleg\u0142o\u015bci zosta\u0142y uko\u0144czone. Przy wsparciu finansowym z Unii Europejskiej, powsta\u0142 nowoczesny i przyjazny obiekt, kt\u00f3ry ma rozpocz\u0105\u0107 dzia\u0142alno\u015b\u0107 2 listopada. Kosz tej inwestycji opiewa na 5,5 mln z\u0142. Zadanie zosta\u0142o dofinansowane kwot\u0105 ok. 2,7 mln z\u0142 w ramach Regionalnego Programu Operacyjnego Wojew\u00f3dztwa \u015al\u0105skiego na lata 2014-2020 (efektywno\u015b\u0107 energetyczna, odnawialne \u017ar\u00f3d\u0142a energii i gospodarka niskoemisyjna).<\/span><\/p>\n<p><span style=\"font-family: Times New Roman, serif;\">18 pa\u017adziernika, po finalizacji wszystkich prac budowlanych i zainstalowaniu element\u00f3w wyposa\u017cenia odby\u0142o si\u0119 spotkanie z okazji zako\u0144czenia prac.<br \/>\nProjekt zwi\u0105zany z p\u0142ywalni\u0105 MOSiR \u2013 to jeden z projekt\u00f3w termomodernizacyjnych prowadzonych w ostatnim czasie przez miasto. Efekty i pe\u0142ny zakres prac, mo\u017cna by\u0142o ogl\u0105da\u0107 podczas spaceru po budynku p\u0142ywalni, gdzie MOSiR rozstawi\u0142 zdj\u0119cia dokumentuj\u0105ce stan obiektu sprzed roku. <\/span><\/p>\n<p><span style=\"font-family: Times New Roman, serif;\">Obiekt nie tylko przeszed\u0142 kompleksow\u0105 termomodernizacj\u0119, ale zamontowano tu te\u017c instalacj\u0119 solarn\u0105, kt\u00f3ra wspomo\u017ce podgrzewanie ciep\u0142ej wody u\u017cytkowej oraz wody w basenie. Wzro\u015bnie efektywno\u015b\u0107 energetyczna budynku, co sprawi, \u017ce b\u0119dzie ta\u0144szy w utrzymaniu i du\u017co bardziej ekologiczny, je\u017celi chodzi o oddzia\u0142ywanie na jako\u015b\u0107 powietrza. Budynek p\u0142ywalni jest obecnie du\u017co bardziej przyjazny i estetyczny, a tak\u017ce funkcjonalny, m.in. dzi\u0119ki wprowadzeniu systemu kolejkowego ESOK dostosowanego do obs\u0142ugi Cz\u0119stochowskiej Karty Mieszka\u0144ca oraz dost\u0119pno\u015bci sieci wi-fi.<\/span><\/p>\n<p><span style=\"font-family: Times New Roman, serif;\">To jedna z serii inwestycji, kt\u00f3re \u2013 w ramach programu ,,Kierunek Przyjazna Cz\u0119stochowa\u201d \u2013 miasto realizuje z my\u015bl\u0105 o \u0142atwiejszej dost\u0119pno\u015bci i wy\u017cszym standardzie p\u0142ywalni w r\u00f3\u017cnych punktach miasta.<\/p>\n<p>Po zako\u0144czeniu przebudowy p\u0142ywalni przy alei Niepodleg\u0142o\u015bci i uzyskaniu zgody na u\u017cytkowanie, MOSiR potrzebuje ok. dw\u00f3ch tygodni na przygotowanie obiektu do otwarcia dla wszystkich ch\u0119tnych.<br \/>\nBasen zacznie wi\u0119c dzia\u0142a\u0107 od 2 listopada. Do niedzieli 4 listopada wszystkie godziny maj\u0105 by\u0107 og\u00f3lnodost\u0119pne, od 5 listopada b\u0119dzie ju\u017c funkcjonowa\u0142 grafik, bior\u0105cy pod uwag\u0119 m.in. potrzeby treningowe cz\u0119stochowskich klub\u00f3w sportowych z sekcjami p\u0142ywackimi.<br \/>\n<\/span><\/p>\n","protected":false},"excerpt":{"rendered":"<p>&nbsp; Prace zwi\u0105zane z termomodernizacj\u0105 i przebudow\u0105 krytej p\u0142ywalni zosta\u0142y zako\u0144czone. Obiekt zacznie ponownie dzia\u0142a\u0107 2 listopada. Trwaj\u0105ce rok prace zwi\u0105zane z termomodernizacj\u0105 i<\/p>\n","protected":false},"author":3,"featured_media":0,"comment_status":"open","ping_status":"closed","sticky":false,"template":"","format":"standard","meta":{"_monsterinsights_skip_tracking":false,"_monsterinsights_sitenote_active":false,"_monsterinsights_sitenote_note":"","_monsterinsights_sitenote_category":0,"_uf_show_specific_survey":0,"_uf_disable_surveys":false,"footnotes":""},"categories":[3,2],"tags":[],"class_list":["post-902","post","type-post","status-publish","format-standard","hentry","category-czestochowa-informacje","category-wiadomosci"],"_links":{"self":[{"href":"https:\/\/gazetaregionalna.com\/index.php?rest_route=\/wp\/v2\/posts\/902","targetHints":{"allow":["GET"]}}],"collection":[{"href":"https:\/\/gazetaregionalna.com\/index.php?rest_route=\/wp\/v2\/posts"}],"about":[{"href":"https:\/\/gazetaregionalna.com\/index.php?rest_route=\/wp\/v2\/types\/post"}],"author":[{"embeddable":true,"href":"https:\/\/gazetaregionalna.com\/index.php?rest_route=\/wp\/v2\/users\/3"}],"replies":[{"embeddable":true,"href":"https:\/\/gazetaregionalna.com\/index.php?rest_route=%2Fwp%2Fv2%2Fcomments&post=902"}],"version-history":[{"count":3,"href":"https:\/\/gazetaregionalna.com\/index.php?rest_route=\/wp\/v2\/posts\/902\/revisions"}],"predecessor-version":[{"id":906,"href":"https:\/\/gazetaregionalna.com\/index.php?rest_route=\/wp\/v2\/posts\/902\/revisions\/906"}],"wp:attachment":[{"href":"https:\/\/gazetaregionalna.com\/index.php?rest_route=%2Fwp%2Fv2%2Fmedia&parent=902"}],"wp:term":[{"taxonomy":"category","embeddable":true,"href":"https:\/\/gazetaregionalna.com\/index.php?rest_route=%2Fwp%2Fv2%2Fcategories&post=902"},{"taxonomy":"post_tag","embeddable":true,"href":"https:\/\/gazetaregionalna.com\/index.php?rest_route=%2Fwp%2Fv2%2Ftags&post=902"}],"curies":[{"name":"wp","href":"https:\/\/api.w.org\/{rel}","templated":true}]}}