{"id":90041,"date":"2022-08-26T07:51:38","date_gmt":"2022-08-26T07:51:38","guid":{"rendered":"https:\/\/gazetaregionalna.com\/?p=90041"},"modified":"2022-08-31T08:33:39","modified_gmt":"2022-08-31T08:33:39","slug":"czestochowskie-mpk-wprowadza-zmiany","status":"publish","type":"post","link":"https:\/\/gazetaregionalna.com\/?p=90041","title":{"rendered":"Cz\u0119stochowskie MPK wprowadza zmiany"},"content":{"rendered":"\n<p><strong>Szykuj\u0105 si\u0119 zmiany ze strony cz\u0119stochowskiego MPK.<\/strong> <strong>Mianowicie wprowadzona zostanie nowa lokalizacja przystanku linii 37 (od 26 sierpnia) oraz (od 1 wrze\u015bnia) koniec z biletami jednorazowymi.<\/strong><\/p>\n\n\n\n<p>Od 1 wrze\u015bnia w cz\u0119stochowskim MPK nie b\u0119dzie mo\u017cna kupi\u0107 bilet\u00f3w jednorazowych. Dost\u0119pne b\u0119d\u0105 wy\u0142\u0105cznie bilety czasowe, kt\u00f3re pozwalaj\u0105 na przesiadk\u0119. <\/p>\n\n\n\n<p>Zmiana oznacza podwy\u017ck\u0119, bowiem jednorazowy bilet kosztowa\u0142 3,6 z\u0142, a za 45-minutowy trzeba b\u0119dzie zap\u0142aci\u0107 wedle nowej taryfy 4,20 z\u0142. 60-minutory bilet wyniesie 5 z\u0142. Taniej wychodzi w przypadku zakupu bilet\u00f3w za po\u015brednictwem elektronicznej portmonetki <a href=\"https:\/\/www.mpk.czest.pl\/\" target=\"_blank\" rel=\"noopener\">MPK<\/a>.<\/p>\n\n\n\n<p>W przypadku elektronicznej portmonetki uwarunkowano bowiem cen\u0119 za przejazd w zale\u017cno\u015bci od liczby przystank\u00f3w oraz wysoko\u015bci wniesionej op\u0142aty. Przyk\u0142adowo: przy do\u0142adowaniu za 180 z\u0142 przejazd do trzech przystank\u00f3w kosztuje 2,30 z\u0142, a&nbsp; powy\u017cej trzech przystank\u00f3w 3,70 z\u0142, czyli o 50 groszy taniej od biletu miejskiego, jednak bez mo\u017cliwo\u015bci przesiadki na inny autobus lub tramwaj; analogicznie &#8211; bilet ulgowy miejski do trzech przystank\u00f3w kosztuje 1,15 z\u0142, a powy\u017cej trzech przystank\u00f3w &#8211; 1,85 z\u0142, przy do\u0142adowaniu za 90 z\u0142.<\/p>\n\n\n\n<p>Pomimo premiowania zakup\u00f3w elektronicznych, w sytuacjach losowych czy awaryjnych, b\u0119dzie mo\u017cliwo\u015b\u0107 zakupu biletu u kierowcy MPK, z tym \u017ce&nbsp;dost\u0119pny w takiej formie b\u0119dzie jedynie bilet miejski godzinny&nbsp;za 5 z\u0142.&nbsp; <\/p>\n\n\n\n<p>Bilety okresowe dla uczni\u00f3w zameldowanych na terenie miasta Cz\u0119stochowy, ucz\u0105cych si\u0119 w szko\u0142ach podstawowych i ponadpodstawowych (bilet miejski szkolny) pozostaj\u0105 nadal w cenie 25 z\u0142 za 30 dni, 60 z\u0142 za kwarta\u0142 i 100 z\u0142 za p\u00f3\u0142 roku. Jest to zach\u0119ta do korzystania z transportu publicznego dzieci i m\u0142odzie\u017cy szkolnej. <\/p>\n\n\n\n<p>Korzystanie z bezpiecznej i komfortowej komunikacji miejskiej, w kt\u00f3rej rozw\u00f3j Cz\u0119stochowa w ostatnich latach inwestuje setki milion\u00f3w z\u0142otych, ogranicza konieczno\u015b\u0107 podwo\u017cenia dzieci prywatnym autem do szko\u0142y, co daje szans\u0119 na zmniejszenie ruchu samochodowego na cz\u0119stochowskich ulicach.<\/p>\n\n\n\n<p>Nie zmieni si\u0119 r\u00f3wnie\u017c grupa os\u00f3b uprawnionych do przejazd\u00f3w z ulg\u0105 lub bezp\u0142atnych (w tym seniorzy powy\u017cej 70 roku \u017cycia). Bezp\u0142atny pozostanie tak\u017ce przew\u00f3z w\u00f3zk\u00f3w, baga\u017cy i zwierz\u0105t domowych. Nowo\u015bci\u0105 b\u0119dzie mo\u017cliwo\u015b\u0107 bezp\u0142atnego przewozu hulajn\u00f3g traktowanych jako baga\u017c (za zgod\u0105 kieruj\u0105cego).<\/p>\n\n\n\n<p>Korekt\u0119 cennika biletowego wymusi\u0142y w g\u0142\u00f3wnej mierze ogromne podwy\u017cki op\u0142at za olej nap\u0119dowy, gaz i energi\u0119 elektryczn\u0105 oraz galopuj\u0105ca inflacja. W efekcie bardzo znacz\u0105co wzros\u0142y koszty operacyjne zwi\u0105zane z funkcjonowaniem komunikacji miejskiej. <\/p>\n\n\n\n<p>Warto przypomnie\u0107 ponadto, \u017ce MPK wci\u0105\u017c odrabia straty finansowe spowodowane wielomiesi\u0119cznymi restrykcjami rz\u0105dowymi w publicznym transporcie zbiorowym w trakcie epidemii Covid\u201319. Ostatnia zmiana taryfy biletowej mia\u0142a miejsce w cz\u0119stochowskim MPK jeszcze przed wybuchem pandemii koronawirusa, pod koniec 2019 roku.<\/p>\n\n\n\n<p>Kolejna zmiana zosta\u0142a wprowadzona w pi\u0105tek, 26 sierpnia. Przystanek pocz\u0105tkowy i ko\u0144cowy linii nr 37 zosta\u0142 przeniesiony na ulic\u0119 Drogowc\u00f3w &#8211; obok sklepu Media Expert, w zwi\u0105zku z otwarciem centrum handlowego ,,Park Anio\u0142\u00f3w\u201d.<\/p>\n\n\n\n<p>LN\/UM Cz\u0119stochowy<\/p>\n","protected":false},"excerpt":{"rendered":"<p>Szykuj\u0105 si\u0119 zmiany ze strony cz\u0119stochowskiego MPK. Mianowicie wprowadzona zostanie nowa lokalizacja przystanku linii 37 (od 26 sierpnia) oraz (od 1 wrze\u015bnia) koniec z<\/p>\n","protected":false},"author":26,"featured_media":82306,"comment_status":"closed","ping_status":"open","sticky":false,"template":"","format":"standard","meta":{"_monsterinsights_skip_tracking":false,"_monsterinsights_sitenote_active":false,"_monsterinsights_sitenote_note":"","_monsterinsights_sitenote_category":0,"_uf_show_specific_survey":0,"_uf_disable_surveys":false,"footnotes":""},"categories":[3,2],"tags":[5502,5940,189,5939,5938,3375],"class_list":["post-90041","post","type-post","status-publish","format-standard","has-post-thumbnail","hentry","category-czestochowa-informacje","category-wiadomosci","tag-bir-czestochowa","tag-linia-37","tag-mpk-czestochowa","tag-nowa-lokalizacja-przypanku","tag-nowe-ceny-biletow","tag-zmiany"],"_links":{"self":[{"href":"https:\/\/gazetaregionalna.com\/index.php?rest_route=\/wp\/v2\/posts\/90041","targetHints":{"allow":["GET"]}}],"collection":[{"href":"https:\/\/gazetaregionalna.com\/index.php?rest_route=\/wp\/v2\/posts"}],"about":[{"href":"https:\/\/gazetaregionalna.com\/index.php?rest_route=\/wp\/v2\/types\/post"}],"author":[{"embeddable":true,"href":"https:\/\/gazetaregionalna.com\/index.php?rest_route=\/wp\/v2\/users\/26"}],"replies":[{"embeddable":true,"href":"https:\/\/gazetaregionalna.com\/index.php?rest_route=%2Fwp%2Fv2%2Fcomments&post=90041"}],"version-history":[{"count":3,"href":"https:\/\/gazetaregionalna.com\/index.php?rest_route=\/wp\/v2\/posts\/90041\/revisions"}],"predecessor-version":[{"id":90616,"href":"https:\/\/gazetaregionalna.com\/index.php?rest_route=\/wp\/v2\/posts\/90041\/revisions\/90616"}],"wp:featuredmedia":[{"embeddable":true,"href":"https:\/\/gazetaregionalna.com\/index.php?rest_route=\/wp\/v2\/media\/82306"}],"wp:attachment":[{"href":"https:\/\/gazetaregionalna.com\/index.php?rest_route=%2Fwp%2Fv2%2Fmedia&parent=90041"}],"wp:term":[{"taxonomy":"category","embeddable":true,"href":"https:\/\/gazetaregionalna.com\/index.php?rest_route=%2Fwp%2Fv2%2Fcategories&post=90041"},{"taxonomy":"post_tag","embeddable":true,"href":"https:\/\/gazetaregionalna.com\/index.php?rest_route=%2Fwp%2Fv2%2Ftags&post=90041"}],"curies":[{"name":"wp","href":"https:\/\/api.w.org\/{rel}","templated":true}]}}