{"id":89958,"date":"2022-08-25T10:13:18","date_gmt":"2022-08-25T10:13:18","guid":{"rendered":"https:\/\/gazetaregionalna.com\/?p=89958"},"modified":"2022-08-25T10:13:19","modified_gmt":"2022-08-25T10:13:19","slug":"kino-na-lezakach-w-dzielnicy-stradom","status":"publish","type":"post","link":"https:\/\/gazetaregionalna.com\/?p=89958","title":{"rendered":"Kino na le\u017cakach w dzielnicy Stradom"},"content":{"rendered":"\n<p><strong>Kino na le\u017cakach<\/strong> <strong>rozpocznie si\u0119 <strong>o 20.30<\/strong><\/strong> <strong>w czwartek, 25 sierpnia przy Szkole Podstawowej nr 16. Tym razem b\u0119dzie mo\u017cna zobaczy\u0107 komedi\u0119 \u201eW deszczowy dzie\u0144 w Nowym Yorku\u201d.<\/strong><\/p>\n\n\n\n<p>Kolejne Kino na le\u017cakach poprzedzi piknik rodzinny, kt\u00f3ry rozpocznie si\u0119 o godz. 18.00. W programie znajd\u0105 si\u0119 m.in. animacje dla dzieci, porady zdrowotne czy nauka pierwszej pomocy. Jego zwie\u0144czeniem b\u0119dzie seans filmowy &#8211; pocz\u0105tek o godz. 20.30.<\/p>\n\n\n\n<p>,,W deszczowy dzie\u0144 w Nowym Yorku\u201d to komedia z 2019 roku w re\u017c. Woodego Allena, kt\u00f3ra opowiada o zakochanej parze student\u00f3w, Gatsby\u2019m (Timoth\u00e9e Chalamet) i Ashleigh (Elle Fanning). M\u0142odzi postanawiaj\u0105 sp\u0119dzi\u0107 romantyczny weekend w Nowym Jorku, jednak niespodziewanie ich \u015bcie\u017cki si\u0119 rozchodz\u0105 i ka\u017cde z osobna prze\u017cywa w\u0142asne przygody, pe\u0142ne humoru i zwrot\u00f3w akcji.<br><br>B\u0119dzie to ju\u017c czwarte \u201eKino na le\u017cakach\u201d w tym roku w Cz\u0119stochowie. Impreza jest mo\u017cliwa dzi\u0119ki g\u0142osom oddanym na ten projekt w ramach Bud\u017cetu Obywatelskiego przez mieszkanki i mieszka\u0144c\u00f3w dzielnicy Stardom. Honorowy Patronat nad wydarzeniem obj\u0105\u0142 prezydent Krzysztof Matyjaszczyk. Wst\u0119p na wydarzenie jest bezp\u0142atny.<\/p>\n\n\n\n<figure class=\"wp-block-image size-large\"><img decoding=\"async\" width=\"727\" height=\"1024\" data-src=\"https:\/\/gazetaregionalna.com\/wp-content\/uploads\/2022\/08\/60095-727x1024.jpg\" alt=\"Kino na le\u017cakach\" class=\"wp-image-89959 lazyload\" data-srcset=\"https:\/\/gazetaregionalna.com\/wp-content\/uploads\/2022\/08\/60095-727x1024.jpg 727w, https:\/\/gazetaregionalna.com\/wp-content\/uploads\/2022\/08\/60095-213x300.jpg 213w, https:\/\/gazetaregionalna.com\/wp-content\/uploads\/2022\/08\/60095-768x1082.jpg 768w, https:\/\/gazetaregionalna.com\/wp-content\/uploads\/2022\/08\/60095-1090x1536.jpg 1090w, https:\/\/gazetaregionalna.com\/wp-content\/uploads\/2022\/08\/60095-1454x2048.jpg 1454w, https:\/\/gazetaregionalna.com\/wp-content\/uploads\/2022\/08\/60095-696x980.jpg 696w, https:\/\/gazetaregionalna.com\/wp-content\/uploads\/2022\/08\/60095-1068x1505.jpg 1068w, https:\/\/gazetaregionalna.com\/wp-content\/uploads\/2022\/08\/60095-1920x2705.jpg 1920w, https:\/\/gazetaregionalna.com\/wp-content\/uploads\/2022\/08\/60095-298x420.jpg 298w, https:\/\/gazetaregionalna.com\/wp-content\/uploads\/2022\/08\/60095-scaled.jpg 1136w\" data-sizes=\"(max-width: 727px) 100vw, 727px\" src=\"data:image\/svg+xml;base64,PHN2ZyB3aWR0aD0iMSIgaGVpZ2h0PSIxIiB4bWxucz0iaHR0cDovL3d3dy53My5vcmcvMjAwMC9zdmciPjwvc3ZnPg==\" style=\"--smush-placeholder-width: 727px; --smush-placeholder-aspect-ratio: 727\/1024;\" \/><figcaption>\u017ar\u00f3d\u0142o: UM Cz\u0119stochowy<\/figcaption><\/figure>\n\n\n\n<p>LN\/UM Cz\u0119stochowy<\/p>\n","protected":false},"excerpt":{"rendered":"<p>Kino na le\u017cakach rozpocznie si\u0119 o 20.30 w czwartek, 25 sierpnia przy Szkole Podstawowej nr 16. Tym razem b\u0119dzie mo\u017cna zobaczy\u0107 komedi\u0119 \u201eW deszczowy<\/p>\n","protected":false},"author":26,"featured_media":89960,"comment_status":"closed","ping_status":"open","sticky":false,"template":"","format":"standard","meta":{"_monsterinsights_skip_tracking":false,"_monsterinsights_sitenote_active":false,"_monsterinsights_sitenote_note":"","_monsterinsights_sitenote_category":0,"_uf_show_specific_survey":0,"_uf_disable_surveys":false,"footnotes":""},"categories":[3,2],"tags":[2722,2708,5931,4471],"class_list":["post-89958","post","type-post","status-publish","format-standard","has-post-thumbnail","hentry","category-czestochowa-informacje","category-wiadomosci","tag-kino-na-lezakach","tag-piknik-rodzinny","tag-sp-nr-16","tag-stradom"],"_links":{"self":[{"href":"https:\/\/gazetaregionalna.com\/index.php?rest_route=\/wp\/v2\/posts\/89958","targetHints":{"allow":["GET"]}}],"collection":[{"href":"https:\/\/gazetaregionalna.com\/index.php?rest_route=\/wp\/v2\/posts"}],"about":[{"href":"https:\/\/gazetaregionalna.com\/index.php?rest_route=\/wp\/v2\/types\/post"}],"author":[{"embeddable":true,"href":"https:\/\/gazetaregionalna.com\/index.php?rest_route=\/wp\/v2\/users\/26"}],"replies":[{"embeddable":true,"href":"https:\/\/gazetaregionalna.com\/index.php?rest_route=%2Fwp%2Fv2%2Fcomments&post=89958"}],"version-history":[{"count":1,"href":"https:\/\/gazetaregionalna.com\/index.php?rest_route=\/wp\/v2\/posts\/89958\/revisions"}],"predecessor-version":[{"id":89961,"href":"https:\/\/gazetaregionalna.com\/index.php?rest_route=\/wp\/v2\/posts\/89958\/revisions\/89961"}],"wp:featuredmedia":[{"embeddable":true,"href":"https:\/\/gazetaregionalna.com\/index.php?rest_route=\/wp\/v2\/media\/89960"}],"wp:attachment":[{"href":"https:\/\/gazetaregionalna.com\/index.php?rest_route=%2Fwp%2Fv2%2Fmedia&parent=89958"}],"wp:term":[{"taxonomy":"category","embeddable":true,"href":"https:\/\/gazetaregionalna.com\/index.php?rest_route=%2Fwp%2Fv2%2Fcategories&post=89958"},{"taxonomy":"post_tag","embeddable":true,"href":"https:\/\/gazetaregionalna.com\/index.php?rest_route=%2Fwp%2Fv2%2Ftags&post=89958"}],"curies":[{"name":"wp","href":"https:\/\/api.w.org\/{rel}","templated":true}]}}