{"id":89860,"date":"2022-08-24T09:48:16","date_gmt":"2022-08-24T09:48:16","guid":{"rendered":"https:\/\/gazetaregionalna.com\/?p=89860"},"modified":"2022-08-24T09:48:17","modified_gmt":"2022-08-24T09:48:17","slug":"jubileusze-zlotych-godow-w-urzedzie-stanu-cywilnego","status":"publish","type":"post","link":"https:\/\/gazetaregionalna.com\/?p=89860","title":{"rendered":"Jubileusze Z\u0142otych God\u00f3w w cz\u0119stochowskim Urz\u0119dzie Stanu Cywilnego"},"content":{"rendered":"\n<p><strong>W Urz\u0119dzie Stanu Cywilnego, odby\u0142y si\u0119 jubileusze Z\u0142otych God\u00f3w. Wzi\u0119\u0142o w nich udzia\u0142&nbsp; 18 ma\u0142\u017ce\u0144stw, kt\u00f3re prze\u017cy\u0142y razem 50 i wi\u0119cej lat.<\/strong><\/p>\n\n\n\n<p>24 sierpnia, podczas dw\u00f3ch uroczysto\u015bci w Urz\u0119dzie Stanu Cywilnego \u017cyczenia jubilatom z\u0142o\u017cyli prezydent Krzysztof Matyjaszczyk oraz kierownik USC Rafa\u0142 Bednarz. Ka\u017cda z par otrzyma\u0142a r\u00f3wnie\u017c Medale Prezydenta RP za D\u0142ugoletnie Po\u017cycie Ma\u0142\u017ce\u0144skie oraz kwiaty.<\/p>\n\n\n\n<p>Do uroczysto\u015bci w w Urz\u0119dzie Stanu Cywilnego przyst\u0105pi\u0142o 18 par. A\u017c 12 z nich prze\u017cy\u0142o ze sob\u0105 wi\u0119cej, ni\u017c 50 lat. <\/p>\n\n\n\n<p>LN\/UM Cz\u0119stochowy<\/p>\n\n\n\n<figure class=\"wp-block-image size-large\"><img decoding=\"async\" width=\"1024\" height=\"683\" data-src=\"https:\/\/gazetaregionalna.com\/wp-content\/uploads\/2022\/08\/60065-1024x683.jpg\" alt=\"jubileusz Z\u0142otych God\u00f3w\" class=\"wp-image-89861 lazyload\" data-srcset=\"https:\/\/gazetaregionalna.com\/wp-content\/uploads\/2022\/08\/60065-1024x683.jpg 1024w, https:\/\/gazetaregionalna.com\/wp-content\/uploads\/2022\/08\/60065-300x200.jpg 300w, https:\/\/gazetaregionalna.com\/wp-content\/uploads\/2022\/08\/60065-768x512.jpg 768w, https:\/\/gazetaregionalna.com\/wp-content\/uploads\/2022\/08\/60065-1536x1024.jpg 1536w, https:\/\/gazetaregionalna.com\/wp-content\/uploads\/2022\/08\/60065-2048x1365.jpg 2048w, https:\/\/gazetaregionalna.com\/wp-content\/uploads\/2022\/08\/60065-696x464.jpg 696w, https:\/\/gazetaregionalna.com\/wp-content\/uploads\/2022\/08\/60065-1068x712.jpg 1068w, https:\/\/gazetaregionalna.com\/wp-content\/uploads\/2022\/08\/60065-1920x1280.jpg 1920w, https:\/\/gazetaregionalna.com\/wp-content\/uploads\/2022\/08\/60065-630x420.jpg 630w, https:\/\/gazetaregionalna.com\/wp-content\/uploads\/2022\/08\/60065-scaled.jpg 1600w\" data-sizes=\"(max-width: 1024px) 100vw, 1024px\" src=\"data:image\/svg+xml;base64,PHN2ZyB3aWR0aD0iMSIgaGVpZ2h0PSIxIiB4bWxucz0iaHR0cDovL3d3dy53My5vcmcvMjAwMC9zdmciPjwvc3ZnPg==\" style=\"--smush-placeholder-width: 1024px; --smush-placeholder-aspect-ratio: 1024\/683;\" \/><figcaption>\u017ar\u00f3d\u0142o: UM Cz\u0119stochowy<\/figcaption><\/figure>\n","protected":false},"excerpt":{"rendered":"<p>W Urz\u0119dzie Stanu Cywilnego, odby\u0142y si\u0119 jubileusze Z\u0142otych God\u00f3w. Wzi\u0119\u0142o w nich udzia\u0142&nbsp; 18 ma\u0142\u017ce\u0144stw, kt\u00f3re prze\u017cy\u0142y razem 50 i wi\u0119cej lat. 24 sierpnia,<\/p>\n","protected":false},"author":26,"featured_media":89862,"comment_status":"closed","ping_status":"open","sticky":false,"template":"","format":"standard","meta":{"_monsterinsights_skip_tracking":false,"_monsterinsights_sitenote_active":false,"_monsterinsights_sitenote_note":"","_monsterinsights_sitenote_category":0,"_uf_show_specific_survey":0,"_uf_disable_surveys":false,"footnotes":""},"categories":[3,2],"tags":[144,1169,5913,5912,233],"class_list":["post-89860","post","type-post","status-publish","format-standard","has-post-thumbnail","hentry","category-czestochowa-informacje","category-wiadomosci","tag-czestochowa","tag-jubileusz","tag-malzenstwa","tag-urzad-stanu-cywilnego-w-czestochowie","tag-zlote-gody"],"_links":{"self":[{"href":"https:\/\/gazetaregionalna.com\/index.php?rest_route=\/wp\/v2\/posts\/89860","targetHints":{"allow":["GET"]}}],"collection":[{"href":"https:\/\/gazetaregionalna.com\/index.php?rest_route=\/wp\/v2\/posts"}],"about":[{"href":"https:\/\/gazetaregionalna.com\/index.php?rest_route=\/wp\/v2\/types\/post"}],"author":[{"embeddable":true,"href":"https:\/\/gazetaregionalna.com\/index.php?rest_route=\/wp\/v2\/users\/26"}],"replies":[{"embeddable":true,"href":"https:\/\/gazetaregionalna.com\/index.php?rest_route=%2Fwp%2Fv2%2Fcomments&post=89860"}],"version-history":[{"count":1,"href":"https:\/\/gazetaregionalna.com\/index.php?rest_route=\/wp\/v2\/posts\/89860\/revisions"}],"predecessor-version":[{"id":89863,"href":"https:\/\/gazetaregionalna.com\/index.php?rest_route=\/wp\/v2\/posts\/89860\/revisions\/89863"}],"wp:featuredmedia":[{"embeddable":true,"href":"https:\/\/gazetaregionalna.com\/index.php?rest_route=\/wp\/v2\/media\/89862"}],"wp:attachment":[{"href":"https:\/\/gazetaregionalna.com\/index.php?rest_route=%2Fwp%2Fv2%2Fmedia&parent=89860"}],"wp:term":[{"taxonomy":"category","embeddable":true,"href":"https:\/\/gazetaregionalna.com\/index.php?rest_route=%2Fwp%2Fv2%2Fcategories&post=89860"},{"taxonomy":"post_tag","embeddable":true,"href":"https:\/\/gazetaregionalna.com\/index.php?rest_route=%2Fwp%2Fv2%2Ftags&post=89860"}],"curies":[{"name":"wp","href":"https:\/\/api.w.org\/{rel}","templated":true}]}}