{"id":8985,"date":"2019-12-21T15:56:54","date_gmt":"2019-12-21T15:56:54","guid":{"rendered":"https:\/\/gazetaregionalna.com\/?p=8985"},"modified":"2019-12-21T15:56:56","modified_gmt":"2019-12-21T15:56:56","slug":"na-jasnej-gorze-stanely-choinki-przyozdobione-przez-dzieci","status":"publish","type":"post","link":"https:\/\/gazetaregionalna.com\/?p=8985","title":{"rendered":"Na Jasnej G\u00f3rze stan\u0119\u0142y choinki przyozdobione przez dzieci"},"content":{"rendered":"\n<h2 class=\"wp-block-heading\">Po raz 12. wychowankowie przedszkoli, szk\u00f3\u0142 i o\u015brodk\u00f3w szkolno-wychowawczych z terenu archidiecezji cz\u0119stochowskiej uczestniczyli na Jasnej G\u00f3rze w \u201eKonkursie na Wieczernikow\u0105 Choink\u0119\u201d. Jak informuje Biuro Prasowe Jasnej G\u00f3ry, w tym roku ozdoby w barwach narodowych, papierowe kwiaty, a nawet ca\u0142e drzewka dedykowane s\u0105 \u015bw. Janowi Paw\u0142owi II na stulecie jego urodzin.<\/h2>\n\n\n\n<figure class=\"wp-block-image\"><img decoding=\"async\" width=\"677\" height=\"452\" data-src=\"https:\/\/gazetaregionalna.com\/wp-content\/uploads\/2019\/12\/choinka2-2.jpg\" alt=\"\" class=\"wp-image-8986 lazyload\" data-srcset=\"https:\/\/gazetaregionalna.com\/wp-content\/uploads\/2019\/12\/choinka2-2.jpg 677w, https:\/\/gazetaregionalna.com\/wp-content\/uploads\/2019\/12\/choinka2-2-300x200.jpg 300w, https:\/\/gazetaregionalna.com\/wp-content\/uploads\/2019\/12\/choinka2-2-629x420.jpg 629w\" data-sizes=\"(max-width: 677px) 100vw, 677px\" src=\"data:image\/svg+xml;base64,PHN2ZyB3aWR0aD0iMSIgaGVpZ2h0PSIxIiB4bWxucz0iaHR0cDovL3d3dy53My5vcmcvMjAwMC9zdmciPjwvc3ZnPg==\" style=\"--smush-placeholder-width: 677px; --smush-placeholder-aspect-ratio: 677\/452;\" \/><\/figure>\n\n\n\n<p><br> Dla uczestnik\u00f3w konkursu przygotowano czterdzie\u015bci choinek. Zainteresowanie konkursem by\u0142o tak du\u017ce, \u017ce od razu ka\u017cde bo\u017conarodzeniowe drzewko znalaz\u0142o swojego &#8222;w\u0142a\u015bciciela&#8221;. Choinki przydzielono szko\u0142om i plac\u00f3wkom, kt\u00f3re zg\u0142osi\u0142y si\u0119 do konkursu w drodze losowania.<br> \u015awierki, kt\u00f3re przystraja\u0142y dzieci zosta\u0142y podarowane przez Dyrekcj\u0119 Las\u00f3w Pa\u0144stwowych w Katowicach, a dostarczy\u0142y je cztery nadle\u015bnictwa s\u0105siaduj\u0105ce z Cz\u0119stochow\u0105: Herby, Gidle, K\u0142obuck i Z\u0142oty Potok.<br> Konkursowe jury to jak zwykle jasnog\u00f3rscy pielgrzymi i wierni z Cz\u0119stochowy i okolic. Odwiedzaj\u0105cy w okresie \u015bwi\u0105t jasnog\u00f3rskie sanktuarium mog\u0105 odda\u0107 g\u0142os na naj\u0142adniejsz\u0105 ich zdaniem choink\u0119. G\u0142osowanie potrwa od 25 do 29 grudnia, a wielki fina\u0142 odb\u0119dzie si\u0119 10 stycznia 2020 roku.<br> Organizatorami Konkursu na Wieczernikow\u0105 Choink\u0119 s\u0105: Klasztor OO. Paulin\u00f3w na Jasnej G\u00f3rze, Katolickie Stowarzyszenie \u201eCivitas Christiana\u201d Oddzia\u0142 w Cz\u0119stochowie oraz Radio Jasna G\u00f3ra. Instytucj\u0105 wspieraj\u0105c\u0105 jest Kuratorium O\u015bwiaty w Katowicach Delegatura w Cz\u0119stochowie.<br> (\u0179r\u00f3d\u0142o: Biuro Prasowe Jasnej G\u00f3ry)<\/p>\n\n\n\n<figure class=\"wp-block-image\"><img decoding=\"async\" width=\"677\" height=\"452\" data-src=\"https:\/\/gazetaregionalna.com\/wp-content\/uploads\/2019\/12\/vhoinka1.jpg\" alt=\"\" class=\"wp-image-8987 lazyload\" data-srcset=\"https:\/\/gazetaregionalna.com\/wp-content\/uploads\/2019\/12\/vhoinka1.jpg 677w, https:\/\/gazetaregionalna.com\/wp-content\/uploads\/2019\/12\/vhoinka1-300x200.jpg 300w, https:\/\/gazetaregionalna.com\/wp-content\/uploads\/2019\/12\/vhoinka1-629x420.jpg 629w\" data-sizes=\"(max-width: 677px) 100vw, 677px\" src=\"data:image\/svg+xml;base64,PHN2ZyB3aWR0aD0iMSIgaGVpZ2h0PSIxIiB4bWxucz0iaHR0cDovL3d3dy53My5vcmcvMjAwMC9zdmciPjwvc3ZnPg==\" style=\"--smush-placeholder-width: 677px; --smush-placeholder-aspect-ratio: 677\/452;\" \/><\/figure>\n","protected":false},"excerpt":{"rendered":"<p>Po raz 12. wychowankowie przedszkoli, szk\u00f3\u0142 i o\u015brodk\u00f3w szkolno-wychowawczych z terenu archidiecezji cz\u0119stochowskiej uczestniczyli na Jasnej G\u00f3rze w \u201eKonkursie na Wieczernikow\u0105 Choink\u0119\u201d. Jak informuje<\/p>\n","protected":false},"author":7,"featured_media":8988,"comment_status":"open","ping_status":"open","sticky":false,"template":"","format":"standard","meta":{"_monsterinsights_skip_tracking":false,"_monsterinsights_sitenote_active":false,"_monsterinsights_sitenote_note":"","_monsterinsights_sitenote_category":0,"_uf_show_specific_survey":0,"_uf_disable_surveys":false,"footnotes":""},"categories":[3,94,2],"tags":[],"class_list":["post-8985","post","type-post","status-publish","format-standard","has-post-thumbnail","hentry","category-czestochowa-informacje","category-polecane","category-wiadomosci"],"_links":{"self":[{"href":"https:\/\/gazetaregionalna.com\/index.php?rest_route=\/wp\/v2\/posts\/8985","targetHints":{"allow":["GET"]}}],"collection":[{"href":"https:\/\/gazetaregionalna.com\/index.php?rest_route=\/wp\/v2\/posts"}],"about":[{"href":"https:\/\/gazetaregionalna.com\/index.php?rest_route=\/wp\/v2\/types\/post"}],"author":[{"embeddable":true,"href":"https:\/\/gazetaregionalna.com\/index.php?rest_route=\/wp\/v2\/users\/7"}],"replies":[{"embeddable":true,"href":"https:\/\/gazetaregionalna.com\/index.php?rest_route=%2Fwp%2Fv2%2Fcomments&post=8985"}],"version-history":[{"count":1,"href":"https:\/\/gazetaregionalna.com\/index.php?rest_route=\/wp\/v2\/posts\/8985\/revisions"}],"predecessor-version":[{"id":8989,"href":"https:\/\/gazetaregionalna.com\/index.php?rest_route=\/wp\/v2\/posts\/8985\/revisions\/8989"}],"wp:featuredmedia":[{"embeddable":true,"href":"https:\/\/gazetaregionalna.com\/index.php?rest_route=\/wp\/v2\/media\/8988"}],"wp:attachment":[{"href":"https:\/\/gazetaregionalna.com\/index.php?rest_route=%2Fwp%2Fv2%2Fmedia&parent=8985"}],"wp:term":[{"taxonomy":"category","embeddable":true,"href":"https:\/\/gazetaregionalna.com\/index.php?rest_route=%2Fwp%2Fv2%2Fcategories&post=8985"},{"taxonomy":"post_tag","embeddable":true,"href":"https:\/\/gazetaregionalna.com\/index.php?rest_route=%2Fwp%2Fv2%2Ftags&post=8985"}],"curies":[{"name":"wp","href":"https:\/\/api.w.org\/{rel}","templated":true}]}}