{"id":8982,"date":"2019-12-21T15:25:32","date_gmt":"2019-12-21T15:25:32","guid":{"rendered":"https:\/\/gazetaregionalna.com\/?p=8982"},"modified":"2019-12-21T15:25:36","modified_gmt":"2019-12-21T15:25:36","slug":"nie-zatrzymal-sie-do-kontroli-policja-strzelala","status":"publish","type":"post","link":"https:\/\/gazetaregionalna.com\/?p=8982","title":{"rendered":"Nie zatrzyma\u0142 si\u0119 do kontroli, policja strzela\u0142a"},"content":{"rendered":"\n<h2 class=\"wp-block-heading\">Sceny jak z filmu sensacyjnego rozegra\u0142y si\u0119 na ulicach Cz\u0119stochowy. Policjanci po po\u015bcigu za 27-letnim kierowc\u0105 musieli odda\u0107 kilka strza\u0142\u00f3w, bo \u015bcigany pr\u00f3bowa\u0142 potr\u0105ci\u0107 policjanta.<\/h2>\n\n\n\n<p><br> Wczoraj po godzinie 19 policjanci zauwa\u017cyli m\u0142odego m\u0119\u017cczyzn\u0119 siedz\u0105cego w zaparkowanym na uboczu samochodzie. Mundurowi podeszli do auta, aby wylegitymowa\u0107 kierowc\u0119. Na widok policjant\u00f3w 27-latek odpali\u0142 samoch\u00f3d i zacz\u0105\u0142 ucieka\u0107. Policjanci rozpocz\u0119li po\u015bcig. Gdy mazda, kt\u00f3r\u0105 jecha\u0142 m\u0119\u017cczyzna zatrzyma\u0142a si\u0119 przed zamkni\u0119tym przejazdem kolejowym, policjanci wybiegli z radiowozu, by zatrzyma\u0107 kierowc\u0119. Wtedy m\u0142ody m\u0119\u017cczyzna ruszy\u0142 w ich kierunku, pr\u00f3buj\u0105c potr\u0105ci\u0107 interweniuj\u0105cych funkcjonariuszy. W tej sytuacji policja zacz\u0119\u0142a strzela\u0107 opony samochodu.<br> 27-latek nie chcia\u0142 si\u0119 podda\u0107 i zacz\u0105\u0142 znowu ucieka\u0107. Zatrzyma\u0142 si\u0119 dopiero kilka ulic dalej. Wtedy te\u017c okaza\u0142o si\u0119, \u017ce 27-latek zosta\u0142 ranny w plecy. M\u0119\u017cczyzna trafi\u0142 do szpitala, gdzie zosta\u0142 poddany zabiegowi. Jak zapewniaj\u0105 lekarze, jego \u017cyciu nie zagra\u017ca niebezpiecze\u0144stwo.<br> Jak ustalono, m\u0119\u017cczyzna by\u0142 wcze\u015bniej karany mi\u0119dzy innymi za kradzie\u017ce. \u015aledztwo w tej sprawie prowadzi Prokuratura Rejonowa w Cz\u0119stochowie.<br> (\u0179r\u00f3d\u0142o: KMP Cz\u0119stochowa)<\/p>\n","protected":false},"excerpt":{"rendered":"<p>Sceny jak z filmu sensacyjnego rozegra\u0142y si\u0119 na ulicach Cz\u0119stochowy. Policjanci po po\u015bcigu za 27-letnim kierowc\u0105 musieli odda\u0107 kilka strza\u0142\u00f3w, bo \u015bcigany pr\u00f3bowa\u0142 potr\u0105ci\u0107<\/p>\n","protected":false},"author":7,"featured_media":8983,"comment_status":"open","ping_status":"open","sticky":false,"template":"","format":"standard","meta":{"_monsterinsights_skip_tracking":false,"_monsterinsights_sitenote_active":false,"_monsterinsights_sitenote_note":"","_monsterinsights_sitenote_category":0,"_uf_show_specific_survey":0,"_uf_disable_surveys":false,"footnotes":""},"categories":[3,94,2],"tags":[],"class_list":["post-8982","post","type-post","status-publish","format-standard","has-post-thumbnail","hentry","category-czestochowa-informacje","category-polecane","category-wiadomosci"],"_links":{"self":[{"href":"https:\/\/gazetaregionalna.com\/index.php?rest_route=\/wp\/v2\/posts\/8982","targetHints":{"allow":["GET"]}}],"collection":[{"href":"https:\/\/gazetaregionalna.com\/index.php?rest_route=\/wp\/v2\/posts"}],"about":[{"href":"https:\/\/gazetaregionalna.com\/index.php?rest_route=\/wp\/v2\/types\/post"}],"author":[{"embeddable":true,"href":"https:\/\/gazetaregionalna.com\/index.php?rest_route=\/wp\/v2\/users\/7"}],"replies":[{"embeddable":true,"href":"https:\/\/gazetaregionalna.com\/index.php?rest_route=%2Fwp%2Fv2%2Fcomments&post=8982"}],"version-history":[{"count":1,"href":"https:\/\/gazetaregionalna.com\/index.php?rest_route=\/wp\/v2\/posts\/8982\/revisions"}],"predecessor-version":[{"id":8984,"href":"https:\/\/gazetaregionalna.com\/index.php?rest_route=\/wp\/v2\/posts\/8982\/revisions\/8984"}],"wp:featuredmedia":[{"embeddable":true,"href":"https:\/\/gazetaregionalna.com\/index.php?rest_route=\/wp\/v2\/media\/8983"}],"wp:attachment":[{"href":"https:\/\/gazetaregionalna.com\/index.php?rest_route=%2Fwp%2Fv2%2Fmedia&parent=8982"}],"wp:term":[{"taxonomy":"category","embeddable":true,"href":"https:\/\/gazetaregionalna.com\/index.php?rest_route=%2Fwp%2Fv2%2Fcategories&post=8982"},{"taxonomy":"post_tag","embeddable":true,"href":"https:\/\/gazetaregionalna.com\/index.php?rest_route=%2Fwp%2Fv2%2Ftags&post=8982"}],"curies":[{"name":"wp","href":"https:\/\/api.w.org\/{rel}","templated":true}]}}