{"id":8979,"date":"2019-12-21T15:10:00","date_gmt":"2019-12-21T15:10:00","guid":{"rendered":"https:\/\/gazetaregionalna.com\/?p=8979"},"modified":"2019-12-21T15:10:14","modified_gmt":"2019-12-21T15:10:14","slug":"rozpoczac-rok-na-wesolo","status":"publish","type":"post","link":"https:\/\/gazetaregionalna.com\/?p=8979","title":{"rendered":"Rozpocz\u0105\u0107 rok na weso\u0142o"},"content":{"rendered":"\n<p>W poniedzia\u0142ek, 6 stycznia w Filharmonii Cz\u0119stochowskiej obejrze\u0107 b\u0119dzie mo\u017cna komedi\u0119 pod tytu\u0142em: &#8222;Kiedy kota nie ma&#8221;. Na scenie widzowie zobacz\u0105 znanych i lubianych aktor\u00f3w. Przedstawienie przywiezie do Cz\u0119stochowski warszawski Teatr Capitol.<br> Spektakle o godzinie 15.30 i 17.30.<br> Bilety w cenie 38-120 z\u0142otych, w zale\u017cno\u015bci od miejsca.<br> Obsada:<br> Katarzyna SKRZYNECKA\/ Viola ARLAK<br> Anna GORNOSTAJ\/ Maja BARE\u0141KOWSKA<br> Jacek LENARTOWICZ\/ Piotr CYRWUS<br> Wojciech WYSOCKI\/ Piotr ZELT<br> Zofia ZBOROWSKA\/ Aleksandra GRZELAK.<\/p>\n","protected":false},"excerpt":{"rendered":"<p>W poniedzia\u0142ek, 6 stycznia w Filharmonii Cz\u0119stochowskiej obejrze\u0107 b\u0119dzie mo\u017cna komedi\u0119 pod tytu\u0142em: &#8222;Kiedy kota nie ma&#8221;. Na scenie widzowie zobacz\u0105 znanych i lubianych<\/p>\n","protected":false},"author":7,"featured_media":0,"comment_status":"open","ping_status":"open","sticky":false,"template":"","format":"standard","meta":{"_monsterinsights_skip_tracking":false,"_monsterinsights_sitenote_active":false,"_monsterinsights_sitenote_note":"","_monsterinsights_sitenote_category":0,"_uf_show_specific_survey":0,"_uf_disable_surveys":false,"footnotes":""},"categories":[3,12,94,2,13],"tags":[],"class_list":["post-8979","post","type-post","status-publish","format-standard","hentry","category-czestochowa-informacje","category-kultura-i-rozrywka","category-polecane","category-wiadomosci","category-wydarzenia"],"_links":{"self":[{"href":"https:\/\/gazetaregionalna.com\/index.php?rest_route=\/wp\/v2\/posts\/8979","targetHints":{"allow":["GET"]}}],"collection":[{"href":"https:\/\/gazetaregionalna.com\/index.php?rest_route=\/wp\/v2\/posts"}],"about":[{"href":"https:\/\/gazetaregionalna.com\/index.php?rest_route=\/wp\/v2\/types\/post"}],"author":[{"embeddable":true,"href":"https:\/\/gazetaregionalna.com\/index.php?rest_route=\/wp\/v2\/users\/7"}],"replies":[{"embeddable":true,"href":"https:\/\/gazetaregionalna.com\/index.php?rest_route=%2Fwp%2Fv2%2Fcomments&post=8979"}],"version-history":[{"count":1,"href":"https:\/\/gazetaregionalna.com\/index.php?rest_route=\/wp\/v2\/posts\/8979\/revisions"}],"predecessor-version":[{"id":8981,"href":"https:\/\/gazetaregionalna.com\/index.php?rest_route=\/wp\/v2\/posts\/8979\/revisions\/8981"}],"wp:attachment":[{"href":"https:\/\/gazetaregionalna.com\/index.php?rest_route=%2Fwp%2Fv2%2Fmedia&parent=8979"}],"wp:term":[{"taxonomy":"category","embeddable":true,"href":"https:\/\/gazetaregionalna.com\/index.php?rest_route=%2Fwp%2Fv2%2Fcategories&post=8979"},{"taxonomy":"post_tag","embeddable":true,"href":"https:\/\/gazetaregionalna.com\/index.php?rest_route=%2Fwp%2Fv2%2Ftags&post=8979"}],"curies":[{"name":"wp","href":"https:\/\/api.w.org\/{rel}","templated":true}]}}