{"id":8971,"date":"2019-12-20T09:27:00","date_gmt":"2019-12-20T09:27:00","guid":{"rendered":"https:\/\/gazetaregionalna.com\/?p=8971"},"modified":"2019-12-20T09:27:03","modified_gmt":"2019-12-20T09:27:03","slug":"zaczarowane-choinki-w-mdk-u","status":"publish","type":"post","link":"https:\/\/gazetaregionalna.com\/?p=8971","title":{"rendered":"Zaczarowane choinki w MDK-u"},"content":{"rendered":"\n<p>W Miejskim Domu Kultury w Lubli\u0144cu rozstrzygni\u0119to odbywaj\u0105cy si\u0119 tradycyjnie tu\u017c przed Bo\u017cym Narodzeniem konkurs plastyczny pod has\u0142em: \u201eZaczarowana choinka\u201d. Zasady w tym roku by\u0142y podobne do tych z poprzednich lat. Uczestnicy rywalizacji \u2014 miejskie przedszkola \u2014musieli w kreatywny, mo\u017cliwie jak najbardziej oryginalny spos\u00f3b przyozdobi\u0107 \u015bwi\u0105teczne drzewko.<\/p>\n\n\n\n<figure class=\"wp-block-image\"><img decoding=\"async\" data-src=\"https:\/\/gazetaregionalna.com\/wp-content\/uploads\/2019\/12\/choinka2-1.jpg\" alt=\"\" class=\"wp-image-8972 lazyload\" src=\"data:image\/svg+xml;base64,PHN2ZyB3aWR0aD0iMSIgaGVpZ2h0PSIxIiB4bWxucz0iaHR0cDovL3d3dy53My5vcmcvMjAwMC9zdmciPjwvc3ZnPg==\"><\/figure>\n\n\n\n<p><br> Oto wyniki konkursu:<br> I miejsce: Przedszkole Miejskie nr 7<br> II miejsce: Przedszkole Miejskie nr 4 oraz Przedszkole im. \u015aw. Edyty Stein KSW<br> III miejsce: Przedszkole Miejskie nr 8 i Miejskie Przedszkole Integracyjne nr 3<br> Wyr\u00f3\u017cnienia: Przedszkole Miejskie nr 1 i Niepubliczne Przedszkole \u201eStumilowy Las\u201d.<\/p>\n\n\n\n<figure class=\"wp-block-image\"><img decoding=\"async\" data-src=\"https:\/\/gazetaregionalna.com\/wp-content\/uploads\/2019\/12\/choinka3.jpg\" alt=\"\" class=\"wp-image-8973 lazyload\" src=\"data:image\/svg+xml;base64,PHN2ZyB3aWR0aD0iMSIgaGVpZ2h0PSIxIiB4bWxucz0iaHR0cDovL3d3dy53My5vcmcvMjAwMC9zdmciPjwvc3ZnPg==\"><\/figure>\n\n\n\n<p><br> Wszystkie prace podziwia\u0107 mo\u017cna w galerii Miejskiego O\u015brodka Kultury.<br> (Fot. MDK Lubliniec)<\/p>\n","protected":false},"excerpt":{"rendered":"<p>W Miejskim Domu Kultury w Lubli\u0144cu rozstrzygni\u0119to odbywaj\u0105cy si\u0119 tradycyjnie tu\u017c przed Bo\u017cym Narodzeniem konkurs plastyczny pod has\u0142em: \u201eZaczarowana choinka\u201d. Zasady w tym roku<\/p>\n","protected":false},"author":7,"featured_media":0,"comment_status":"open","ping_status":"open","sticky":false,"template":"","format":"standard","meta":{"_monsterinsights_skip_tracking":false,"_monsterinsights_sitenote_active":false,"_monsterinsights_sitenote_note":"","_monsterinsights_sitenote_category":0,"_uf_show_specific_survey":0,"_uf_disable_surveys":false,"footnotes":""},"categories":[41,12,25,94,2],"tags":[],"class_list":["post-8971","post","type-post","status-publish","format-standard","hentry","category-edukacja","category-kultura-i-rozrywka","category-lubliniec","category-polecane","category-wiadomosci"],"_links":{"self":[{"href":"https:\/\/gazetaregionalna.com\/index.php?rest_route=\/wp\/v2\/posts\/8971","targetHints":{"allow":["GET"]}}],"collection":[{"href":"https:\/\/gazetaregionalna.com\/index.php?rest_route=\/wp\/v2\/posts"}],"about":[{"href":"https:\/\/gazetaregionalna.com\/index.php?rest_route=\/wp\/v2\/types\/post"}],"author":[{"embeddable":true,"href":"https:\/\/gazetaregionalna.com\/index.php?rest_route=\/wp\/v2\/users\/7"}],"replies":[{"embeddable":true,"href":"https:\/\/gazetaregionalna.com\/index.php?rest_route=%2Fwp%2Fv2%2Fcomments&post=8971"}],"version-history":[{"count":1,"href":"https:\/\/gazetaregionalna.com\/index.php?rest_route=\/wp\/v2\/posts\/8971\/revisions"}],"predecessor-version":[{"id":8975,"href":"https:\/\/gazetaregionalna.com\/index.php?rest_route=\/wp\/v2\/posts\/8971\/revisions\/8975"}],"wp:attachment":[{"href":"https:\/\/gazetaregionalna.com\/index.php?rest_route=%2Fwp%2Fv2%2Fmedia&parent=8971"}],"wp:term":[{"taxonomy":"category","embeddable":true,"href":"https:\/\/gazetaregionalna.com\/index.php?rest_route=%2Fwp%2Fv2%2Fcategories&post=8971"},{"taxonomy":"post_tag","embeddable":true,"href":"https:\/\/gazetaregionalna.com\/index.php?rest_route=%2Fwp%2Fv2%2Ftags&post=8971"}],"curies":[{"name":"wp","href":"https:\/\/api.w.org\/{rel}","templated":true}]}}