{"id":8966,"date":"2019-12-20T09:07:58","date_gmt":"2019-12-20T09:07:58","guid":{"rendered":"https:\/\/gazetaregionalna.com\/?p=8966"},"modified":"2019-12-20T09:08:02","modified_gmt":"2019-12-20T09:08:02","slug":"swiateczny-dar-dla-zwierzat","status":"publish","type":"post","link":"https:\/\/gazetaregionalna.com\/?p=8966","title":{"rendered":"\u015awi\u0105teczny dar dla zwierz\u0105t"},"content":{"rendered":"\n<h2 class=\"wp-block-heading\">Przedszkola, szko\u0142y i firmy z Cz\u0119stochowy oraz \u0141ojek aktywnie uczestniczy\u0142y w czwartej edycji akcji  \u201eCharytatywnie dla zwierz\u0105t\u201d . Zbierano jedzenie, koce, legowiska, a tak\u017ce inne potrzebne czworonogom akcesoria. <\/h2>\n\n\n\n<figure class=\"wp-block-image\"><img decoding=\"async\" data-src=\"https:\/\/gazetaregionalna.com\/wp-content\/uploads\/2019\/12\/dary1.jpg\" alt=\"\" class=\"wp-image-8967 lazyload\" src=\"data:image\/svg+xml;base64,PHN2ZyB3aWR0aD0iMSIgaGVpZ2h0PSIxIiB4bWxucz0iaHR0cDovL3d3dy53My5vcmcvMjAwMC9zdmciPjwvc3ZnPg==\"><\/figure>\n\n\n\n<p>Jeszcze przed \u015bwi\u0119tami dary trafi\u0105 do Schroniska dla Bezdomnych Zwierz\u0105t w Cz\u0119stochowie, Schroniska dla Bezdomnych Zwierz\u0105t AS w Jamrozowi\u017anie, Fundacji Psia Duszka, Cz\u0119sto\u015bl\u0105skich kot\u00f3w do adopcji oraz os\u00f3b prywatnych, kt\u00f3re opiekuj\u0105 si\u0119 bezdomnymi kotami i psami.  W sumie zebrano dwie i p\u00f3\u0142 tony jedzenia, a tak\u017ce 450 koc\u00f3w i wiele innych potrzebnych artyku\u0142\u00f3w.<\/p>\n\n\n\n<figure class=\"wp-block-image\"><img decoding=\"async\" width=\"900\" height=\"506\" data-src=\"https:\/\/gazetaregionalna.com\/wp-content\/uploads\/2019\/12\/dary3.jpg\" alt=\"\" class=\"wp-image-8968 lazyload\" data-srcset=\"https:\/\/gazetaregionalna.com\/wp-content\/uploads\/2019\/12\/dary3.jpg 900w, https:\/\/gazetaregionalna.com\/wp-content\/uploads\/2019\/12\/dary3-300x169.jpg 300w, https:\/\/gazetaregionalna.com\/wp-content\/uploads\/2019\/12\/dary3-768x432.jpg 768w, https:\/\/gazetaregionalna.com\/wp-content\/uploads\/2019\/12\/dary3-696x391.jpg 696w, https:\/\/gazetaregionalna.com\/wp-content\/uploads\/2019\/12\/dary3-747x420.jpg 747w\" data-sizes=\"(max-width: 900px) 100vw, 900px\" src=\"data:image\/svg+xml;base64,PHN2ZyB3aWR0aD0iMSIgaGVpZ2h0PSIxIiB4bWxucz0iaHR0cDovL3d3dy53My5vcmcvMjAwMC9zdmciPjwvc3ZnPg==\" style=\"--smush-placeholder-width: 900px; --smush-placeholder-aspect-ratio: 900\/506;\" \/><\/figure>\n\n\n\n<p><br> W \u201eCharytatywnie dla zwierz\u0105t\u201d w\u0142\u0105czy\u0142y si\u0119 cz\u0119stochowskie plac\u00f3wki o\u015bwiatowe z Cz\u0119stochowy i \u0141ojek oraz prywatni przedsi\u0119biorcy. Zbierano wszystko, co mo\u017ce przyda\u0107 si\u0119 zwierzakom, a tak\u017ce czuwaj\u0105cym nad nimi wolontariuszkom i wolontariuszom \u2013 koce, poduchy, karmy, makarony, jedzenie w puszkach z d\u0142ugim terminem wa\u017cno\u015bci, ale tak\u017ce leki i akcesoria dla zwierz\u0105t.<br> Akcj\u0119 ,,Charytatywnie dla zwierz\u0105t\u201d pod honorowym patronatem prezydenta Krzysztofa Matyjaszczyka zorganizowali Zesp\u00f3\u0142 Szk\u00f3\u0142 Technicznych, Stowarzyszenie Aktywna Cz\u0119stochowa i Cz\u0119stokocham, Miejskie Przedsi\u0119biorstwo Komunikacyjne oraz M\u0142odzie\u017cowa Rada Miasta.<br> Szko\u0142y i przedszkola, kt\u00f3re w\u0142\u0105czy\u0142y si\u0119 w akcj\u0119:<br> V Liceum Og\u00f3lnokszta\u0142c\u0105ce im. Adama Mickiewicza<br> IV Liceum Og\u00f3lnokszta\u0142c\u0105ce im. Henryka Sienkiewicza<br> IX Liceum Og\u00f3lnokszta\u0142c\u0105ce im. Cypriana Kamila Norwida<br> VIII Liceum Og\u00f3lnokszta\u0142c\u0105ce Samorz\u0105dowe<br> Zespo\u0142u Szk\u00f3\u0142 Gastronomicznych im. Marii Sk\u0142odowskiej- Curie<br> Zesp\u00f3\u0142 Szk\u00f3\u0142 im. Gen. W\u0142adys\u0142awa Andersa<br> Zesp\u00f3\u0142 Szk\u00f3\u0142 im. Boles\u0142awa Prusa<br> Zesp\u00f3\u0142 Szk\u00f3\u0142 Samochodowo &#8211; Budowlanych<br> Zesp\u00f3\u0142 Szk\u00f3\u0142 Technicznych<br> Zesp\u00f3\u0142 Szk\u00f3\u0142 Plastycznych im. Jacka Malczewskiego w Cz\u0119stochowie<br> ZDZ &#8211; Zesp\u00f3\u0142 Szk\u00f3\u0142 w Cz\u0119stochowie<br> TEB Edukacja<br> Szko\u0142a Podstawowa nr 7 im. Konstantego Ildefonsa Ga\u0142czy\u0144skiego<br> Szko\u0142a Podstawowa nr 12 im. Boles\u0142awa Chrobrego<br> Szko\u0142a Podstawowa nr 13 im. Kornela Makuszy\u0144skiego<br> Szko\u0142a Podstawowa nr 17 z Oddzia\u0142ami Integracyjnymi im. Stanis\u0142awa Wyspia\u0144skiego<br> Szko\u0142a Podstawowa nr 21 im. Ks. Stanis\u0142awa Konarskiego<br> Szko\u0142a Podstawowa nr 25 im. Stanis\u0142awa Staszica<br> Szko\u0142a Podstawowa nr 31 im. Or\u0142a Bia\u0142ego<br> Szko\u0142a Podstawowa nr 33 im. Marii Kownackiej<br> Szko\u0142a Podstawowa nr 34 im. Aleksandra Hrabiego Fredry<br> Szko\u0142a Podstawowa nr 35<br> Szko\u0142a Podstawowa nr 36 im. Polskich Olimpijczyk\u00f3w<br> Szko\u0142a Podstawowa nr 38 im. Stanis\u0142awa Staszica<br> Szko\u0142a Podstawowa nr 39 im. Marii Konopnickiej<br> Szko\u0142a Podstawowa nr 46 im. Stefana \u017beromskiego<br> Szko\u0142a Podstawowa nr 49 im. Jana Kusoci\u0144skiego<br> Szko\u0142a Podstawowa nr 54 z Oddzia\u0142ami Integracyjnymi<br> Szko\u0142a Podstawowa im. K. Makuszy\u0144skiego w \u0141ojkach<br> Szko\u0142a Podstawowa im. \u015bw. Jana de La Salle<br> Miejskie Przedszkole Integracyjne nr 35 im. Ma\u0142ego Ksi\u0119cia<br> Ponadto w zbi\u00f3rce uczestnicyli: Przedszkole w \u0141ojkach, Szko\u0142a Podstawowa im. K. Makuszy\u0144skiego w \u0141ojkach, Biuro Podr\u00f3\u017cy &#8222;Mamuno&#8221;, Fundacja \u201eFilary\u201d, sklep zoologiczny \u201eRy\u015b\u201d, Stowarzyszenie Canis e Catus, Centrum Handlowo-Us\u0142ugowe Jagiello\u0144czycy, Dzielnicowy O\u015brodek Spo\u0142eczno\u015bci Lokalnej Rak\u00f3w, Interes.pl oraz Szko\u0142a \u017bak.<br> (\u0179r\u00f3d\u0142o: UM Cz\u0119stochowa)<\/p>\n\n\n\n<p><\/p>\n","protected":false},"excerpt":{"rendered":"<p>Przedszkola, szko\u0142y i firmy z Cz\u0119stochowy oraz \u0141ojek aktywnie uczestniczy\u0142y w czwartej edycji akcji \u201eCharytatywnie dla zwierz\u0105t\u201d . Zbierano jedzenie, koce, legowiska, a tak\u017ce<\/p>\n","protected":false},"author":7,"featured_media":8969,"comment_status":"open","ping_status":"open","sticky":false,"template":"","format":"standard","meta":{"_monsterinsights_skip_tracking":false,"_monsterinsights_sitenote_active":false,"_monsterinsights_sitenote_note":"","_monsterinsights_sitenote_category":0,"_uf_show_specific_survey":0,"_uf_disable_surveys":false,"footnotes":""},"categories":[3,94,2],"tags":[],"class_list":["post-8966","post","type-post","status-publish","format-standard","has-post-thumbnail","hentry","category-czestochowa-informacje","category-polecane","category-wiadomosci"],"_links":{"self":[{"href":"https:\/\/gazetaregionalna.com\/index.php?rest_route=\/wp\/v2\/posts\/8966","targetHints":{"allow":["GET"]}}],"collection":[{"href":"https:\/\/gazetaregionalna.com\/index.php?rest_route=\/wp\/v2\/posts"}],"about":[{"href":"https:\/\/gazetaregionalna.com\/index.php?rest_route=\/wp\/v2\/types\/post"}],"author":[{"embeddable":true,"href":"https:\/\/gazetaregionalna.com\/index.php?rest_route=\/wp\/v2\/users\/7"}],"replies":[{"embeddable":true,"href":"https:\/\/gazetaregionalna.com\/index.php?rest_route=%2Fwp%2Fv2%2Fcomments&post=8966"}],"version-history":[{"count":1,"href":"https:\/\/gazetaregionalna.com\/index.php?rest_route=\/wp\/v2\/posts\/8966\/revisions"}],"predecessor-version":[{"id":8970,"href":"https:\/\/gazetaregionalna.com\/index.php?rest_route=\/wp\/v2\/posts\/8966\/revisions\/8970"}],"wp:featuredmedia":[{"embeddable":true,"href":"https:\/\/gazetaregionalna.com\/index.php?rest_route=\/wp\/v2\/media\/8969"}],"wp:attachment":[{"href":"https:\/\/gazetaregionalna.com\/index.php?rest_route=%2Fwp%2Fv2%2Fmedia&parent=8966"}],"wp:term":[{"taxonomy":"category","embeddable":true,"href":"https:\/\/gazetaregionalna.com\/index.php?rest_route=%2Fwp%2Fv2%2Fcategories&post=8966"},{"taxonomy":"post_tag","embeddable":true,"href":"https:\/\/gazetaregionalna.com\/index.php?rest_route=%2Fwp%2Fv2%2Ftags&post=8966"}],"curies":[{"name":"wp","href":"https:\/\/api.w.org\/{rel}","templated":true}]}}