{"id":8963,"date":"2019-12-20T08:16:17","date_gmt":"2019-12-20T08:16:17","guid":{"rendered":"https:\/\/gazetaregionalna.com\/?p=8963"},"modified":"2019-12-20T08:16:19","modified_gmt":"2019-12-20T08:16:19","slug":"pozegnanie-roku-z-irena-santor","status":"publish","type":"post","link":"https:\/\/gazetaregionalna.com\/?p=8963","title":{"rendered":"Po\u017cegnanie roku z Iren\u0105 Santor"},"content":{"rendered":"\n<p>\n&#8222;Gal\u0105\nSylwestrow\u0105&#8221;, w kt\u00f3rej trakcie wyst\u0105pi Irena Santor z\nzespo\u0142em radomszczanie po\u017cegnaj\u0105 2019 rok. Uwielbiana przez\nkolejne pokolenia s\u0142uchaczy Artystka zaprezentuje znane i lubiane\nprzeboje, piosenki z okrytej platyn\u0105 p\u0142yty &#8222;Kr\u0119ci mnie ten\n\u015bwiat&#8221; oraz najnowszej p\u0142yty &#8222;Punkt widzenia&#8221;, kt\u00f3re\nentuzjastycznie przyj\u0119te przez recenzent\u00f3w zdoby\u0142y tak\u017ce serce i\nuznanie publiczno\u015bci.<\/p>\n\n\n\n<p>\nIrena\nSantor wyst\u0105pi z towarzyszeniem zespo\u0142u muzycznego w sk\u0142adzie:\nMariusz Dubrawski \u2013 fortepian, Wojciech Ruci\u0144ski \u2013 kontrabas,\nGrzegorz Poliszak \u2013 perkusja.<\/p>\n\n\n\n<p>\nKoncert\nodb\u0119dzie si\u0119 31 grudnia o godzinie 20.<\/p>\n\n\n\n<p>\nBilety:<\/p>\n\n\n\n<p>\ndo\n22 grudnia 2019 r.: w rz\u0119dach I, II, III i V \u2013 80 z\u0142; w rz\u0119dach\nod VI do XIV \u2013 70 z\u0142; balkon od XVI do XIX \u2013 60 z\u0142<\/p>\n\n\n\n<p>\nod\n23 grudnia 2019 r.: w rz\u0119dach I, II, III i V \u2013 90 z\u0142; w rz\u0119dach\nod VI do XIV \u2013 80 z\u0142; balkon od XVI do XIX \u2013 70 z\u0142.<\/p>\n","protected":false},"excerpt":{"rendered":"<p>&#8222;Gal\u0105 Sylwestrow\u0105&#8221;, w kt\u00f3rej trakcie wyst\u0105pi Irena Santor z zespo\u0142em radomszczanie po\u017cegnaj\u0105 2019 rok. Uwielbiana przez kolejne pokolenia s\u0142uchaczy Artystka zaprezentuje znane i lubiane<\/p>\n","protected":false},"author":7,"featured_media":0,"comment_status":"open","ping_status":"open","sticky":false,"template":"","format":"standard","meta":{"_monsterinsights_skip_tracking":false,"_monsterinsights_sitenote_active":false,"_monsterinsights_sitenote_note":"","_monsterinsights_sitenote_category":0,"_uf_show_specific_survey":0,"_uf_disable_surveys":false,"footnotes":""},"categories":[12,94,28,2,13],"tags":[],"class_list":["post-8963","post","type-post","status-publish","format-standard","hentry","category-kultura-i-rozrywka","category-polecane","category-radomsko","category-wiadomosci","category-wydarzenia"],"_links":{"self":[{"href":"https:\/\/gazetaregionalna.com\/index.php?rest_route=\/wp\/v2\/posts\/8963","targetHints":{"allow":["GET"]}}],"collection":[{"href":"https:\/\/gazetaregionalna.com\/index.php?rest_route=\/wp\/v2\/posts"}],"about":[{"href":"https:\/\/gazetaregionalna.com\/index.php?rest_route=\/wp\/v2\/types\/post"}],"author":[{"embeddable":true,"href":"https:\/\/gazetaregionalna.com\/index.php?rest_route=\/wp\/v2\/users\/7"}],"replies":[{"embeddable":true,"href":"https:\/\/gazetaregionalna.com\/index.php?rest_route=%2Fwp%2Fv2%2Fcomments&post=8963"}],"version-history":[{"count":1,"href":"https:\/\/gazetaregionalna.com\/index.php?rest_route=\/wp\/v2\/posts\/8963\/revisions"}],"predecessor-version":[{"id":8965,"href":"https:\/\/gazetaregionalna.com\/index.php?rest_route=\/wp\/v2\/posts\/8963\/revisions\/8965"}],"wp:attachment":[{"href":"https:\/\/gazetaregionalna.com\/index.php?rest_route=%2Fwp%2Fv2%2Fmedia&parent=8963"}],"wp:term":[{"taxonomy":"category","embeddable":true,"href":"https:\/\/gazetaregionalna.com\/index.php?rest_route=%2Fwp%2Fv2%2Fcategories&post=8963"},{"taxonomy":"post_tag","embeddable":true,"href":"https:\/\/gazetaregionalna.com\/index.php?rest_route=%2Fwp%2Fv2%2Ftags&post=8963"}],"curies":[{"name":"wp","href":"https:\/\/api.w.org\/{rel}","templated":true}]}}