{"id":89564,"date":"2022-08-21T08:56:34","date_gmt":"2022-08-21T08:56:34","guid":{"rendered":"https:\/\/gazetaregionalna.com\/?p=89564"},"modified":"2022-08-21T08:56:34","modified_gmt":"2022-08-21T08:56:34","slug":"w-srode-w-czestochowie-zaplanowany-jest-final-indywidualnych-mistrzostw-polski-juniorow","status":"publish","type":"post","link":"https:\/\/gazetaregionalna.com\/?p=89564","title":{"rendered":"W \u015brod\u0119 w Cz\u0119stochowie zaplanowany jest fina\u0142 Indywidualnych Mistrzostw Polski Junior\u00f3w"},"content":{"rendered":"\n<p>Fina\u0142 IMPJ odb\u0119dzie si\u0119 w najbli\u017csz\u0105 \u015brod\u0119 w Cz\u0119stochowie. Z\u0142otego medalu b\u0119dzie broni\u0107 \u017cu\u017clowiec zielona-energia.com W\u0142\u00f3kniarz Jakub Mi\u015bkowiak.<\/p>\n\n\n\n<p>Juniorzy W\u0142\u00f3kniarza w poprzednim sezonie 2021 zdobyli dwa medale Indywidualnych Mistrzostw Polski Junior\u00f3w. Z\u0142oto wywalczy\u0142 Jakub Mi\u015bkowiak, a br\u0105z Mateusz \u015awidnicki. W 2022 roku cz\u0119stochowianie b\u0119d\u0105 mie\u0107 du\u017c\u0105 szans\u0119 na kolejne medale. Fina\u0142 IMPJ odb\u0119dzie si\u0119 w najbli\u017csz\u0105 \u015brod\u0119 w Cz\u0119stochowie.<\/p>\n\n\n\n<p><strong>AK<\/strong>, fot: <strong>AK<\/strong><\/p>\n\n\n\n<p>1. Wiktor Rafalski<\/p>\n\n\n\n<p>2. Denis Zieli\u0144ski<\/p>\n\n\n\n<p>3. Mateusz \u015awidnicki<\/p>\n\n\n\n<p>4. Pawe\u0142 Trze\u015bniewski<\/p>\n\n\n\n<p>5. Wiktor Przyjemski<\/p>\n\n\n\n<p>6. Oskar Paluch<\/p>\n\n\n\n<p>7. Jakub Mi\u015bkowiak<\/p>\n\n\n\n<p>8. Nikodem Bartoch<\/p>\n\n\n\n<p>9. Damian Ratajczak<\/p>\n\n\n\n<p>10. Bart\u0142omiej Kowalski<\/p>\n\n\n\n<p>11. Mateusz Cierniak<\/p>\n\n\n\n<p>12. Micha\u0142 Curzytek<\/p>\n\n\n\n<p>13. Wiktor Lampart<\/p>\n\n\n\n<p>14. Kacper Pludra<\/p>\n\n\n\n<p>15. Krzysztof Lewandowski<\/p>\n\n\n\n<p>16. Mateusz Bartkowiak<\/p>\n\n\n\n<p>R1. Piotr \u015awiercz<\/p>\n\n\n\n<p>R2. Kacper \u0141obodzi\u0144ski<\/p>\n\n\n\n<figure class=\"wp-block-image size-large\"><img decoding=\"async\" width=\"1024\" height=\"683\" data-src=\"https:\/\/gazetaregionalna.com\/wp-content\/uploads\/2021\/09\/MIMP-02-1024x683.jpg\" alt=\"\" class=\"wp-image-54556 lazyload\" data-srcset=\"https:\/\/gazetaregionalna.com\/wp-content\/uploads\/2021\/09\/MIMP-02-1024x683.jpg 1024w, https:\/\/gazetaregionalna.com\/wp-content\/uploads\/2021\/09\/MIMP-02-300x200.jpg 300w, https:\/\/gazetaregionalna.com\/wp-content\/uploads\/2021\/09\/MIMP-02-768x512.jpg 768w, https:\/\/gazetaregionalna.com\/wp-content\/uploads\/2021\/09\/MIMP-02-1536x1024.jpg 1536w, https:\/\/gazetaregionalna.com\/wp-content\/uploads\/2021\/09\/MIMP-02-2048x1365.jpg 2048w, https:\/\/gazetaregionalna.com\/wp-content\/uploads\/2021\/09\/MIMP-02-696x464.jpg 696w, https:\/\/gazetaregionalna.com\/wp-content\/uploads\/2021\/09\/MIMP-02-1068x712.jpg 1068w, https:\/\/gazetaregionalna.com\/wp-content\/uploads\/2021\/09\/MIMP-02-1920x1280.jpg 1920w, https:\/\/gazetaregionalna.com\/wp-content\/uploads\/2021\/09\/MIMP-02-630x420.jpg 630w, https:\/\/gazetaregionalna.com\/wp-content\/uploads\/2021\/09\/MIMP-02-scaled.jpg 1600w\" data-sizes=\"(max-width: 1024px) 100vw, 1024px\" src=\"data:image\/svg+xml;base64,PHN2ZyB3aWR0aD0iMSIgaGVpZ2h0PSIxIiB4bWxucz0iaHR0cDovL3d3dy53My5vcmcvMjAwMC9zdmciPjwvc3ZnPg==\" style=\"--smush-placeholder-width: 1024px; --smush-placeholder-aspect-ratio: 1024\/683;\" \/><\/figure>\n\n\n\n<figure class=\"wp-block-image size-large\"><img decoding=\"async\" width=\"1024\" height=\"681\" data-src=\"https:\/\/gazetaregionalna.com\/wp-content\/uploads\/2021\/09\/MIMP-01-1024x681.jpg\" alt=\"\" class=\"wp-image-54555 lazyload\" data-srcset=\"https:\/\/gazetaregionalna.com\/wp-content\/uploads\/2021\/09\/MIMP-01-1024x681.jpg 1024w, https:\/\/gazetaregionalna.com\/wp-content\/uploads\/2021\/09\/MIMP-01-300x199.jpg 300w, https:\/\/gazetaregionalna.com\/wp-content\/uploads\/2021\/09\/MIMP-01-768x511.jpg 768w, https:\/\/gazetaregionalna.com\/wp-content\/uploads\/2021\/09\/MIMP-01-1536x1021.jpg 1536w, https:\/\/gazetaregionalna.com\/wp-content\/uploads\/2021\/09\/MIMP-01-2048x1362.jpg 2048w, https:\/\/gazetaregionalna.com\/wp-content\/uploads\/2021\/09\/MIMP-01-696x463.jpg 696w, https:\/\/gazetaregionalna.com\/wp-content\/uploads\/2021\/09\/MIMP-01-1068x710.jpg 1068w, https:\/\/gazetaregionalna.com\/wp-content\/uploads\/2021\/09\/MIMP-01-1920x1277.jpg 1920w, https:\/\/gazetaregionalna.com\/wp-content\/uploads\/2021\/09\/MIMP-01-632x420.jpg 632w, https:\/\/gazetaregionalna.com\/wp-content\/uploads\/2021\/09\/MIMP-01-scaled.jpg 1600w\" data-sizes=\"(max-width: 1024px) 100vw, 1024px\" src=\"data:image\/svg+xml;base64,PHN2ZyB3aWR0aD0iMSIgaGVpZ2h0PSIxIiB4bWxucz0iaHR0cDovL3d3dy53My5vcmcvMjAwMC9zdmciPjwvc3ZnPg==\" style=\"--smush-placeholder-width: 1024px; --smush-placeholder-aspect-ratio: 1024\/681;\" \/><\/figure>\n\n\n\n<figure class=\"wp-block-image size-large\"><img decoding=\"async\" width=\"300\" height=\"250\" data-src=\"https:\/\/gazetaregionalna.com\/wp-content\/uploads\/2022\/04\/DMK-7.jpg\" alt=\"\" class=\"wp-image-77214 lazyload\" src=\"data:image\/svg+xml;base64,PHN2ZyB3aWR0aD0iMSIgaGVpZ2h0PSIxIiB4bWxucz0iaHR0cDovL3d3dy53My5vcmcvMjAwMC9zdmciPjwvc3ZnPg==\" style=\"--smush-placeholder-width: 300px; --smush-placeholder-aspect-ratio: 300\/250;\"><\/figure>\n\n\n\n<figure class=\"wp-block-image size-large\"><img decoding=\"async\" width=\"1024\" height=\"745\" data-src=\"https:\/\/gazetaregionalna.com\/wp-content\/uploads\/2021\/09\/MIMP-09-1024x745.jpg\" alt=\"\" class=\"wp-image-54562 lazyload\" data-srcset=\"https:\/\/gazetaregionalna.com\/wp-content\/uploads\/2021\/09\/MIMP-09-1024x745.jpg 1024w, https:\/\/gazetaregionalna.com\/wp-content\/uploads\/2021\/09\/MIMP-09-300x218.jpg 300w, https:\/\/gazetaregionalna.com\/wp-content\/uploads\/2021\/09\/MIMP-09-768x559.jpg 768w, https:\/\/gazetaregionalna.com\/wp-content\/uploads\/2021\/09\/MIMP-09-1536x1118.jpg 1536w, https:\/\/gazetaregionalna.com\/wp-content\/uploads\/2021\/09\/MIMP-09-2048x1491.jpg 2048w, https:\/\/gazetaregionalna.com\/wp-content\/uploads\/2021\/09\/MIMP-09-696x507.jpg 696w, https:\/\/gazetaregionalna.com\/wp-content\/uploads\/2021\/09\/MIMP-09-1068x777.jpg 1068w, https:\/\/gazetaregionalna.com\/wp-content\/uploads\/2021\/09\/MIMP-09-1920x1398.jpg 1920w, https:\/\/gazetaregionalna.com\/wp-content\/uploads\/2021\/09\/MIMP-09-577x420.jpg 577w, https:\/\/gazetaregionalna.com\/wp-content\/uploads\/2021\/09\/MIMP-09-324x235.jpg 324w, https:\/\/gazetaregionalna.com\/wp-content\/uploads\/2021\/09\/MIMP-09-scaled.jpg 1600w\" data-sizes=\"(max-width: 1024px) 100vw, 1024px\" src=\"data:image\/svg+xml;base64,PHN2ZyB3aWR0aD0iMSIgaGVpZ2h0PSIxIiB4bWxucz0iaHR0cDovL3d3dy53My5vcmcvMjAwMC9zdmciPjwvc3ZnPg==\" style=\"--smush-placeholder-width: 1024px; --smush-placeholder-aspect-ratio: 1024\/745;\" \/><\/figure>\n\n\n\n<figure class=\"wp-block-image size-large\"><img decoding=\"async\" width=\"1024\" height=\"667\" data-src=\"https:\/\/gazetaregionalna.com\/wp-content\/uploads\/2021\/09\/MIMP-08-1024x667.jpg\" alt=\"\" class=\"wp-image-54561 lazyload\" data-srcset=\"https:\/\/gazetaregionalna.com\/wp-content\/uploads\/2021\/09\/MIMP-08-1024x667.jpg 1024w, https:\/\/gazetaregionalna.com\/wp-content\/uploads\/2021\/09\/MIMP-08-300x195.jpg 300w, https:\/\/gazetaregionalna.com\/wp-content\/uploads\/2021\/09\/MIMP-08-768x500.jpg 768w, https:\/\/gazetaregionalna.com\/wp-content\/uploads\/2021\/09\/MIMP-08-1536x1000.jpg 1536w, https:\/\/gazetaregionalna.com\/wp-content\/uploads\/2021\/09\/MIMP-08-2048x1334.jpg 2048w, https:\/\/gazetaregionalna.com\/wp-content\/uploads\/2021\/09\/MIMP-08-696x453.jpg 696w, https:\/\/gazetaregionalna.com\/wp-content\/uploads\/2021\/09\/MIMP-08-1068x695.jpg 1068w, https:\/\/gazetaregionalna.com\/wp-content\/uploads\/2021\/09\/MIMP-08-1920x1250.jpg 1920w, https:\/\/gazetaregionalna.com\/wp-content\/uploads\/2021\/09\/MIMP-08-645x420.jpg 645w, https:\/\/gazetaregionalna.com\/wp-content\/uploads\/2021\/09\/MIMP-08-scaled.jpg 1600w\" data-sizes=\"(max-width: 1024px) 100vw, 1024px\" src=\"data:image\/svg+xml;base64,PHN2ZyB3aWR0aD0iMSIgaGVpZ2h0PSIxIiB4bWxucz0iaHR0cDovL3d3dy53My5vcmcvMjAwMC9zdmciPjwvc3ZnPg==\" style=\"--smush-placeholder-width: 1024px; --smush-placeholder-aspect-ratio: 1024\/667;\" \/><\/figure>\n\n\n\n<figure class=\"wp-block-image size-large\"><img decoding=\"async\" width=\"1024\" height=\"683\" data-src=\"https:\/\/gazetaregionalna.com\/wp-content\/uploads\/2021\/09\/MIMP-06-1024x683.jpg\" alt=\"\" class=\"wp-image-54560 lazyload\" data-srcset=\"https:\/\/gazetaregionalna.com\/wp-content\/uploads\/2021\/09\/MIMP-06-1024x683.jpg 1024w, https:\/\/gazetaregionalna.com\/wp-content\/uploads\/2021\/09\/MIMP-06-300x200.jpg 300w, https:\/\/gazetaregionalna.com\/wp-content\/uploads\/2021\/09\/MIMP-06-768x512.jpg 768w, https:\/\/gazetaregionalna.com\/wp-content\/uploads\/2021\/09\/MIMP-06-1536x1024.jpg 1536w, https:\/\/gazetaregionalna.com\/wp-content\/uploads\/2021\/09\/MIMP-06-2048x1365.jpg 2048w, https:\/\/gazetaregionalna.com\/wp-content\/uploads\/2021\/09\/MIMP-06-696x464.jpg 696w, https:\/\/gazetaregionalna.com\/wp-content\/uploads\/2021\/09\/MIMP-06-1068x712.jpg 1068w, https:\/\/gazetaregionalna.com\/wp-content\/uploads\/2021\/09\/MIMP-06-1920x1280.jpg 1920w, https:\/\/gazetaregionalna.com\/wp-content\/uploads\/2021\/09\/MIMP-06-630x420.jpg 630w, https:\/\/gazetaregionalna.com\/wp-content\/uploads\/2021\/09\/MIMP-06-scaled.jpg 1600w\" data-sizes=\"(max-width: 1024px) 100vw, 1024px\" src=\"data:image\/svg+xml;base64,PHN2ZyB3aWR0aD0iMSIgaGVpZ2h0PSIxIiB4bWxucz0iaHR0cDovL3d3dy53My5vcmcvMjAwMC9zdmciPjwvc3ZnPg==\" style=\"--smush-placeholder-width: 1024px; --smush-placeholder-aspect-ratio: 1024\/683;\" \/><\/figure>\n\n\n\n<figure class=\"wp-block-image size-large\"><img decoding=\"async\" width=\"1024\" height=\"806\" data-src=\"https:\/\/gazetaregionalna.com\/wp-content\/uploads\/2021\/09\/MIMP-04-1024x806.jpg\" alt=\"\" class=\"wp-image-54558 lazyload\" data-srcset=\"https:\/\/gazetaregionalna.com\/wp-content\/uploads\/2021\/09\/MIMP-04-1024x806.jpg 1024w, https:\/\/gazetaregionalna.com\/wp-content\/uploads\/2021\/09\/MIMP-04-300x236.jpg 300w, https:\/\/gazetaregionalna.com\/wp-content\/uploads\/2021\/09\/MIMP-04-768x604.jpg 768w, https:\/\/gazetaregionalna.com\/wp-content\/uploads\/2021\/09\/MIMP-04-1536x1208.jpg 1536w, https:\/\/gazetaregionalna.com\/wp-content\/uploads\/2021\/09\/MIMP-04-2048x1611.jpg 2048w, https:\/\/gazetaregionalna.com\/wp-content\/uploads\/2021\/09\/MIMP-04-696x548.jpg 696w, https:\/\/gazetaregionalna.com\/wp-content\/uploads\/2021\/09\/MIMP-04-1068x840.jpg 1068w, https:\/\/gazetaregionalna.com\/wp-content\/uploads\/2021\/09\/MIMP-04-1920x1511.jpg 1920w, https:\/\/gazetaregionalna.com\/wp-content\/uploads\/2021\/09\/MIMP-04-534x420.jpg 534w, https:\/\/gazetaregionalna.com\/wp-content\/uploads\/2021\/09\/MIMP-04-scaled.jpg 1600w\" data-sizes=\"(max-width: 1024px) 100vw, 1024px\" src=\"data:image\/svg+xml;base64,PHN2ZyB3aWR0aD0iMSIgaGVpZ2h0PSIxIiB4bWxucz0iaHR0cDovL3d3dy53My5vcmcvMjAwMC9zdmciPjwvc3ZnPg==\" style=\"--smush-placeholder-width: 1024px; --smush-placeholder-aspect-ratio: 1024\/806;\" \/><\/figure>\n","protected":false},"excerpt":{"rendered":"<p>Fina\u0142 IMPJ odb\u0119dzie si\u0119 w najbli\u017csz\u0105 \u015brod\u0119 w Cz\u0119stochowie. Z\u0142otego medalu b\u0119dzie broni\u0107 \u017cu\u017clowiec zielona-energia.com W\u0142\u00f3kniarz Jakub Mi\u015bkowiak. Juniorzy W\u0142\u00f3kniarza w poprzednim sezonie 2021<\/p>\n","protected":false},"author":15,"featured_media":54556,"comment_status":"closed","ping_status":"open","sticky":false,"template":"","format":"standard","meta":{"_monsterinsights_skip_tracking":false,"_monsterinsights_sitenote_active":false,"_monsterinsights_sitenote_note":"","_monsterinsights_sitenote_category":0,"_uf_show_specific_survey":0,"_uf_disable_surveys":false,"footnotes":""},"categories":[5,7],"tags":[],"class_list":["post-89564","post","type-post","status-publish","format-standard","has-post-thumbnail","hentry","category-sport","category-zuzel"],"_links":{"self":[{"href":"https:\/\/gazetaregionalna.com\/index.php?rest_route=\/wp\/v2\/posts\/89564","targetHints":{"allow":["GET"]}}],"collection":[{"href":"https:\/\/gazetaregionalna.com\/index.php?rest_route=\/wp\/v2\/posts"}],"about":[{"href":"https:\/\/gazetaregionalna.com\/index.php?rest_route=\/wp\/v2\/types\/post"}],"author":[{"embeddable":true,"href":"https:\/\/gazetaregionalna.com\/index.php?rest_route=\/wp\/v2\/users\/15"}],"replies":[{"embeddable":true,"href":"https:\/\/gazetaregionalna.com\/index.php?rest_route=%2Fwp%2Fv2%2Fcomments&post=89564"}],"version-history":[{"count":1,"href":"https:\/\/gazetaregionalna.com\/index.php?rest_route=\/wp\/v2\/posts\/89564\/revisions"}],"predecessor-version":[{"id":89565,"href":"https:\/\/gazetaregionalna.com\/index.php?rest_route=\/wp\/v2\/posts\/89564\/revisions\/89565"}],"wp:featuredmedia":[{"embeddable":true,"href":"https:\/\/gazetaregionalna.com\/index.php?rest_route=\/wp\/v2\/media\/54556"}],"wp:attachment":[{"href":"https:\/\/gazetaregionalna.com\/index.php?rest_route=%2Fwp%2Fv2%2Fmedia&parent=89564"}],"wp:term":[{"taxonomy":"category","embeddable":true,"href":"https:\/\/gazetaregionalna.com\/index.php?rest_route=%2Fwp%2Fv2%2Fcategories&post=89564"},{"taxonomy":"post_tag","embeddable":true,"href":"https:\/\/gazetaregionalna.com\/index.php?rest_route=%2Fwp%2Fv2%2Ftags&post=89564"}],"curies":[{"name":"wp","href":"https:\/\/api.w.org\/{rel}","templated":true}]}}