{"id":89562,"date":"2022-08-21T08:45:07","date_gmt":"2022-08-21T08:45:07","guid":{"rendered":"https:\/\/gazetaregionalna.com\/?p=89562"},"modified":"2022-08-21T08:45:07","modified_gmt":"2022-08-21T08:45:07","slug":"w-poniedzialek-w-czestochowie-druzynowy-puchar-ekstraligi-250cc","status":"publish","type":"post","link":"https:\/\/gazetaregionalna.com\/?p=89562","title":{"rendered":"W poniedzia\u0142ek w Cz\u0119stochowie Dru\u017cynowy Puchar Ekstraligi 250cc"},"content":{"rendered":"\n<p>Ju\u017c w najbli\u017cszy poniedzia\u0142ek (22. sierpnia) kolejne emocje na Arenie zielona-energia.com. Tego dnia punktualnie o godzinie 17:00 na obiekcie przy ulicy Olszty\u0144skiej w Cz\u0119stochowie odb\u0119dzie si\u0119 bowiem VII runda Dru\u017cynowego Pucharu Ekstraligi 250cc. W zawodach ekip\u0119 W\u0142\u00f3kniarza reprezentowa\u0107 b\u0119d\u0105: Szymon Ludwiczak, Marcel Kowolik oraz Krystian Gr\u0119da.<\/p>\n\n\n\n<p>Wst\u0119p na rywalizacj\u0119 zawodnik\u00f3w dosiadaj\u0105cych maszyny o pojemno\u015bci silnika 250cc jest bezp\u0142atny. Wej\u015bcie na stadion b\u0119dzie mo\u017cliwe od godziny 16:30 bramk\u0105 od ulicy Orlik-Ruckemanna.<\/p>\n\n\n\n<p><strong>Awizowane sk\u0142ady:<\/strong><br><strong>WTS Sparta Wroc\u0142aw<\/strong><br>1. Eryk Fara\u0144ski<br>2. Tymon Kotala<br>3. Jakub Panicz<\/p>\n\n\n\n<p><strong>Motor Lublin<\/strong><br>4. Antoni Kawczy\u0144ski<br>5. Krystian Buczy\u0144ski<br>6. Adam Putkowski<\/p>\n\n\n\n<p><strong>Ostrovia Ostr\u00f3w Wielkopolski<\/strong><br>7. Eryk Kami\u0144ski<br>8. Gracjan Szostak<br>9. Konrad Paw\u0142owski<\/p>\n\n\n\n<p><strong>W\u0142\u00f3kniarz Cz\u0119stochowa<\/strong><br>10. Szymon Ludwiczak<br>11. Marcel Kowolik<br>12. Krystian Gr\u0119da<\/p>\n\n\n\n<p><strong>Stal Gorz\u00f3w<\/strong><br>13. Miko\u0142aj Krok<br>14. Denis Andrzejczak<br>15. Szymon Tomaszewski<\/p>\n\n\n\n<p><strong>KS Toru\u0144<\/strong><br>16. Miko\u0142aj Duchi\u0144ski<br>17. Emil Maroszek<br>18. Ksawery S\u0142omski<\/p>\n\n\n\n<p><strong>Maszewski GKM Grudzi\u0105dz<\/strong><br>19. Damian Miller<br>20. Jan Przanowski<br>21. Kevin Ma\u0142kiewicz<\/p>\n\n\n\n<p>AK, materia\u0142y prasowe W\u0142\u00f3kniarz Cz\u0119stochowa <\/p>\n\n\n\n<figure class=\"wp-block-image size-large\"><img decoding=\"async\" width=\"1024\" height=\"683\" data-src=\"https:\/\/gazetaregionalna.com\/wp-content\/uploads\/2022\/06\/CKM-Gorzow-49-1024x683.jpg\" alt=\"\" class=\"wp-image-84472 lazyload\" data-srcset=\"https:\/\/gazetaregionalna.com\/wp-content\/uploads\/2022\/06\/CKM-Gorzow-49-1024x683.jpg 1024w, https:\/\/gazetaregionalna.com\/wp-content\/uploads\/2022\/06\/CKM-Gorzow-49-300x200.jpg 300w, https:\/\/gazetaregionalna.com\/wp-content\/uploads\/2022\/06\/CKM-Gorzow-49-768x512.jpg 768w, https:\/\/gazetaregionalna.com\/wp-content\/uploads\/2022\/06\/CKM-Gorzow-49-1536x1024.jpg 1536w, https:\/\/gazetaregionalna.com\/wp-content\/uploads\/2022\/06\/CKM-Gorzow-49-2048x1365.jpg 2048w, https:\/\/gazetaregionalna.com\/wp-content\/uploads\/2022\/06\/CKM-Gorzow-49-696x464.jpg 696w, https:\/\/gazetaregionalna.com\/wp-content\/uploads\/2022\/06\/CKM-Gorzow-49-1068x712.jpg 1068w, https:\/\/gazetaregionalna.com\/wp-content\/uploads\/2022\/06\/CKM-Gorzow-49-1920x1280.jpg 1920w, https:\/\/gazetaregionalna.com\/wp-content\/uploads\/2022\/06\/CKM-Gorzow-49-630x420.jpg 630w, https:\/\/gazetaregionalna.com\/wp-content\/uploads\/2022\/06\/CKM-Gorzow-49-scaled.jpg 1600w\" data-sizes=\"(max-width: 1024px) 100vw, 1024px\" src=\"data:image\/svg+xml;base64,PHN2ZyB3aWR0aD0iMSIgaGVpZ2h0PSIxIiB4bWxucz0iaHR0cDovL3d3dy53My5vcmcvMjAwMC9zdmciPjwvc3ZnPg==\" style=\"--smush-placeholder-width: 1024px; --smush-placeholder-aspect-ratio: 1024\/683;\" \/><\/figure>\n\n\n\n<figure class=\"wp-block-image size-large\"><img decoding=\"async\" width=\"300\" height=\"250\" data-src=\"https:\/\/gazetaregionalna.com\/wp-content\/uploads\/2022\/04\/DMK-7.jpg\" alt=\"\" class=\"wp-image-77214 lazyload\" src=\"data:image\/svg+xml;base64,PHN2ZyB3aWR0aD0iMSIgaGVpZ2h0PSIxIiB4bWxucz0iaHR0cDovL3d3dy53My5vcmcvMjAwMC9zdmciPjwvc3ZnPg==\" style=\"--smush-placeholder-width: 300px; --smush-placeholder-aspect-ratio: 300\/250;\"><\/figure>\n","protected":false},"excerpt":{"rendered":"<p>Ju\u017c w najbli\u017cszy poniedzia\u0142ek (22. sierpnia) kolejne emocje na Arenie zielona-energia.com. Tego dnia punktualnie o godzinie 17:00 na obiekcie przy ulicy Olszty\u0144skiej w Cz\u0119stochowie<\/p>\n","protected":false},"author":15,"featured_media":84472,"comment_status":"closed","ping_status":"open","sticky":false,"template":"","format":"standard","meta":{"_monsterinsights_skip_tracking":false,"_monsterinsights_sitenote_active":false,"_monsterinsights_sitenote_note":"","_monsterinsights_sitenote_category":0,"_uf_show_specific_survey":0,"_uf_disable_surveys":false,"footnotes":""},"categories":[5,7],"tags":[],"class_list":["post-89562","post","type-post","status-publish","format-standard","has-post-thumbnail","hentry","category-sport","category-zuzel"],"_links":{"self":[{"href":"https:\/\/gazetaregionalna.com\/index.php?rest_route=\/wp\/v2\/posts\/89562","targetHints":{"allow":["GET"]}}],"collection":[{"href":"https:\/\/gazetaregionalna.com\/index.php?rest_route=\/wp\/v2\/posts"}],"about":[{"href":"https:\/\/gazetaregionalna.com\/index.php?rest_route=\/wp\/v2\/types\/post"}],"author":[{"embeddable":true,"href":"https:\/\/gazetaregionalna.com\/index.php?rest_route=\/wp\/v2\/users\/15"}],"replies":[{"embeddable":true,"href":"https:\/\/gazetaregionalna.com\/index.php?rest_route=%2Fwp%2Fv2%2Fcomments&post=89562"}],"version-history":[{"count":1,"href":"https:\/\/gazetaregionalna.com\/index.php?rest_route=\/wp\/v2\/posts\/89562\/revisions"}],"predecessor-version":[{"id":89563,"href":"https:\/\/gazetaregionalna.com\/index.php?rest_route=\/wp\/v2\/posts\/89562\/revisions\/89563"}],"wp:featuredmedia":[{"embeddable":true,"href":"https:\/\/gazetaregionalna.com\/index.php?rest_route=\/wp\/v2\/media\/84472"}],"wp:attachment":[{"href":"https:\/\/gazetaregionalna.com\/index.php?rest_route=%2Fwp%2Fv2%2Fmedia&parent=89562"}],"wp:term":[{"taxonomy":"category","embeddable":true,"href":"https:\/\/gazetaregionalna.com\/index.php?rest_route=%2Fwp%2Fv2%2Fcategories&post=89562"},{"taxonomy":"post_tag","embeddable":true,"href":"https:\/\/gazetaregionalna.com\/index.php?rest_route=%2Fwp%2Fv2%2Ftags&post=89562"}],"curies":[{"name":"wp","href":"https:\/\/api.w.org\/{rel}","templated":true}]}}