{"id":8951,"date":"2019-12-19T11:08:34","date_gmt":"2019-12-19T11:08:34","guid":{"rendered":"https:\/\/gazetaregionalna.com\/?p=8951"},"modified":"2019-12-19T11:08:37","modified_gmt":"2019-12-19T11:08:37","slug":"kino-karolinka-w-swieta-i-styczniu","status":"publish","type":"post","link":"https:\/\/gazetaregionalna.com\/?p=8951","title":{"rendered":"Kino \u201eKarolinka\u201d w \u015bwi\u0119ta i styczniu"},"content":{"rendered":"\n<p>Kino \u201eKarolinka\u201d b\u0119dzie czynne w drugi dzie\u0144 \u015bwi\u0105t \u2013 26 grudnia. Wychodz\u0105c na \u015bwi\u0105teczny spacer \u2013 warto wi\u0119c p\u00f3j\u015b\u0107 na film Tym bardziej, \u017ce na ekranie pojawi si\u0119 premierowo polska komedia \u201eFutro z misia\u201d. Wiele ciekawych propozycji kino szykuje tak\u017ce na stycze\u0144.<br>\nDo\u015b\u0107 wyj\u0105tkowo \u2013 bo w styczniu \u2013 przypadaj\u0105 w wojew\u00f3dztwie \u015bl\u0105skim ferie. St\u0105d wi\u0119cej bajkowych porank\u00f3w, wi\u0119cej bajkowych propozycji! Premierowo kino poka\u017ce \u201eUrwisa\u201d \u2013 histori\u0119 psiaka z tzw. wy\u017cszych sfer, kt\u00f3ry nagle musi odnale\u017a\u0107 si\u0119 w \u017cyciu typowego Burka. <br>\nW \u015bwiat przyg\u00f3d dzieciaki zabierze misek polarny, kt\u00f3ry b\u0119dzie poszukiwa\u0142 z\u0142odzieja chi\u0144skiego skarbu (\u201eMisiek i chi\u0144ski skarb\u201d). W styczniu widzowie poznaj\u0105 tak\u017ce Ufika. To niesforny, uroczy psotnik o o\u015bmiu \u0142apkach i wielkim sercu. Przez przypadek pojawia si\u0119 na ziemi i chce znale\u017a\u0107 drog\u0119 do domu \u2013 pomo\u017ce mu w tym ma\u0142y ch\u0142opiec Willy (\u201eM\u00f3j przyjaciel Ufik\u201d).<\/p>\n\n\n\n<ul class=\"wp-block-list\"><li>W<em> repertuarze pojawi\u0105 si\u0119 r\u00f3wnie\u017c filmy, o kt\u00f3re pytali widzowie kina \u201eKarolinka\u201d. To m.in. \u201eUkryta gra\u201d, \u201eProceder\u201d czy \u201eGwiezdne Wojny: Skywalker. Odrodzenie\u201d<\/em> &#8211; informuje Paulina Pielarz z lublinieckiego MDK-u. &#8211; <em>Oczywi\u015bcie w styczniowym repertuarze nie mo\u017ce zabrakn\u0105\u0107 kolejnej cz\u0119\u015bci polskiego filmu sensacyjnego, kt\u00f3ry \u015bmia\u0142o mo\u017cna okre\u015bli\u0107 mianem \u201eklasyka\u201d. To \u201ePsy 3. W imi\u0119 zasad\u201d.  Og\u00f3lnopolska premiera tego filmu odb\u0119dzie si\u0119 17 stycznia i od tego dnia b\u0119dzie mo\u017cna go ogl\u0105da\u0107 w Kinie \u201eKarolinka\u201d. <\/em><br> Pe\u0142ny repertuar dost\u0119pny jest ma stronie www.mdk.lubliniec.pl.<\/li><\/ul>\n","protected":false},"excerpt":{"rendered":"<p>Kino \u201eKarolinka\u201d b\u0119dzie czynne w drugi dzie\u0144 \u015bwi\u0105t \u2013 26 grudnia. Wychodz\u0105c na \u015bwi\u0105teczny spacer \u2013 warto wi\u0119c p\u00f3j\u015b\u0107 na film Tym bardziej, \u017ce<\/p>\n","protected":false},"author":7,"featured_media":0,"comment_status":"open","ping_status":"open","sticky":false,"template":"","format":"standard","meta":{"_monsterinsights_skip_tracking":false,"_monsterinsights_sitenote_active":false,"_monsterinsights_sitenote_note":"","_monsterinsights_sitenote_category":0,"_uf_show_specific_survey":0,"_uf_disable_surveys":false,"footnotes":""},"categories":[12,25,94,2,13],"tags":[],"class_list":["post-8951","post","type-post","status-publish","format-standard","hentry","category-kultura-i-rozrywka","category-lubliniec","category-polecane","category-wiadomosci","category-wydarzenia"],"_links":{"self":[{"href":"https:\/\/gazetaregionalna.com\/index.php?rest_route=\/wp\/v2\/posts\/8951","targetHints":{"allow":["GET"]}}],"collection":[{"href":"https:\/\/gazetaregionalna.com\/index.php?rest_route=\/wp\/v2\/posts"}],"about":[{"href":"https:\/\/gazetaregionalna.com\/index.php?rest_route=\/wp\/v2\/types\/post"}],"author":[{"embeddable":true,"href":"https:\/\/gazetaregionalna.com\/index.php?rest_route=\/wp\/v2\/users\/7"}],"replies":[{"embeddable":true,"href":"https:\/\/gazetaregionalna.com\/index.php?rest_route=%2Fwp%2Fv2%2Fcomments&post=8951"}],"version-history":[{"count":1,"href":"https:\/\/gazetaregionalna.com\/index.php?rest_route=\/wp\/v2\/posts\/8951\/revisions"}],"predecessor-version":[{"id":8953,"href":"https:\/\/gazetaregionalna.com\/index.php?rest_route=\/wp\/v2\/posts\/8951\/revisions\/8953"}],"wp:attachment":[{"href":"https:\/\/gazetaregionalna.com\/index.php?rest_route=%2Fwp%2Fv2%2Fmedia&parent=8951"}],"wp:term":[{"taxonomy":"category","embeddable":true,"href":"https:\/\/gazetaregionalna.com\/index.php?rest_route=%2Fwp%2Fv2%2Fcategories&post=8951"},{"taxonomy":"post_tag","embeddable":true,"href":"https:\/\/gazetaregionalna.com\/index.php?rest_route=%2Fwp%2Fv2%2Ftags&post=8951"}],"curies":[{"name":"wp","href":"https:\/\/api.w.org\/{rel}","templated":true}]}}