{"id":89312,"date":"2022-08-18T09:27:02","date_gmt":"2022-08-18T09:27:02","guid":{"rendered":"https:\/\/gazetaregionalna.com\/?p=89312"},"modified":"2022-08-18T09:27:03","modified_gmt":"2022-08-18T09:27:03","slug":"szosta-odslona-letniego-jurajskiego-festiwalu-muzycznego","status":"publish","type":"post","link":"https:\/\/gazetaregionalna.com\/?p=89312","title":{"rendered":"Sz\u00f3sta ods\u0142ona Letniego Jurajskiego Festiwalu Muzycznego. Impreza zawita do Mstowa"},"content":{"rendered":"\n<h2 class=\"wp-block-heading\">W niedziel\u0119, 14 sierpnia Letni Jurajski Festiwal Muzyczny go\u015bci\u0142 we W\u0142odowicach. Teraz impreza odwiedzi Mst\u00f3w.<\/h2>\n\n\n\n<p>By\u0142o to kolejne wydarzenie z cyklu siedmiu koncert\u00f3w organizowanych na Wy\u017cynie Krakowsko-Cz\u0119stochowskiej przez Regionalny O\u015brodek Kultury w Cz\u0119stochowie i Filharmoni\u0119 Cz\u0119stochowsk\u0105 im. Bronis\u0142awa Hubermana w ramach Letniego Jurajskiego Festiwalu Muzycznego.<\/p>\n\n\n\n<p>W niedziel\u0119, 14 sierpnia impreza odwiedzi\u0142a Ko\u015bci\u00f3\u0142 pw. \u015bw. Bart\u0142omieja we W\u0142odowicach. W klimatycznym wn\u0119trzu wyst\u0105pi\u0142 Ch\u00f3r Filharmonii Cz\u0119stochowskiej \u201eCollegium Cantorum\u201d pod batut\u0105 Janusza Siadlaka. Wydarzenie poprowadzi\u0142a Paulina Kula (koncert zapowiadali\u015bmy m.in. <a href=\"https:\/\/gazetaregionalna.com\/letni-jurajski-festiwal-muzyczny-wlodowice\/\">TUTAJ<\/a>).<\/p>\n\n\n\n<p>W poprzednich, wakacyjnych tygodniach Festiwal go\u015bci\u0142 w Cz\u0119stochowie, Z\u0142otym Potoku, Niegowie i Podlesicach. Pora na sz\u00f3sty koncert jurajskiej trasy. <\/p>\n\n\n\n<figure class=\"wp-block-image size-large\"><img decoding=\"async\" width=\"743\" height=\"1024\" data-src=\"https:\/\/gazetaregionalna.com\/wp-content\/uploads\/2022\/08\/koncert4-743x1024.jpg\" alt=\"\" class=\"wp-image-89332 lazyload\" data-srcset=\"https:\/\/gazetaregionalna.com\/wp-content\/uploads\/2022\/08\/koncert4-743x1024.jpg 743w, https:\/\/gazetaregionalna.com\/wp-content\/uploads\/2022\/08\/koncert4-218x300.jpg 218w, https:\/\/gazetaregionalna.com\/wp-content\/uploads\/2022\/08\/koncert4-768x1058.jpg 768w, https:\/\/gazetaregionalna.com\/wp-content\/uploads\/2022\/08\/koncert4-1115x1536.jpg 1115w, https:\/\/gazetaregionalna.com\/wp-content\/uploads\/2022\/08\/koncert4-696x959.jpg 696w, https:\/\/gazetaregionalna.com\/wp-content\/uploads\/2022\/08\/koncert4-1068x1472.jpg 1068w, https:\/\/gazetaregionalna.com\/wp-content\/uploads\/2022\/08\/koncert4-305x420.jpg 305w, https:\/\/gazetaregionalna.com\/wp-content\/uploads\/2022\/08\/koncert4-scaled.jpg 1161w\" data-sizes=\"(max-width: 743px) 100vw, 743px\" src=\"data:image\/svg+xml;base64,PHN2ZyB3aWR0aD0iMSIgaGVpZ2h0PSIxIiB4bWxucz0iaHR0cDovL3d3dy53My5vcmcvMjAwMC9zdmciPjwvc3ZnPg==\" style=\"--smush-placeholder-width: 743px; --smush-placeholder-aspect-ratio: 743\/1024;\" \/><figcaption>Muzyczny we W\u0142odowicach (fot. S\u0142awomir Jod\u0142owski\/Regionalny O\u015brodek Kultury)<\/figcaption><\/figure>\n\n\n\n<p>W niedziel\u0119, 21 sierpnia impreza zawita do Sanktuarium Wniebowzi\u0119cia NMP w Mstowie. O godz. 17 wyst\u0105pi\u0105 tam Klaudiusz Baran (bandoneon) i Justyna Baran (skrzypce). Koncert poprowadzi Adam Klocek, dyrektor artystyczny festiwalu i dyrektor Filharmonii Cz\u0119stochowskiej, a rys historyczny \u015bwi\u0105tyni przedstawi dr Juliusz S\u0119towski. Wst\u0119p jest wolny.<\/p>\n\n\n\n<p>Na fina\u0142, tj. 28 sierpnia impreza powr\u00f3ci do Cz\u0119stochowy. O godz. 19 zaplanowano bowiem wyst\u0119p w filharmonii. W Sali koncertowej im. W. Kilara wyst\u0105pi\u0105 Orkiestra Symfoniczna Filharmonii Cz\u0119stochowskiej, Magdalena Meisel (wokal) oraz Klaudiusz Jania (fortepian). Za pulpitem dyrygenckim stanie wspomniany ju\u017c Adam Klocek, kt\u00f3ry r\u00f3wnie\u017c poprowadzi wydarzenie. Koncert zatytu\u0142owano \u201eChod\u017a, pomaluj m\u00f3j \u015bwiat\u201d, a wype\u0142ni\u0105 go przeboje z repertuaru zespo\u0142u 2 plus 1. Wyst\u0119p ten wpisuje si\u0119 w program 30. Dni Cz\u0119stochowy, a o bilety nale\u017cy pyta\u0107 w kasie przy ul. Wilsona 16.<\/p>\n\n\n\n<p>Szczeg\u00f3\u0142y: <a href=\"http:\/\/rok.czestochowa.pl\/\" target=\"_blank\" rel=\"noreferrer noopener\">rok.czestochowa.pl<\/a> i <a href=\"https:\/\/www.filharmonia.com.pl\/\" target=\"_blank\" rel=\"noreferrer noopener\">www.filharmonia.com.pl<\/a>.<\/p>\n\n\n\n<p><strong>ZS<\/strong><\/p>\n\n\n\n<figure class=\"wp-block-gallery columns-3 is-cropped wp-block-gallery-1 is-layout-flex wp-block-gallery-is-layout-flex\"><ul class=\"blocks-gallery-grid\"><li class=\"blocks-gallery-item\"><figure><a href=\"https:\/\/gazetaregionalna.com\/wp-content\/uploads\/2022\/08\/koncert9-scaled.jpg\"><img decoding=\"async\" width=\"1024\" height=\"683\" data-src=\"https:\/\/gazetaregionalna.com\/wp-content\/uploads\/2022\/08\/koncert9-1024x683.jpg\" alt=\"\" data-id=\"89338\" data-full-url=\"https:\/\/gazetaregionalna.com\/wp-content\/uploads\/2022\/08\/koncert9-scaled.jpg\" data-link=\"https:\/\/gazetaregionalna.com\/?attachment_id=89338\" class=\"wp-image-89338 lazyload\" data-srcset=\"https:\/\/gazetaregionalna.com\/wp-content\/uploads\/2022\/08\/koncert9-1024x683.jpg 1024w, https:\/\/gazetaregionalna.com\/wp-content\/uploads\/2022\/08\/koncert9-300x200.jpg 300w, https:\/\/gazetaregionalna.com\/wp-content\/uploads\/2022\/08\/koncert9-768x512.jpg 768w, https:\/\/gazetaregionalna.com\/wp-content\/uploads\/2022\/08\/koncert9-1536x1024.jpg 1536w, https:\/\/gazetaregionalna.com\/wp-content\/uploads\/2022\/08\/koncert9-696x464.jpg 696w, https:\/\/gazetaregionalna.com\/wp-content\/uploads\/2022\/08\/koncert9-1068x712.jpg 1068w, https:\/\/gazetaregionalna.com\/wp-content\/uploads\/2022\/08\/koncert9-1920x1280.jpg 1920w, https:\/\/gazetaregionalna.com\/wp-content\/uploads\/2022\/08\/koncert9-630x420.jpg 630w, https:\/\/gazetaregionalna.com\/wp-content\/uploads\/2022\/08\/koncert9-scaled.jpg 1600w\" data-sizes=\"(max-width: 1024px) 100vw, 1024px\" src=\"data:image\/svg+xml;base64,PHN2ZyB3aWR0aD0iMSIgaGVpZ2h0PSIxIiB4bWxucz0iaHR0cDovL3d3dy53My5vcmcvMjAwMC9zdmciPjwvc3ZnPg==\" style=\"--smush-placeholder-width: 1024px; --smush-placeholder-aspect-ratio: 1024\/683;\" \/><\/a><\/figure><\/li><li class=\"blocks-gallery-item\"><figure><a href=\"https:\/\/gazetaregionalna.com\/wp-content\/uploads\/2022\/08\/koncert8-scaled.jpg\"><img decoding=\"async\" width=\"1024\" height=\"683\" data-src=\"https:\/\/gazetaregionalna.com\/wp-content\/uploads\/2022\/08\/koncert8-1024x683.jpg\" alt=\"\" data-id=\"89336\" data-full-url=\"https:\/\/gazetaregionalna.com\/wp-content\/uploads\/2022\/08\/koncert8-scaled.jpg\" data-link=\"https:\/\/gazetaregionalna.com\/?attachment_id=89336\" class=\"wp-image-89336 lazyload\" data-srcset=\"https:\/\/gazetaregionalna.com\/wp-content\/uploads\/2022\/08\/koncert8-1024x683.jpg 1024w, https:\/\/gazetaregionalna.com\/wp-content\/uploads\/2022\/08\/koncert8-300x200.jpg 300w, https:\/\/gazetaregionalna.com\/wp-content\/uploads\/2022\/08\/koncert8-768x512.jpg 768w, https:\/\/gazetaregionalna.com\/wp-content\/uploads\/2022\/08\/koncert8-1536x1024.jpg 1536w, https:\/\/gazetaregionalna.com\/wp-content\/uploads\/2022\/08\/koncert8-696x464.jpg 696w, https:\/\/gazetaregionalna.com\/wp-content\/uploads\/2022\/08\/koncert8-1068x712.jpg 1068w, https:\/\/gazetaregionalna.com\/wp-content\/uploads\/2022\/08\/koncert8-1920x1280.jpg 1920w, https:\/\/gazetaregionalna.com\/wp-content\/uploads\/2022\/08\/koncert8-630x420.jpg 630w, https:\/\/gazetaregionalna.com\/wp-content\/uploads\/2022\/08\/koncert8-scaled.jpg 1600w\" data-sizes=\"(max-width: 1024px) 100vw, 1024px\" src=\"data:image\/svg+xml;base64,PHN2ZyB3aWR0aD0iMSIgaGVpZ2h0PSIxIiB4bWxucz0iaHR0cDovL3d3dy53My5vcmcvMjAwMC9zdmciPjwvc3ZnPg==\" style=\"--smush-placeholder-width: 1024px; --smush-placeholder-aspect-ratio: 1024\/683;\" \/><\/a><\/figure><\/li><li class=\"blocks-gallery-item\"><figure><a href=\"https:\/\/gazetaregionalna.com\/wp-content\/uploads\/2022\/08\/koncert7-scaled.jpg\"><img decoding=\"async\" width=\"1024\" height=\"683\" data-src=\"https:\/\/gazetaregionalna.com\/wp-content\/uploads\/2022\/08\/koncert7-1024x683.jpg\" alt=\"\" data-id=\"89335\" data-full-url=\"https:\/\/gazetaregionalna.com\/wp-content\/uploads\/2022\/08\/koncert7-scaled.jpg\" data-link=\"https:\/\/gazetaregionalna.com\/?attachment_id=89335\" class=\"wp-image-89335 lazyload\" data-srcset=\"https:\/\/gazetaregionalna.com\/wp-content\/uploads\/2022\/08\/koncert7-1024x683.jpg 1024w, https:\/\/gazetaregionalna.com\/wp-content\/uploads\/2022\/08\/koncert7-300x200.jpg 300w, https:\/\/gazetaregionalna.com\/wp-content\/uploads\/2022\/08\/koncert7-768x512.jpg 768w, https:\/\/gazetaregionalna.com\/wp-content\/uploads\/2022\/08\/koncert7-1536x1024.jpg 1536w, https:\/\/gazetaregionalna.com\/wp-content\/uploads\/2022\/08\/koncert7-696x464.jpg 696w, https:\/\/gazetaregionalna.com\/wp-content\/uploads\/2022\/08\/koncert7-1068x712.jpg 1068w, https:\/\/gazetaregionalna.com\/wp-content\/uploads\/2022\/08\/koncert7-1920x1280.jpg 1920w, https:\/\/gazetaregionalna.com\/wp-content\/uploads\/2022\/08\/koncert7-630x420.jpg 630w, https:\/\/gazetaregionalna.com\/wp-content\/uploads\/2022\/08\/koncert7-scaled.jpg 1600w\" data-sizes=\"(max-width: 1024px) 100vw, 1024px\" src=\"data:image\/svg+xml;base64,PHN2ZyB3aWR0aD0iMSIgaGVpZ2h0PSIxIiB4bWxucz0iaHR0cDovL3d3dy53My5vcmcvMjAwMC9zdmciPjwvc3ZnPg==\" style=\"--smush-placeholder-width: 1024px; --smush-placeholder-aspect-ratio: 1024\/683;\" \/><\/a><\/figure><\/li><li class=\"blocks-gallery-item\"><figure><a href=\"https:\/\/gazetaregionalna.com\/wp-content\/uploads\/2022\/08\/koncert6-scaled.jpg\"><img decoding=\"async\" width=\"1024\" height=\"683\" data-src=\"https:\/\/gazetaregionalna.com\/wp-content\/uploads\/2022\/08\/koncert6-1024x683.jpg\" alt=\"\" data-id=\"89334\" data-full-url=\"https:\/\/gazetaregionalna.com\/wp-content\/uploads\/2022\/08\/koncert6-scaled.jpg\" data-link=\"https:\/\/gazetaregionalna.com\/?attachment_id=89334\" class=\"wp-image-89334 lazyload\" data-srcset=\"https:\/\/gazetaregionalna.com\/wp-content\/uploads\/2022\/08\/koncert6-1024x683.jpg 1024w, https:\/\/gazetaregionalna.com\/wp-content\/uploads\/2022\/08\/koncert6-300x200.jpg 300w, https:\/\/gazetaregionalna.com\/wp-content\/uploads\/2022\/08\/koncert6-768x512.jpg 768w, https:\/\/gazetaregionalna.com\/wp-content\/uploads\/2022\/08\/koncert6-1536x1024.jpg 1536w, https:\/\/gazetaregionalna.com\/wp-content\/uploads\/2022\/08\/koncert6-696x464.jpg 696w, https:\/\/gazetaregionalna.com\/wp-content\/uploads\/2022\/08\/koncert6-1068x712.jpg 1068w, https:\/\/gazetaregionalna.com\/wp-content\/uploads\/2022\/08\/koncert6-1920x1280.jpg 1920w, https:\/\/gazetaregionalna.com\/wp-content\/uploads\/2022\/08\/koncert6-630x420.jpg 630w, https:\/\/gazetaregionalna.com\/wp-content\/uploads\/2022\/08\/koncert6-scaled.jpg 1600w\" data-sizes=\"(max-width: 1024px) 100vw, 1024px\" src=\"data:image\/svg+xml;base64,PHN2ZyB3aWR0aD0iMSIgaGVpZ2h0PSIxIiB4bWxucz0iaHR0cDovL3d3dy53My5vcmcvMjAwMC9zdmciPjwvc3ZnPg==\" style=\"--smush-placeholder-width: 1024px; --smush-placeholder-aspect-ratio: 1024\/683;\" \/><\/a><\/figure><\/li><li class=\"blocks-gallery-item\"><figure><a href=\"https:\/\/gazetaregionalna.com\/wp-content\/uploads\/2022\/08\/koncert5-scaled.jpg\"><img decoding=\"async\" width=\"1024\" height=\"683\" data-src=\"https:\/\/gazetaregionalna.com\/wp-content\/uploads\/2022\/08\/koncert5-1024x683.jpg\" alt=\"\" data-id=\"89333\" data-full-url=\"https:\/\/gazetaregionalna.com\/wp-content\/uploads\/2022\/08\/koncert5-scaled.jpg\" data-link=\"https:\/\/gazetaregionalna.com\/?attachment_id=89333\" class=\"wp-image-89333 lazyload\" data-srcset=\"https:\/\/gazetaregionalna.com\/wp-content\/uploads\/2022\/08\/koncert5-1024x683.jpg 1024w, https:\/\/gazetaregionalna.com\/wp-content\/uploads\/2022\/08\/koncert5-300x200.jpg 300w, https:\/\/gazetaregionalna.com\/wp-content\/uploads\/2022\/08\/koncert5-768x512.jpg 768w, https:\/\/gazetaregionalna.com\/wp-content\/uploads\/2022\/08\/koncert5-1536x1024.jpg 1536w, https:\/\/gazetaregionalna.com\/wp-content\/uploads\/2022\/08\/koncert5-696x464.jpg 696w, https:\/\/gazetaregionalna.com\/wp-content\/uploads\/2022\/08\/koncert5-1068x712.jpg 1068w, https:\/\/gazetaregionalna.com\/wp-content\/uploads\/2022\/08\/koncert5-1920x1280.jpg 1920w, https:\/\/gazetaregionalna.com\/wp-content\/uploads\/2022\/08\/koncert5-630x420.jpg 630w, https:\/\/gazetaregionalna.com\/wp-content\/uploads\/2022\/08\/koncert5-scaled.jpg 1600w\" data-sizes=\"(max-width: 1024px) 100vw, 1024px\" src=\"data:image\/svg+xml;base64,PHN2ZyB3aWR0aD0iMSIgaGVpZ2h0PSIxIiB4bWxucz0iaHR0cDovL3d3dy53My5vcmcvMjAwMC9zdmciPjwvc3ZnPg==\" style=\"--smush-placeholder-width: 1024px; --smush-placeholder-aspect-ratio: 1024\/683;\" \/><\/a><\/figure><\/li><li class=\"blocks-gallery-item\"><figure><a href=\"https:\/\/gazetaregionalna.com\/wp-content\/uploads\/2022\/08\/koncert3-scaled.jpg\"><img decoding=\"async\" width=\"1024\" height=\"683\" data-src=\"https:\/\/gazetaregionalna.com\/wp-content\/uploads\/2022\/08\/koncert3-1024x683.jpg\" alt=\"\" data-id=\"89331\" data-full-url=\"https:\/\/gazetaregionalna.com\/wp-content\/uploads\/2022\/08\/koncert3-scaled.jpg\" data-link=\"https:\/\/gazetaregionalna.com\/?attachment_id=89331\" class=\"wp-image-89331 lazyload\" data-srcset=\"https:\/\/gazetaregionalna.com\/wp-content\/uploads\/2022\/08\/koncert3-1024x683.jpg 1024w, https:\/\/gazetaregionalna.com\/wp-content\/uploads\/2022\/08\/koncert3-300x200.jpg 300w, https:\/\/gazetaregionalna.com\/wp-content\/uploads\/2022\/08\/koncert3-768x512.jpg 768w, https:\/\/gazetaregionalna.com\/wp-content\/uploads\/2022\/08\/koncert3-1536x1024.jpg 1536w, https:\/\/gazetaregionalna.com\/wp-content\/uploads\/2022\/08\/koncert3-696x464.jpg 696w, https:\/\/gazetaregionalna.com\/wp-content\/uploads\/2022\/08\/koncert3-1068x712.jpg 1068w, https:\/\/gazetaregionalna.com\/wp-content\/uploads\/2022\/08\/koncert3-1920x1280.jpg 1920w, https:\/\/gazetaregionalna.com\/wp-content\/uploads\/2022\/08\/koncert3-630x420.jpg 630w, https:\/\/gazetaregionalna.com\/wp-content\/uploads\/2022\/08\/koncert3-scaled.jpg 1600w\" data-sizes=\"(max-width: 1024px) 100vw, 1024px\" src=\"data:image\/svg+xml;base64,PHN2ZyB3aWR0aD0iMSIgaGVpZ2h0PSIxIiB4bWxucz0iaHR0cDovL3d3dy53My5vcmcvMjAwMC9zdmciPjwvc3ZnPg==\" style=\"--smush-placeholder-width: 1024px; --smush-placeholder-aspect-ratio: 1024\/683;\" \/><\/a><\/figure><\/li><li class=\"blocks-gallery-item\"><figure><a href=\"https:\/\/gazetaregionalna.com\/wp-content\/uploads\/2022\/08\/Koncert2-scaled.jpg\"><img decoding=\"async\" width=\"1024\" height=\"683\" data-src=\"https:\/\/gazetaregionalna.com\/wp-content\/uploads\/2022\/08\/Koncert2-1024x683.jpg\" alt=\"\" data-id=\"89330\" data-full-url=\"https:\/\/gazetaregionalna.com\/wp-content\/uploads\/2022\/08\/Koncert2-scaled.jpg\" data-link=\"https:\/\/gazetaregionalna.com\/?attachment_id=89330\" class=\"wp-image-89330 lazyload\" data-srcset=\"https:\/\/gazetaregionalna.com\/wp-content\/uploads\/2022\/08\/Koncert2-1024x683.jpg 1024w, https:\/\/gazetaregionalna.com\/wp-content\/uploads\/2022\/08\/Koncert2-300x200.jpg 300w, https:\/\/gazetaregionalna.com\/wp-content\/uploads\/2022\/08\/Koncert2-768x512.jpg 768w, https:\/\/gazetaregionalna.com\/wp-content\/uploads\/2022\/08\/Koncert2-1536x1024.jpg 1536w, https:\/\/gazetaregionalna.com\/wp-content\/uploads\/2022\/08\/Koncert2-696x464.jpg 696w, https:\/\/gazetaregionalna.com\/wp-content\/uploads\/2022\/08\/Koncert2-1068x712.jpg 1068w, https:\/\/gazetaregionalna.com\/wp-content\/uploads\/2022\/08\/Koncert2-1920x1280.jpg 1920w, https:\/\/gazetaregionalna.com\/wp-content\/uploads\/2022\/08\/Koncert2-630x420.jpg 630w, https:\/\/gazetaregionalna.com\/wp-content\/uploads\/2022\/08\/Koncert2-scaled.jpg 1600w\" data-sizes=\"(max-width: 1024px) 100vw, 1024px\" src=\"data:image\/svg+xml;base64,PHN2ZyB3aWR0aD0iMSIgaGVpZ2h0PSIxIiB4bWxucz0iaHR0cDovL3d3dy53My5vcmcvMjAwMC9zdmciPjwvc3ZnPg==\" style=\"--smush-placeholder-width: 1024px; --smush-placeholder-aspect-ratio: 1024\/683;\" \/><\/a><\/figure><\/li><\/ul><figcaption class=\"blocks-gallery-caption\">Muzyczny we W\u0142odowicach (fot. S\u0142awomir Jod\u0142owski\/Regionalny O\u015brodek Kultury)<\/figcaption><\/figure>\n","protected":false},"excerpt":{"rendered":"<p>W niedziel\u0119, 14 sierpnia Letni Jurajski Festiwal Muzyczny go\u015bci\u0142 we W\u0142odowicach. Teraz impreza odwiedzi Mst\u00f3w. By\u0142o to kolejne wydarzenie z cyklu siedmiu koncert\u00f3w organizowanych<\/p>\n","protected":false},"author":18,"featured_media":89329,"comment_status":"closed","ping_status":"open","sticky":false,"template":"","format":"standard","meta":{"_monsterinsights_skip_tracking":false,"_monsterinsights_sitenote_active":false,"_monsterinsights_sitenote_note":"","_monsterinsights_sitenote_category":0,"_uf_show_specific_survey":0,"_uf_disable_surveys":false,"footnotes":""},"categories":[12,3,2],"tags":[352,2239,1705],"class_list":["post-89312","post","type-post","status-publish","format-standard","has-post-thumbnail","hentry","category-kultura-i-rozrywka","category-czestochowa-informacje","category-wiadomosci","tag-filharmonia-czestochowska","tag-letni-jurajski-festiwal-muzyczny","tag-regionalny-osrodek-kultury"],"_links":{"self":[{"href":"https:\/\/gazetaregionalna.com\/index.php?rest_route=\/wp\/v2\/posts\/89312","targetHints":{"allow":["GET"]}}],"collection":[{"href":"https:\/\/gazetaregionalna.com\/index.php?rest_route=\/wp\/v2\/posts"}],"about":[{"href":"https:\/\/gazetaregionalna.com\/index.php?rest_route=\/wp\/v2\/types\/post"}],"author":[{"embeddable":true,"href":"https:\/\/gazetaregionalna.com\/index.php?rest_route=\/wp\/v2\/users\/18"}],"replies":[{"embeddable":true,"href":"https:\/\/gazetaregionalna.com\/index.php?rest_route=%2Fwp%2Fv2%2Fcomments&post=89312"}],"version-history":[{"count":3,"href":"https:\/\/gazetaregionalna.com\/index.php?rest_route=\/wp\/v2\/posts\/89312\/revisions"}],"predecessor-version":[{"id":89339,"href":"https:\/\/gazetaregionalna.com\/index.php?rest_route=\/wp\/v2\/posts\/89312\/revisions\/89339"}],"wp:featuredmedia":[{"embeddable":true,"href":"https:\/\/gazetaregionalna.com\/index.php?rest_route=\/wp\/v2\/media\/89329"}],"wp:attachment":[{"href":"https:\/\/gazetaregionalna.com\/index.php?rest_route=%2Fwp%2Fv2%2Fmedia&parent=89312"}],"wp:term":[{"taxonomy":"category","embeddable":true,"href":"https:\/\/gazetaregionalna.com\/index.php?rest_route=%2Fwp%2Fv2%2Fcategories&post=89312"},{"taxonomy":"post_tag","embeddable":true,"href":"https:\/\/gazetaregionalna.com\/index.php?rest_route=%2Fwp%2Fv2%2Ftags&post=89312"}],"curies":[{"name":"wp","href":"https:\/\/api.w.org\/{rel}","templated":true}]}}