{"id":89301,"date":"2022-08-17T19:23:22","date_gmt":"2022-08-17T19:23:22","guid":{"rendered":"https:\/\/gazetaregionalna.com\/?p=89301"},"modified":"2022-08-17T19:23:23","modified_gmt":"2022-08-17T19:23:23","slug":"juniorzy-wlokniarza-czestochowa-wicemistrzami-polski-juniorow-w-parach","status":"publish","type":"post","link":"https:\/\/gazetaregionalna.com\/?p=89301","title":{"rendered":"Juniorzy W\u0142\u00f3kniarza Cz\u0119stochowa wicemistrzami Polski junior\u00f3w w parach!"},"content":{"rendered":"\n<p>W \u015brod\u0119 w Lublinie rozegrano fina\u0142 Mistrzostw Polski Par Klubowych junior\u00f3w. Z\u0142oto wywalczyli gospodarze z Lublina, a srebrne medale zdobyli tak jak rok temu juniorzy W\u0142\u00f3kniarza Cz\u0119stochowa: Jakub Mi\u015bkowiak i Mateusz \u015awidnicki.<\/p>\n\n\n\n<p>W poprzednim roku fina\u0142 MMPPK odby\u0142 si\u0119 w Cz\u0119stochowie. Najlepsz\u0105 m\u0142odzie\u017cow\u0105 par\u0105 w\u00f3wczas byli juniorzy Motoru Lublin. Drugie miejsce zaj\u0119li cz\u0119stochowianie. Dzisiaj sytuacja by\u0142a taka sama. Z\u0142ote medale w juniorskich parach zdobyli zawodnicy Motoru Lublin i obronili mistrzostwo Polski. W\u0142\u00f3kniarz ponownie zdoby\u0142 srebrne medale i obroni\u0142 wicemistrzostwo Polski par junior\u00f3w!<\/p>\n\n\n\n<p>Trzecie miejsce w \u015brodowym finale w Lublinie zaj\u0119li \u017cu\u017clowcy z Ostrowa Wielkopolskiego.<\/p>\n\n\n\n<p><strong>AK<\/strong>, fot: <strong>AK<\/strong><\/p>\n\n\n\n<p><strong>Wyniki:<\/strong> <strong>1. Motor Lublin: 27: <\/strong>Mateusz Cierniak 16 (3,3,1,3,3,3), Wiktor Lampart 11 (2,2,3,1,1,2), <strong>2. W\u0142\u00f3kniarz Cz\u0119stochowa: 22:<\/strong> Jakub Mi\u015bkowiak 14 (3,3,2,w,3,3), Mateusz \u015awidnicki 8 (2,2,0,2,2,0), <strong>3. Arged Malesa Ostr\u00f3w: 20: <\/strong>Jakub Krawczyk 11 (2,3,2,3,d,1), Sebastian Szostak 3 (3,w,0,-,-,-), Jakub Poczta 6 (2,2,2), <strong>4. Betard Sparta Wroc\u0142aw 19:<\/strong> Bart\u0142omiej Kowalski 15 (3,2,3,3,3,1), Micha\u0142 Curzytek 4 (1,1,2,u,d,d), Kacper Andrzejewski ns, <strong>5. GKM Grudzi\u0105dz: 17:<\/strong> Kacper \u0141obodzi\u0144ski 5 (0,0,2,1,1,1), Kacper Pludra 12 (1,2,3,3,3,w), Seweryn Orgacki, <strong>6. Fogo Unia Leszno: 12:<\/strong> Damian Ratajczak 8 (1,1,d,2,2,2), Hubert Jab\u0142o\u0144ski 0 (0,0,-,0,0,-), Antoni Mencel 4 (1,3), <strong>7. Abramczyk Polonia Bydgoszcz: 8:<\/strong> Przemys\u0142aw Konieczny 4 (0,1,0,1,1,1), Bartosz G\u0142ogowski 4 (1,0,1,w,2,w).<\/p>\n\n\n\n<p><strong>Bieg po biegu:<\/strong><\/p>\n\n\n\n<p>1. Cierniak, Lampart, Pludra, \u0141obodzi\u0144ski<\/p>\n\n\n\n<p>2. Mi\u015bkowiak, \u015awidnicki, G\u0142ogowski, Konieczny<\/p>\n\n\n\n<p>3. Szostak, Krawczyk, Ratajczak, Jab\u0142o\u0144ski<\/p>\n\n\n\n<p>4. Kowalski, Pludra, Curzytek, \u0141obodzi\u0144ski<\/p>\n\n\n\n<p>5. Cierniak, Lampart, Konieczny, G\u0142ogowski<\/p>\n\n\n\n<p>6. Mi\u015bkowiak, \u015awidnicki, Ratajczak, Jab\u0142o\u0144ski<\/p>\n\n\n\n<p>7. Krawczyk, Kowalski, Curzytek, Szostak (w)<\/p>\n\n\n\n<p>8. Pludra, \u0141obodzi\u0144ski, G\u0142ogowski, Konieczny<\/p>\n\n\n\n<p>9. Lampart, Mi\u015bkowiak, Cierniak, \u015awidnicki<\/p>\n\n\n\n<p>10. Kowalski, Curzytek, Mencel, Ratajczak (d)<\/p>\n\n\n\n<p>11. Pludra, Krawczyk, \u0141obodzi\u0144ski, Szostak<\/p>\n\n\n\n<p>12. Cierniak, Ratajczak, Lampart, Jab\u0142o\u0144ski<\/p>\n\n\n\n<p>13. Krawczyk, Poczta, Konieczny, G\u0142ogowski (w)<\/p>\n\n\n\n<p>14. Kowalski, \u015awidnicki, Curzytek (u), Mi\u015bkowiak (w)<\/p>\n\n\n\n<p>15. Pludra, Ratajczak, \u0141obodzi\u0144ski, Jab\u0142o\u0144ski<\/p>\n\n\n\n<p>16. Cierniak, Poczta, Lampart, Krawczyk (d)<\/p>\n\n\n\n<p>17. Kowalski, G\u0142ogowski, Konieczny, Curzytek (d)<\/p>\n\n\n\n<p>18. Mi\u015bkowiak, \u015awidnicki, \u0141obodzi\u0144ski, Pludra (w)<\/p>\n\n\n\n<p>19. Cierniak, Lampart, Kowalski, Curzytek (d)<\/p>\n\n\n\n<p>20. Mencel, Ratajczak, Konieczny, G\u0142ogowski (w)<\/p>\n\n\n\n<p>21. Mi\u015bkowiak, Poczta, Krawczyk, \u015awidnicki<\/p>\n\n\n\n<figure class=\"wp-block-image size-large\"><img decoding=\"async\" width=\"1024\" height=\"488\" data-src=\"https:\/\/gazetaregionalna.com\/wp-content\/uploads\/2021\/08\/MMPPK-13-1024x488.jpg\" alt=\"\" class=\"wp-image-52791 lazyload\" data-srcset=\"https:\/\/gazetaregionalna.com\/wp-content\/uploads\/2021\/08\/MMPPK-13-1024x488.jpg 1024w, https:\/\/gazetaregionalna.com\/wp-content\/uploads\/2021\/08\/MMPPK-13-300x143.jpg 300w, https:\/\/gazetaregionalna.com\/wp-content\/uploads\/2021\/08\/MMPPK-13-768x366.jpg 768w, https:\/\/gazetaregionalna.com\/wp-content\/uploads\/2021\/08\/MMPPK-13-1536x732.jpg 1536w, https:\/\/gazetaregionalna.com\/wp-content\/uploads\/2021\/08\/MMPPK-13-2048x976.jpg 2048w, https:\/\/gazetaregionalna.com\/wp-content\/uploads\/2021\/08\/MMPPK-13-696x332.jpg 696w, https:\/\/gazetaregionalna.com\/wp-content\/uploads\/2021\/08\/MMPPK-13-1068x509.jpg 1068w, https:\/\/gazetaregionalna.com\/wp-content\/uploads\/2021\/08\/MMPPK-13-1920x915.jpg 1920w, https:\/\/gazetaregionalna.com\/wp-content\/uploads\/2021\/08\/MMPPK-13-881x420.jpg 881w, https:\/\/gazetaregionalna.com\/wp-content\/uploads\/2021\/08\/MMPPK-13-scaled.jpg 1200w\" data-sizes=\"(max-width: 1024px) 100vw, 1024px\" src=\"data:image\/svg+xml;base64,PHN2ZyB3aWR0aD0iMSIgaGVpZ2h0PSIxIiB4bWxucz0iaHR0cDovL3d3dy53My5vcmcvMjAwMC9zdmciPjwvc3ZnPg==\" style=\"--smush-placeholder-width: 1024px; --smush-placeholder-aspect-ratio: 1024\/488;\" \/><\/figure>\n\n\n\n<figure class=\"wp-block-image size-large\"><img decoding=\"async\" width=\"1024\" height=\"570\" data-src=\"https:\/\/gazetaregionalna.com\/wp-content\/uploads\/2021\/08\/MMPPK-14-1024x570.jpg\" alt=\"\" class=\"wp-image-52792 lazyload\" data-srcset=\"https:\/\/gazetaregionalna.com\/wp-content\/uploads\/2021\/08\/MMPPK-14-1024x570.jpg 1024w, https:\/\/gazetaregionalna.com\/wp-content\/uploads\/2021\/08\/MMPPK-14-300x167.jpg 300w, https:\/\/gazetaregionalna.com\/wp-content\/uploads\/2021\/08\/MMPPK-14-768x427.jpg 768w, https:\/\/gazetaregionalna.com\/wp-content\/uploads\/2021\/08\/MMPPK-14-1536x855.jpg 1536w, https:\/\/gazetaregionalna.com\/wp-content\/uploads\/2021\/08\/MMPPK-14-2048x1140.jpg 2048w, https:\/\/gazetaregionalna.com\/wp-content\/uploads\/2021\/08\/MMPPK-14-696x387.jpg 696w, https:\/\/gazetaregionalna.com\/wp-content\/uploads\/2021\/08\/MMPPK-14-1068x594.jpg 1068w, https:\/\/gazetaregionalna.com\/wp-content\/uploads\/2021\/08\/MMPPK-14-1920x1069.jpg 1920w, https:\/\/gazetaregionalna.com\/wp-content\/uploads\/2021\/08\/MMPPK-14-755x420.jpg 755w, https:\/\/gazetaregionalna.com\/wp-content\/uploads\/2021\/08\/MMPPK-14-scaled.jpg 1200w\" data-sizes=\"(max-width: 1024px) 100vw, 1024px\" src=\"data:image\/svg+xml;base64,PHN2ZyB3aWR0aD0iMSIgaGVpZ2h0PSIxIiB4bWxucz0iaHR0cDovL3d3dy53My5vcmcvMjAwMC9zdmciPjwvc3ZnPg==\" style=\"--smush-placeholder-width: 1024px; --smush-placeholder-aspect-ratio: 1024\/570;\" \/><\/figure>\n\n\n\n<figure class=\"wp-block-image size-large\"><img decoding=\"async\" width=\"300\" height=\"250\" data-src=\"https:\/\/gazetaregionalna.com\/wp-content\/uploads\/2022\/04\/DMK-4.jpg\" alt=\"\" class=\"wp-image-77212 lazyload\" src=\"data:image\/svg+xml;base64,PHN2ZyB3aWR0aD0iMSIgaGVpZ2h0PSIxIiB4bWxucz0iaHR0cDovL3d3dy53My5vcmcvMjAwMC9zdmciPjwvc3ZnPg==\" style=\"--smush-placeholder-width: 300px; --smush-placeholder-aspect-ratio: 300\/250;\"><\/figure>\n\n\n","protected":false},"excerpt":{"rendered":"<p>W \u015brod\u0119 w Lublinie rozegrano fina\u0142 Mistrzostw Polski Par Klubowych junior\u00f3w. Z\u0142oto wywalczyli gospodarze z Lublina, a srebrne medale zdobyli tak jak rok temu<\/p>\n","protected":false},"author":15,"featured_media":52791,"comment_status":"closed","ping_status":"open","sticky":false,"template":"","format":"standard","meta":{"_monsterinsights_skip_tracking":false,"_monsterinsights_sitenote_active":false,"_monsterinsights_sitenote_note":"","_monsterinsights_sitenote_category":0,"_uf_show_specific_survey":0,"_uf_disable_surveys":false,"footnotes":""},"categories":[5,7],"tags":[],"class_list":["post-89301","post","type-post","status-publish","format-standard","has-post-thumbnail","hentry","category-sport","category-zuzel"],"_links":{"self":[{"href":"https:\/\/gazetaregionalna.com\/index.php?rest_route=\/wp\/v2\/posts\/89301","targetHints":{"allow":["GET"]}}],"collection":[{"href":"https:\/\/gazetaregionalna.com\/index.php?rest_route=\/wp\/v2\/posts"}],"about":[{"href":"https:\/\/gazetaregionalna.com\/index.php?rest_route=\/wp\/v2\/types\/post"}],"author":[{"embeddable":true,"href":"https:\/\/gazetaregionalna.com\/index.php?rest_route=\/wp\/v2\/users\/15"}],"replies":[{"embeddable":true,"href":"https:\/\/gazetaregionalna.com\/index.php?rest_route=%2Fwp%2Fv2%2Fcomments&post=89301"}],"version-history":[{"count":1,"href":"https:\/\/gazetaregionalna.com\/index.php?rest_route=\/wp\/v2\/posts\/89301\/revisions"}],"predecessor-version":[{"id":89302,"href":"https:\/\/gazetaregionalna.com\/index.php?rest_route=\/wp\/v2\/posts\/89301\/revisions\/89302"}],"wp:featuredmedia":[{"embeddable":true,"href":"https:\/\/gazetaregionalna.com\/index.php?rest_route=\/wp\/v2\/media\/52791"}],"wp:attachment":[{"href":"https:\/\/gazetaregionalna.com\/index.php?rest_route=%2Fwp%2Fv2%2Fmedia&parent=89301"}],"wp:term":[{"taxonomy":"category","embeddable":true,"href":"https:\/\/gazetaregionalna.com\/index.php?rest_route=%2Fwp%2Fv2%2Fcategories&post=89301"},{"taxonomy":"post_tag","embeddable":true,"href":"https:\/\/gazetaregionalna.com\/index.php?rest_route=%2Fwp%2Fv2%2Ftags&post=89301"}],"curies":[{"name":"wp","href":"https:\/\/api.w.org\/{rel}","templated":true}]}}