{"id":893,"date":"2018-10-22T12:03:00","date_gmt":"2018-10-22T12:03:00","guid":{"rendered":"http:\/\/gazetaregionalna.com\/?p=893"},"modified":"2018-10-22T12:03:00","modified_gmt":"2018-10-22T12:03:00","slug":"warsztaty-dla-lublinieckich-seniorow","status":"publish","type":"post","link":"https:\/\/gazetaregionalna.com\/?p=893","title":{"rendered":"Warsztaty dla lublinieckich senior\u00f3w"},"content":{"rendered":"<p>&nbsp;<\/p>\n<p style=\"font-weight: 400;\">Bardzo ciep\u0142o zapraszamy naszych lublinieckich senior\u00f3w do Miejskiego Domu Kultury na kolejne warsztaty w ramach akcji \u201eKreatywni 60+\u201d. Zapisy w Galerii pod Glinianym Anio\u0142em oraz telefonicznie pod numerem 34 351 06 88 w godz. 15.00-21.00.<\/p>\n<p style=\"font-weight: 400;\">&#8211; 30.10.2018 roku, godz. 11:00 \u201eMateria\u0142owe broszki\u201d, wst\u0119p wolny<\/p>\n<p style=\"font-weight: 400;\">Pod okiem instruktor Moniki Klimzy-Gryc warsztatowiczki naucz\u0105 si\u0119 kilku \u0142atwych sposob\u00f3w na wykonanie materia\u0142owej broszki. Zaj\u0119cia b\u0119d\u0105 r\u00f3wnie\u017c okazj\u0105 do poznania techniki \u0142\u0105czenia r\u00f3\u017cnych materia\u0142\u00f3w.<\/p>\n","protected":false},"excerpt":{"rendered":"<p>&nbsp; Bardzo ciep\u0142o zapraszamy naszych lublinieckich senior\u00f3w do Miejskiego Domu Kultury na kolejne warsztaty w ramach akcji \u201eKreatywni 60+\u201d. Zapisy w Galerii pod Glinianym<\/p>\n","protected":false},"author":3,"featured_media":0,"comment_status":"open","ping_status":"closed","sticky":false,"template":"","format":"standard","meta":{"_monsterinsights_skip_tracking":false,"_monsterinsights_sitenote_active":false,"_monsterinsights_sitenote_note":"","_monsterinsights_sitenote_category":0,"_uf_show_specific_survey":0,"_uf_disable_surveys":false,"footnotes":""},"categories":[12,25,14],"tags":[],"class_list":["post-893","post","type-post","status-publish","format-standard","hentry","category-kultura-i-rozrywka","category-lubliniec","category-repertuary"],"_links":{"self":[{"href":"https:\/\/gazetaregionalna.com\/index.php?rest_route=\/wp\/v2\/posts\/893","targetHints":{"allow":["GET"]}}],"collection":[{"href":"https:\/\/gazetaregionalna.com\/index.php?rest_route=\/wp\/v2\/posts"}],"about":[{"href":"https:\/\/gazetaregionalna.com\/index.php?rest_route=\/wp\/v2\/types\/post"}],"author":[{"embeddable":true,"href":"https:\/\/gazetaregionalna.com\/index.php?rest_route=\/wp\/v2\/users\/3"}],"replies":[{"embeddable":true,"href":"https:\/\/gazetaregionalna.com\/index.php?rest_route=%2Fwp%2Fv2%2Fcomments&post=893"}],"version-history":[{"count":1,"href":"https:\/\/gazetaregionalna.com\/index.php?rest_route=\/wp\/v2\/posts\/893\/revisions"}],"predecessor-version":[{"id":895,"href":"https:\/\/gazetaregionalna.com\/index.php?rest_route=\/wp\/v2\/posts\/893\/revisions\/895"}],"wp:attachment":[{"href":"https:\/\/gazetaregionalna.com\/index.php?rest_route=%2Fwp%2Fv2%2Fmedia&parent=893"}],"wp:term":[{"taxonomy":"category","embeddable":true,"href":"https:\/\/gazetaregionalna.com\/index.php?rest_route=%2Fwp%2Fv2%2Fcategories&post=893"},{"taxonomy":"post_tag","embeddable":true,"href":"https:\/\/gazetaregionalna.com\/index.php?rest_route=%2Fwp%2Fv2%2Ftags&post=893"}],"curies":[{"name":"wp","href":"https:\/\/api.w.org\/{rel}","templated":true}]}}