{"id":889,"date":"2018-10-22T11:59:31","date_gmt":"2018-10-22T11:59:31","guid":{"rendered":"http:\/\/gazetaregionalna.com\/?p=889"},"modified":"2018-10-22T11:59:31","modified_gmt":"2018-10-22T11:59:31","slug":"wsparcie-ekonomii-spolecznej-i-firm-rodzinnych","status":"publish","type":"post","link":"https:\/\/gazetaregionalna.com\/?p=889","title":{"rendered":"Wsparcie Ekonomii Spo\u0142ecznej i Firm Rodzinnych"},"content":{"rendered":"<p><strong><span style=\"font-family: Times New Roman, serif;\">Efektem dotychczasowego dzia\u0142ania Jurajskiego O\u015brodka Wsparcia Ekonomii Spo\u0142ecznej przy Agencji Rozwoju Regionalnego w Cz\u0119stochowie jest m.in. utworzenie 62 podmiot\u00f3w ekonomii spo\u0142ecznej i udzielenie r\u00f3\u017cnego rodzaju wsparcia 1500 osobom. Do 2023 r. JOWES zostanie dofinansowany kwot\u0105 16 mln z\u0142. ARR stworzy te\u017c wkr\u00f3tce Lokalne Centrum Kompetencji Przedsi\u0119biorczo\u015bci Rodzinnej. <\/span><\/strong><\/p>\n<p><span style=\"font-family: Times New Roman, serif;\">Ekonomia spo\u0142eczna wpisuje si\u0119 w polityk\u0119 spo\u0142eczn\u0105 cz\u0119stochowskiego samorz\u0105du, kt\u00f3ry chce tworzy\u0107 miasto przyjazne dla wszystkich \u2013 tak\u017ce tych, kt\u00f3rym wolny rynek pracy nie daje tylu szans co tym silniejszym, zdrowszym, bardziej zaradnym. S\u0142u\u017cy integracji zawodowej i spo\u0142ecznej os\u00f3b zagro\u017conych marginalizacj\u0105, tworzeniu dla nich miejsc pracy i pola do u\u017cytecznej spo\u0142ecznie dzia\u0142alno\u015bci w takich podmiotach jak m.in. fundacje, stowarzyszenia, centra integracji spo\u0142ecznej czy sp\u00f3\u0142dzielnie socjalne. Wspieranie ekonomii spo\u0142ecznej mo\u017ce by\u0107 alternatyw\u0105 dla tradycyjnych program\u00f3w aktywizacji zawodowej dla os\u00f3b b\u0119d\u0105cych \u2013 z r\u00f3\u017cnych wzgl\u0119d\u00f3w \u2013 w trudnej sytuacji.<\/span><\/p>\n<p><em><span style=\"font-family: Times New Roman, serif;\">&#8211; Cz\u0119stochowski o\u015brodek dzia\u0142aj\u0105cy na rzecz ekonomii spo\u0142ecznej w pierwszej edycji projektu JOWES \u201ezagospodarowa\u0142\u201d blisko 4 mln z\u0142, w drugim &#8211; blisko 8 mln, a teraz b\u0119dzie mia\u0142 przez ponad 5 lat do dyspozycji ponad 16 mln z\u0142 <\/span><\/em><span style=\"font-family: Times New Roman, serif;\">\u2013 podsumowuje prezydent miasta Krzysztof Matyjaszczyk<\/span><strong><span style=\"font-family: Times New Roman, serif;\">. <\/span><\/strong><em><span style=\"font-family: Times New Roman, serif;\">&#8211; Te \u015brodki maj\u0105 prze\u0142o\u017cy\u0107 si\u0119 m.in. na stworzenie ok. 260 miejsc pracy i wsparcie dla ok. 900 os\u00f3b zagro\u017conych ub\u00f3stwem lub wykluczeniem. Liczymy, \u017ce uda si\u0119 pom\u00f3c wielu ludziom i \u015brodowiskom, a Cz\u0119stochowa b\u0119dzie dalej stawiana za wz\u00f3r wsp\u00f3lnego dzia\u0142ania sektora pozarz\u0105dowego i samorz\u0105du na rzecz ,,przyjaznego\u201d modelu miasta.<\/span><\/em><\/p>\n<p><span style=\"font-family: Times New Roman, serif;\">W ci\u0105gu dotychczasowej dzia\u0142alno\u015bci dzi\u0119ki JOWES zosta\u0142o utworzone m.in. 62 podmioty ekonomii spo\u0142ecznej oraz powsta\u0142o 154 nowych miejsc pracy w tych podmiotach (miejsca pracy utworzone bezpo\u015brednio dzi\u0119ki \u015brodkom O\u015brodka).<\/span><\/p>\n<p><span style=\"font-family: Times New Roman, serif;\">Cz\u0119stochowa i ARR przyst\u0119pi\u0142y tak\u017ce do innowacyjnego \u2013 bo pierwszego tak du\u017cego w Polsce \u2013 projektu skierowanego do lokalnych firm rodzinnych. B\u0119dziemy jednym z 7 miast, w kt\u00f3rych powstan\u0105 lokalne centra kompetencji rozwoju firm rodzinnych (LCK). B\u0119d\u0105 one kojarzy\u0107 kilku partner\u00f3w (samorz\u0105d, administracj\u0119 rz\u0105dow\u0105, \u015brodowisko gospodarcze) dla stworzenia stabilnego, d\u0142ugotrwa\u0142ego wsparcia dla firm rodzinnych. Projekt pozwoli skuteczniej wykorzysta\u0107 potencja\u0142 drzemi\u0105cy w firmach rodzinnych &#8211; dla zr\u00f3wnowa\u017conego, lokalnego rozwoju.<\/span><\/p>\n<p><strong><span style=\"font-family: Times New Roman, serif;\">Dzia\u0142alno\u015b\u0107 i plany JOWES<\/span><\/strong><\/p>\n<p><span style=\"font-family: Times New Roman, serif;\">JOWES swoim dzia\u0142aniem obejmuje obszar Miasta Cz\u0119stochowy oraz powiat\u00f3w: cz\u0119stochowskiego, k\u0142obuckiego i myszkowskiego. Dzia\u0142alno\u015b\u0107 JOWES jest wsp\u00f3\u0142finansowana z Europejskiego Funduszu Spo\u0142ecznego. Pierwsza edycja funkcjonowania O\u015brodka by\u0142a realizowana w okresie od pocz\u0105tku 2013 do ko\u0144ca lipca 2015, natomiast druga edycja od sierpnia 2015 do ko\u0144ca lipca 2018.<\/span><\/p>\n<p><strong><span style=\"font-family: Times New Roman, serif;\">Ostatnio podpisana zosta\u0142a kolejna umowa pomi\u0119dzy ARR w Cz\u0119stochowie a Zarz\u0105dem Wojew\u00f3dztwa \u015al\u0105skiego na funkcjonowanie ju\u017c 3. edycji JOWES. <\/span><\/strong><strong><span style=\"font-family: Times New Roman, serif;\">j<\/span><\/strong><span style=\"font-family: Times New Roman, serif;\">Warto\u015b\u0107 dofinansowania na najbli\u017csze 5,5 roku wynosi ponad 16 mln z\u0142. JOWES posiada akredytacj\u0119 Ministerstwa Rodziny Pracy i Polityki Spo\u0142ecznej od 2015 roku. Po audycie przeprowadzonym przez wyspecjalizowan\u0105 instytucj\u0119 w czerwcu 2018 roku po raz kolejny wyd\u0142u\u017cono okres obowi\u0105zywania akredytacji do 31 sierpnia 2020 roku.<\/span><\/p>\n<p><span style=\"font-family: Times New Roman, serif;\">Najwa\u017cniejszym zadaniem JOWES jest wsparcie tworzenia miejsc pracy dla os\u00f3b zagro\u017conych ub\u00f3stwem lub wykluczeniem spo\u0142ecznym oraz wsparcie rozwoju i profesjonalizacji podmiot\u00f3w ekonomii spo\u0142ecznej z Subregionu P\u00f3\u0142nocnego Woj. \u015al\u0105skiego.<\/span><\/p>\n<p><span style=\"font-family: Times New Roman, serif;\">Rezultaty dzia\u0142alno\u015bci JOWES od 2013 roku to m.in.:<br \/>\n&#8211; 154 nowych miejsc pracy w podmiotach ekonomii spo\u0142ecznej,<br \/>\n&#8211; ponad 62 utworzone podmioty ekonomii spo\u0142ecznej ( w tym m.in. fundacje, stowarzyszenia, Centra Integracji Spo\u0142ecznej, Sp\u00f3\u0142dzielnie Socjalne),<br \/>\n&#8211; ponad 1500 os\u00f3b uczestnicz\u0105cych w projekcie,<br \/>\n&#8211; ok. 400 instytucji uczestnicz\u0105cych w projekcie,<br \/>\n&#8211; ok. 6500 zrealizowanych godzin doradczych,<br \/>\n&#8211; ok. 1400 zrealizowanych godzin szkoleniowych,<br \/>\n|- wsparcie 12 partnerstw.<\/span><\/p>\n<p><span style=\"font-family: Times New Roman, serif;\">W ramach dotacji na tworzenie miejsc pracy w przedsi\u0119biorstwach spo\u0142ecznych przyznano wsparcie inwestycyjne oraz wsparcie pomostowe podstawowe i przed\u0142u\u017cone. Ka\u017cde takie przedsi\u0119biorstwo mia\u0142o mo\u017cliwo\u015b\u0107 przeszkolenia zawodowego pracownik\u00f3w. Elementem wsparcia by\u0142y r\u00f3wnie\u017c szkolenia z zakresu prowadzenia przedsi\u0119biorstw spo\u0142ecznych, doradztwo oraz wizyty studyjne.<br \/>\nWsparcie otrzymuj\u0105 g\u0142\u00f3wnie osoby zagro\u017cone ub\u00f3stwem lub wykluczeniem spo\u0142ecznym, podmioty ekonomii spo\u0142ecznej, pracownicy jednostek sektora finans\u00f3w publicznych.<\/span><\/p>\n<p><span style=\"font-family: Times New Roman, serif;\">W ramach dzia\u0142a\u0144 3. edycji funkcjonowania O\u015brodka na lata 2018-2024 planowane s\u0105:<br \/>\n&#8211; dotacje na tworzenie nowych miejsc pracy w podmiotach ekonomii spo\u0142ecznej i utworzenie 259 miejsc pracy,<br \/>\n&#8211; wsparcie pomostowe w pocz\u0105tkowym okresie dzia\u0142alno\u015bci,<br \/>\n&#8211; wsparcie co najmniej 898 os\u00f3b zagro\u017conych ub\u00f3stwem lub wykluczeniem spo\u0142ecznym,<br \/>\n&#8211; us\u0142ugi informacyjno-promocyjne sektora ES,<br \/>\n&#8211; us\u0142ugi animacyjne,<br \/>\n&#8211; us\u0142ugi doradztwa og\u00f3lnego oraz doradztwa specjalistycznego,<br \/>\n&#8211; us\u0142ugi szkoleniowe.<\/span><\/p>\n<p><span style=\"font-family: Times New Roman, serif;\">W celu zwi\u0119kszenia zakresu oddzia\u0142ywania projektu i u\u0142atwienia kontakt\u00f3w z organizacjami pozarz\u0105dowymi b\u0119d\u0105 kontynuowane tzw. mobilne punkty JOWES, m.in. przy Urz\u0119dzie Miasta Cz\u0119stochowy w COP, przy ul. Focha. W tym celu zawarte zosta\u0142o porozumienie o wsp\u00f3\u0142pracy z Gmin\u0105 Cz\u0119stochowa.<br \/>\nBior\u0105c pod uwag\u0119 warto\u015b\u0107 pozyskanych \u015brodk\u00f3w, kt\u00f3re trafi\u0142y za spraw\u0105 i przy udziale JOWES na wsparcie podmiot\u00f3w ekonomii spo\u0142ecznej i aktywizacj\u0119 spo\u0142eczn\u0105 i zawodow\u0105 os\u00f3b zagro\u017conych ub\u00f3stwem lub wykluczeniem spo\u0142ecznym \u2013 jest to ponad 25 mln z\u0142otych.<br \/>\nPonadto JOWES jest organizatorem wielu konferencji, seminari\u00f3w, warsztat\u00f3w, targ\u00f3w ekonomii spo\u0142ecznej oraz spotka\u0144 sieciuj\u0105cych przedstawicieli przedsi\u0119biorstw z podmiotami ekonomii spo\u0142ecznej. Jednym z wa\u017cnych dzia\u0142a\u0144 jest r\u00f3wnie\u017c budowanie zaanga\u017cowania spo\u0142ecznego w\u015br\u00f3d przedsi\u0119biorc\u00f3w (CSR) oraz inicjowanie wsp\u00f3\u0142pracy mi\u0119dzysektorowej pomi\u0119dzy podmiotami ekonomii spo\u0142ecznej, samorz\u0105dami, przedsi\u0119biorcami oraz jednostkami naukowymi. JOWES bierze r\u00f3wnie\u017c udzia\u0142 w pracach Wojew\u00f3dzkiego Zespo\u0142u ds. Ekonomii Spo\u0142ecznej oraz sekretariatu Og\u00f3lnopolskich Spotka\u0144 Sieciuj\u0105cych OWES.<\/span><\/p>\n<p><strong><span style=\"font-family: Times New Roman, serif;\">Projekt ,,Tworzenie systemu sieciowego wsparcia przedsi\u0119biorczo\u015bci rodzinnej \u2013 Lokalne Centra Kompetencji Przedsi\u0119biorczo\u015bci Rodzinnej\u201d<\/span><\/strong><\/p>\n<p><span style=\"font-family: Times New Roman, serif;\">W wyniku realizacji projektu powstanie 7 lokalnych centr\u00f3w kompetencji rozwoju firm rodzinnych (LCK) w 7 miastach na terenie Polski. Kluczowym za\u0142o\u017ceniem jest \u015bcis\u0142a wsp\u00f3\u0142praca partner\u00f3w lokalnych \u2013 w\u0142adz miasta i lokalnych firm rodzinnych, tak aby system wsparcia dla firm by\u0142 sta\u0142y i skuteczny. Chodzi o doskonalenie efektywno\u015bci wsp\u00f3\u0142dzia\u0142ania partner\u00f3w lokalnych (w\u0142adz miasta i lokalnych firm rodzinnych) na rzecz rozwoju rodzinnych przedsi\u0119biorstw w krytycznych dla nich obszarach: efektywno\u015bci ich prowadzenia, przekazywania kompetencji ich prowadzenia z pokolenia na pokolenie, wsparcia trwa\u0142o\u015bci i konkurencyjno\u015bci FR z uwzgl\u0119dnieniem specyfiki ich dzia\u0142ania, upowszechnienia wiedzy nt. sposob\u00f3w pomiaru zysku ekonomicznego, wsparcia skutecznych proces\u00f3w sukcesyjnych, wykorzystania analizy ryzyka.<br \/>\nW ka\u017cdym z 7 miast powstanie kom\u00f3rka\/stanowisko LCK umiejscowione przy jednej z instytucji miejskich oraz cia\u0142o konsultacyjne ,,rada rozwoju firm rodzinnych\u201d. Zadaniem centrum b\u0119dzie wspieranie rozwoju firm rodzinnych, a jednym z g\u0142\u00f3wnych zada\u0144 \u2013 doprowadzenie do powo\u0142ania ,,rady rozwoju firm rodzinnych\u201d, skupiaj\u0105cej przedsi\u0119biorc\u00f3w rodzinnych i przedstawicieli instytucji publicznych wp\u0142ywaj\u0105cych na warunki ich funkcjonowania. Do udzia\u0142u w radzie zaproszeni zostan\u0105 tak\u017ce lokalni przedstawiciele jednostek administracji rz\u0105dowej (tj. US, Sanepid, Inspekcja Pracy, ZUS, KRUS), a tak\u017ce lokalnego \u015brodowiska gospodarczego. Efektem pracy rady b\u0119dzie opracowanie za\u0142o\u017ce\u0144 programu rozwoju firm rodzinnych i planu realizacji tego programu. W ka\u017cdym LCK zostanie zatrudniony Lokalny Animator rozwoju firm, finansowany z bud\u017cetu projektu. Dzia\u0142ania wykorzystywa\u0107 b\u0119d\u0105 do\u015bwiadczenia partnera zagranicznego \u2013 Izby Przemys\u0142owo-Handlowej z Sewilli.<br \/>\nJest to pierwszy w Polsce tak kompleksowy projekt z udzia\u0142em samorz\u0105d\u00f3w na rzecz lokalnych firm rodzinnych. D\u0142ugofalowym celem jest wypracowanie nowej generacji program\u00f3w rozwoju lokalnego we wsp\u00f3\u0142dzia\u0142aniu i w oparciu o potencja\u0142 lokalnych firm.<br \/>\nProjekt jest realizowany przez 2 lata &#8211; do 30 czerwca 2020 wsp\u00f3lnie przez 5 partner\u00f3w, w tym: Stowarzyszenie Inicjatywa Firm Rodzinnych i Zwi\u0105zek Miast Polskich, w ramach Programu Operacyjnego \u201eWiedza &#8211; Edukacja \u2013 Rozw\u00f3j\u201d.<\/span><\/p>\n<p><em><span style=\"font-family: Times New Roman, serif;\">Spotkanie po\u015bwi\u0119cone dzia\u0142alno\u015bci JOWES oraz podpisaniu porozumie\u0144 mi\u0119dzy Agencj\u0105 Rozwoju Regionalnego a Miastem Cz\u0119stochowa, dotycz\u0105cych dalszej dzia\u0142alno\u015bci mobilnego punktu JOWES w budynku UM przy ul. Focha oraz realizacji projektu ,,Tworzenie systemu sieciowego wsparcia przedsi\u0119biorczo\u015bci rodzinnej \u2013 Lokalne Centra Kompetencji Przedsi\u0119biorczo\u015bci Rodzinnej\u201d, odby\u0142o si\u0119 19 X w sali konferencyjnej ARR Parku Przemys\u0142owo-Technologicznego przy ul. Wa\u0142y Dwernickiego. Wzi\u0119li w nim udzia\u0142 m.in. prezydent miasta Krzysztof Matyjaszczyk, Anna Potrzebowska \u2013 wiceprezes ARR oraz Artur Szmaciarski \u2013 kierownik JOWES.<\/span><\/em><\/p>\n<p>(UM Cz\u0119stochowa)<\/p>\n","protected":false},"excerpt":{"rendered":"<p>Efektem dotychczasowego dzia\u0142ania Jurajskiego O\u015brodka Wsparcia Ekonomii Spo\u0142ecznej przy Agencji Rozwoju Regionalnego w Cz\u0119stochowie jest m.in. utworzenie 62 podmiot\u00f3w ekonomii spo\u0142ecznej i udzielenie r\u00f3\u017cnego<\/p>\n","protected":false},"author":3,"featured_media":0,"comment_status":"open","ping_status":"closed","sticky":false,"template":"","format":"standard","meta":{"_monsterinsights_skip_tracking":false,"_monsterinsights_sitenote_active":false,"_monsterinsights_sitenote_note":"","_monsterinsights_sitenote_category":0,"_uf_show_specific_survey":0,"_uf_disable_surveys":false,"footnotes":""},"categories":[3,2],"tags":[],"class_list":["post-889","post","type-post","status-publish","format-standard","hentry","category-czestochowa-informacje","category-wiadomosci"],"_links":{"self":[{"href":"https:\/\/gazetaregionalna.com\/index.php?rest_route=\/wp\/v2\/posts\/889","targetHints":{"allow":["GET"]}}],"collection":[{"href":"https:\/\/gazetaregionalna.com\/index.php?rest_route=\/wp\/v2\/posts"}],"about":[{"href":"https:\/\/gazetaregionalna.com\/index.php?rest_route=\/wp\/v2\/types\/post"}],"author":[{"embeddable":true,"href":"https:\/\/gazetaregionalna.com\/index.php?rest_route=\/wp\/v2\/users\/3"}],"replies":[{"embeddable":true,"href":"https:\/\/gazetaregionalna.com\/index.php?rest_route=%2Fwp%2Fv2%2Fcomments&post=889"}],"version-history":[{"count":2,"href":"https:\/\/gazetaregionalna.com\/index.php?rest_route=\/wp\/v2\/posts\/889\/revisions"}],"predecessor-version":[{"id":892,"href":"https:\/\/gazetaregionalna.com\/index.php?rest_route=\/wp\/v2\/posts\/889\/revisions\/892"}],"wp:attachment":[{"href":"https:\/\/gazetaregionalna.com\/index.php?rest_route=%2Fwp%2Fv2%2Fmedia&parent=889"}],"wp:term":[{"taxonomy":"category","embeddable":true,"href":"https:\/\/gazetaregionalna.com\/index.php?rest_route=%2Fwp%2Fv2%2Fcategories&post=889"},{"taxonomy":"post_tag","embeddable":true,"href":"https:\/\/gazetaregionalna.com\/index.php?rest_route=%2Fwp%2Fv2%2Ftags&post=889"}],"curies":[{"name":"wp","href":"https:\/\/api.w.org\/{rel}","templated":true}]}}