{"id":88778,"date":"2022-08-11T07:59:56","date_gmt":"2022-08-11T07:59:56","guid":{"rendered":"https:\/\/gazetaregionalna.com\/?p=88778"},"modified":"2022-08-11T07:59:57","modified_gmt":"2022-08-11T07:59:57","slug":"mpk-informuje-ze-13-sierpnia-koncza-sie-objazdy-linii-26","status":"publish","type":"post","link":"https:\/\/gazetaregionalna.com\/?p=88778","title":{"rendered":"MPK Cz\u0119stochowa informuje: 13 sierpnia ko\u0144cz\u0105 si\u0119 objazdy linii 26"},"content":{"rendered":"\n<p><strong>MPK informuje, \u017ce w najbli\u017csz\u0105 sobot\u0119 zako\u0144czy si\u0119 objazd na linii 26 na Zawodziu. Autobusy wr\u00f3c\u0105 na swoj\u0105 sta\u0142\u0105 tras\u0119.<\/strong><\/p>\n\n\n\n<p>Od soboty, 13 sierpnia, zako\u0144czy si\u0119 objazd linii 26 na Zawodziu, wobec czego autobusy tej linii powr\u00f3c\u0105 na\u00a0sta\u0142\u0105 tras\u0119 przez alej\u0119 Ko\u015bciuszki, alej\u0119 Naj\u015bwi\u0119tszej Maryi Panny, plac Daszy\u0144skiego, ulice Mirowsk\u0105 i Srebrn\u0105.<\/p>\n\n\n\n<p>Tym samym dla linii 18\u00a0zostanie\u00a0przywr\u00f3cona obs\u0142uga przystank\u00f3w SREBRNA przy skrzy\u017cowaniu ulic Mirowskiej, Srebrnej i Z\u0142otej.<\/p>\n\n\n\n<p>LN\/UM Cz\u0119stochowy<\/p>\n","protected":false},"excerpt":{"rendered":"<p>MPK informuje, \u017ce w najbli\u017csz\u0105 sobot\u0119 zako\u0144czy si\u0119 objazd na linii 26 na Zawodziu. Autobusy wr\u00f3c\u0105 na swoj\u0105 sta\u0142\u0105 tras\u0119. Od soboty, 13 sierpnia,<\/p>\n","protected":false},"author":26,"featured_media":52899,"comment_status":"closed","ping_status":"open","sticky":false,"template":"","format":"standard","meta":{"_monsterinsights_skip_tracking":false,"_monsterinsights_sitenote_active":false,"_monsterinsights_sitenote_note":"","_monsterinsights_sitenote_category":0,"_uf_show_specific_survey":0,"_uf_disable_surveys":false,"footnotes":""},"categories":[3,2],"tags":[5824,189,5252],"class_list":["post-88778","post","type-post","status-publish","format-standard","has-post-thumbnail","hentry","category-czestochowa-informacje","category-wiadomosci","tag-biuro-inzyniera-ruchu","tag-mpk-czestochowa","tag-objazdy"],"_links":{"self":[{"href":"https:\/\/gazetaregionalna.com\/index.php?rest_route=\/wp\/v2\/posts\/88778","targetHints":{"allow":["GET"]}}],"collection":[{"href":"https:\/\/gazetaregionalna.com\/index.php?rest_route=\/wp\/v2\/posts"}],"about":[{"href":"https:\/\/gazetaregionalna.com\/index.php?rest_route=\/wp\/v2\/types\/post"}],"author":[{"embeddable":true,"href":"https:\/\/gazetaregionalna.com\/index.php?rest_route=\/wp\/v2\/users\/26"}],"replies":[{"embeddable":true,"href":"https:\/\/gazetaregionalna.com\/index.php?rest_route=%2Fwp%2Fv2%2Fcomments&post=88778"}],"version-history":[{"count":1,"href":"https:\/\/gazetaregionalna.com\/index.php?rest_route=\/wp\/v2\/posts\/88778\/revisions"}],"predecessor-version":[{"id":88779,"href":"https:\/\/gazetaregionalna.com\/index.php?rest_route=\/wp\/v2\/posts\/88778\/revisions\/88779"}],"wp:featuredmedia":[{"embeddable":true,"href":"https:\/\/gazetaregionalna.com\/index.php?rest_route=\/wp\/v2\/media\/52899"}],"wp:attachment":[{"href":"https:\/\/gazetaregionalna.com\/index.php?rest_route=%2Fwp%2Fv2%2Fmedia&parent=88778"}],"wp:term":[{"taxonomy":"category","embeddable":true,"href":"https:\/\/gazetaregionalna.com\/index.php?rest_route=%2Fwp%2Fv2%2Fcategories&post=88778"},{"taxonomy":"post_tag","embeddable":true,"href":"https:\/\/gazetaregionalna.com\/index.php?rest_route=%2Fwp%2Fv2%2Ftags&post=88778"}],"curies":[{"name":"wp","href":"https:\/\/api.w.org\/{rel}","templated":true}]}}