{"id":88717,"date":"2022-08-10T10:14:27","date_gmt":"2022-08-10T10:14:27","guid":{"rendered":"https:\/\/gazetaregionalna.com\/?p=88717"},"modified":"2022-08-10T10:14:29","modified_gmt":"2022-08-10T10:14:29","slug":"klobuck-bezpieczna-przystan-warsztaty-dla-dzieci-z-polski-i-ukrainy","status":"publish","type":"post","link":"https:\/\/gazetaregionalna.com\/?p=88717","title":{"rendered":"K\u0142obuck &#8211; Bezpieczna przysta\u0144 &#8211; warsztaty dla dzieci z Polski i Ukrainy"},"content":{"rendered":"\n<h2 class=\"wp-block-heading\">Na event po nazw\u0105 Bezpieczna Przysta\u0144 zaproszone s\u0105 wszystkie dzieci w wieku 5-12 lat z&nbsp; Polski jak r\u00f3wnie\u017c z Ukrainy.<\/h2>\n\n\n\n<p>Odb\u0119dzie si\u0119 on w <strong>siedzibie K\u0142obuckiego Centrum Us\u0142ug Spo\u0142ecznych<\/strong> przy ul. Sportowej 14, <strong>20 sierpnia <\/strong>w godzinach <strong>od 15:30 do 18:30<\/strong>.<\/p>\n\n\n\n<p><strong>W ramach spotkania dzieci b\u0119d\u0105 mia\u0142y mo\u017cliwo\u015b\u0107 odbycia mi\u0119dzy innymi<\/strong>: nauki poprzez zabaw\u0119 z klockami Lego, a tak\u017ce szereg innych atrakcji.<\/p>\n\n\n\n<p><strong>Wst\u0119p wolny. Zapisy na event pod numerem telefonu: 606 479\u00a0071<\/strong>.<\/p>\n\n\n\n<p>Natomiast <strong>24 sierpnia<\/strong> organizowana jest <strong>wycieczka do Gliwic<\/strong> na <strong>wystaw\u0119 klock\u00f3w Lego<\/strong>. Zapisy dzieci na wycieczk\u0119 <a href=\"https:\/\/docs.google.com\/forms\/d\/1Cd06OVPjAf2X2lloIPFqOkIzBQ4aNuEH8II5hEfqYJs\/viewform?chromeless=1&amp;edit_requested=true\" target=\"_blank\" rel=\"noopener\">TUTAJ<\/a> .<\/p>\n\n\n\n<p>Organizatorem eventu pod patronatem Burmistrza Gminy K\u0142obuck oraz wycieczki jest Fundacja Przyl\u0105dek Kreatywno\u015bci, Fundacja Polki Mog\u0105 Wszystko oraz Tzu Chi Fundation.<\/p>\n\n\n\n<figure class=\"wp-block-image size-large\"><img decoding=\"async\" width=\"470\" height=\"674\" data-src=\"https:\/\/gazetaregionalna.com\/wp-content\/uploads\/2022\/08\/2-6.png\" alt=\"\" class=\"wp-image-88720 lazyload\" data-srcset=\"https:\/\/gazetaregionalna.com\/wp-content\/uploads\/2022\/08\/2-6.png 470w, https:\/\/gazetaregionalna.com\/wp-content\/uploads\/2022\/08\/2-6-209x300.png 209w, https:\/\/gazetaregionalna.com\/wp-content\/uploads\/2022\/08\/2-6-293x420.png 293w\" data-sizes=\"(max-width: 470px) 100vw, 470px\" src=\"data:image\/svg+xml;base64,PHN2ZyB3aWR0aD0iMSIgaGVpZ2h0PSIxIiB4bWxucz0iaHR0cDovL3d3dy53My5vcmcvMjAwMC9zdmciPjwvc3ZnPg==\" style=\"--smush-placeholder-width: 470px; --smush-placeholder-aspect-ratio: 470\/674;\" \/><figcaption>mat. UG w K\u0142obucku <\/figcaption><\/figure>\n\n\n\n<p><strong>K KIK <\/strong><\/p>\n","protected":false},"excerpt":{"rendered":"<p>Na event po nazw\u0105 Bezpieczna Przysta\u0144 zaproszone s\u0105 wszystkie dzieci w wieku 5-12 lat z&nbsp; Polski jak r\u00f3wnie\u017c z Ukrainy. Odb\u0119dzie si\u0119 on w<\/p>\n","protected":false},"author":21,"featured_media":88721,"comment_status":"closed","ping_status":"open","sticky":false,"template":"","format":"standard","meta":{"_monsterinsights_skip_tracking":false,"_monsterinsights_sitenote_active":false,"_monsterinsights_sitenote_note":"","_monsterinsights_sitenote_category":0,"_uf_show_specific_survey":0,"_uf_disable_surveys":false,"footnotes":""},"categories":[2,27,4],"tags":[5814,1134,280,531,5815,5816],"class_list":["post-88717","post","type-post","status-publish","format-standard","has-post-thumbnail","hentry","category-wiadomosci","category-klobuck-informacje","category-region","tag-bezpieczna-przystan","tag-dzieci","tag-klobuck","tag-warsztaty","tag-z-polski","tag-z-ukrainy"],"_links":{"self":[{"href":"https:\/\/gazetaregionalna.com\/index.php?rest_route=\/wp\/v2\/posts\/88717","targetHints":{"allow":["GET"]}}],"collection":[{"href":"https:\/\/gazetaregionalna.com\/index.php?rest_route=\/wp\/v2\/posts"}],"about":[{"href":"https:\/\/gazetaregionalna.com\/index.php?rest_route=\/wp\/v2\/types\/post"}],"author":[{"embeddable":true,"href":"https:\/\/gazetaregionalna.com\/index.php?rest_route=\/wp\/v2\/users\/21"}],"replies":[{"embeddable":true,"href":"https:\/\/gazetaregionalna.com\/index.php?rest_route=%2Fwp%2Fv2%2Fcomments&post=88717"}],"version-history":[{"count":1,"href":"https:\/\/gazetaregionalna.com\/index.php?rest_route=\/wp\/v2\/posts\/88717\/revisions"}],"predecessor-version":[{"id":88722,"href":"https:\/\/gazetaregionalna.com\/index.php?rest_route=\/wp\/v2\/posts\/88717\/revisions\/88722"}],"wp:featuredmedia":[{"embeddable":true,"href":"https:\/\/gazetaregionalna.com\/index.php?rest_route=\/wp\/v2\/media\/88721"}],"wp:attachment":[{"href":"https:\/\/gazetaregionalna.com\/index.php?rest_route=%2Fwp%2Fv2%2Fmedia&parent=88717"}],"wp:term":[{"taxonomy":"category","embeddable":true,"href":"https:\/\/gazetaregionalna.com\/index.php?rest_route=%2Fwp%2Fv2%2Fcategories&post=88717"},{"taxonomy":"post_tag","embeddable":true,"href":"https:\/\/gazetaregionalna.com\/index.php?rest_route=%2Fwp%2Fv2%2Ftags&post=88717"}],"curies":[{"name":"wp","href":"https:\/\/api.w.org\/{rel}","templated":true}]}}