{"id":88708,"date":"2022-08-10T09:59:21","date_gmt":"2022-08-10T09:59:21","guid":{"rendered":"https:\/\/gazetaregionalna.com\/?p=88708"},"modified":"2022-08-11T09:18:07","modified_gmt":"2022-08-11T09:18:07","slug":"jasna-gora-pierwszy-szczyt-pielgrzymkowy","status":"publish","type":"post","link":"https:\/\/gazetaregionalna.com\/?p=88708","title":{"rendered":"Jasna G\u00f3ra gotowa na pierwszy szczyt pielgrzymkowy"},"content":{"rendered":"\n<h2 class=\"wp-block-heading\">Cz\u0119stochowskie sanktuarium przygotowuje si\u0119 na najwi\u0119kszy odpust przypadaj\u0105cy w \u015bwi\u0119to Wniebowzi\u0119cia Naj\u015bwi\u0119tszej Maryi Panny.<\/h2>\n\n\n\n<p>Jak informuje Biuro Prasowe Jasnej G\u00f3ry, kustosz o. Waldemar Pastusiak zapewnia, \u017ce sanktuarium jest gotowe na przyj\u0119cie p\u0105tnik\u00f3w. Wej\u015bcia poszczeg\u00f3lnych grupy na plac pod szczytem, kt\u00f3re przypadn\u0105 na 13 i 14 sierpnia, b\u0119d\u0105 transmitowane na jasnog\u00f3rskim kanale YouTube i przez EWTN Polska. To zupe\u0142na nowo\u015b\u0107.<\/p>\n\n\n\n<figure class=\"wp-block-image size-large\"><img decoding=\"async\" width=\"675\" height=\"452\" data-src=\"https:\/\/gazetaregionalna.com\/wp-content\/uploads\/2022\/08\/szczyt.jpg\" alt=\"\" class=\"wp-image-88712 lazyload\" data-srcset=\"https:\/\/gazetaregionalna.com\/wp-content\/uploads\/2022\/08\/szczyt.jpg 675w, https:\/\/gazetaregionalna.com\/wp-content\/uploads\/2022\/08\/szczyt-300x201.jpg 300w, https:\/\/gazetaregionalna.com\/wp-content\/uploads\/2022\/08\/szczyt-627x420.jpg 627w\" data-sizes=\"(max-width: 675px) 100vw, 675px\" src=\"data:image\/svg+xml;base64,PHN2ZyB3aWR0aD0iMSIgaGVpZ2h0PSIxIiB4bWxucz0iaHR0cDovL3d3dy53My5vcmcvMjAwMC9zdmciPjwvc3ZnPg==\" style=\"--smush-placeholder-width: 675px; --smush-placeholder-aspect-ratio: 675\/452;\" \/><figcaption>fot. Biuro Prasowe Jasnej G\u00f3ry<\/figcaption><\/figure>\n\n\n\n<p>-Wychodz\u0105c naprzeciw oczekiwaniom pielgrzym\u00f3w, kt\u00f3rzy \u0142\u0105cz\u0105c si\u0119 z nami duchowo, chc\u0105 by\u0107 obecni na jasnog\u00f3rskim placu, uda\u0142o nam si\u0119 uzyska\u0107 stosowne pozwolenia i postawili\u015bmy na jasnog\u00f3rskich b\u0142oniach specjalny maszt. S\u0142u\u017cy on do przekazu online wydarze\u0144 z placu. Dzi\u0119ki temu b\u0119dzie mo\u017cna pokaza\u0107 wej\u015bcia du\u017cych pieszych pielgrzymek. Ci, kt\u00f3rzy nie mog\u0105 osobi\u015bcie by\u0107 w\u00f3wczas na Jasnej G\u00f3rze, dzi\u0119ki przekazowi multimedialnemu b\u0119d\u0105 mogli by\u0107 razem z nami duchowo i bra\u0107 udzia\u0142 we wsp\u00f3lnej modlitwie &#8211; wyja\u015bnia kustosz Jasnej G\u00f3ry.<\/p>\n\n\n\n<p>Paulini i zaproszeni ksi\u0119\u017ca czekaj\u0105 na wiernych w jasnog\u00f3rskich konfesjona\u0142ach w tzw. Wieczerniku (to namiot-kaplica na zewn\u0105trz). S\u0105 obecni codzienne od godz. 6 do 19.30. Do dyspozycji pielgrzym\u00f3w s\u0105 te\u017c wszystkie punkty: medyczny, informacyjny (Jasnog\u00f3rskie Centrum Informacji) i gastronomiczne.<\/p>\n\n\n\n<figure class=\"wp-block-image size-large\"><img decoding=\"async\" width=\"675\" height=\"452\" data-src=\"https:\/\/gazetaregionalna.com\/wp-content\/uploads\/2022\/08\/szczyt2.jpg\" alt=\"\" class=\"wp-image-88713 lazyload\" data-srcset=\"https:\/\/gazetaregionalna.com\/wp-content\/uploads\/2022\/08\/szczyt2.jpg 675w, https:\/\/gazetaregionalna.com\/wp-content\/uploads\/2022\/08\/szczyt2-300x201.jpg 300w, https:\/\/gazetaregionalna.com\/wp-content\/uploads\/2022\/08\/szczyt2-627x420.jpg 627w\" data-sizes=\"(max-width: 675px) 100vw, 675px\" src=\"data:image\/svg+xml;base64,PHN2ZyB3aWR0aD0iMSIgaGVpZ2h0PSIxIiB4bWxucz0iaHR0cDovL3d3dy53My5vcmcvMjAwMC9zdmciPjwvc3ZnPg==\" style=\"--smush-placeholder-width: 675px; --smush-placeholder-aspect-ratio: 675\/452;\" \/><figcaption>fot. Biuro Prasowe Jasnej G\u00f3ry<\/figcaption><\/figure>\n\n\n\n<p>Gospodarze zach\u0119caj\u0105, by przestrzega\u0107 koniecznych zasad sanitarnych, a tak\u017ce dba\u0107 o siebie i innych. Przypominaj\u0105 te\u017c, \u017ce wi\u0119kszo\u015b\u0107 liturgii z udzia\u0142em pieszych pielgrzym\u00f3w celebrowana jest na szczycie. Du\u017cy telebim znajduje si\u0119 tak\u017ce przed Kaplic\u0105 Matki Bo\u017cej. Dzi\u0119ki niemu mo\u017cna uczestniczy\u0107 we mszy \u015bw. sprawowanej przed Cudownym Obrazem, stoj\u0105c na zewn\u0105trz. \u2013 Czuwamy, \u017ceby nie brakowa\u0142o dla pielgrzym\u00f3w \u015brodk\u00f3w do dezynfekcji d\u0142oni, w spos\u00f3b szczeg\u00f3lny dbamy te\u017c o sterylno\u015b\u0107 sanitariat\u00f3w, staramy si\u0119 dezynfekowa\u0107 w pomieszczeniach zamkni\u0119tych powierzchnie, na kt\u00f3rych przebywaj\u0105 pielgrzymi, na klimatyzacji s\u0105 zainstalowane specjalne filtry hp3 \u2013 zapewnia o. Pastusiak.<\/p>\n\n\n\n<p>Od pocz\u0105tku sierpnia do uroczysto\u015bci Wniebowzi\u0119cia Naj\u015bwi\u0119tszej Maryi Panny (15 sierpnia) w grupach zorganizowanych ma przyj\u015b\u0107 ok. 56 tys. pielgrzym\u00f3w pieszych i rowerowych. Mowa o pielgrzymkach, kt\u00f3re zg\u0142osi\u0142y zamiar wej\u015bcia do Cz\u0119stochowy (z regu\u0142y wraz z potrzeb\u0105 zabezpieczenia przej\u015bcia przez s\u0142u\u017cby miejskie), i o kt\u00f3rych informacje otrzyma\u0142 Wydzia\u0142 Bezpiecze\u0144stwa i Zarz\u0105dzania Kryzysowego Urz\u0119du Miasta. <\/p>\n\n\n\n<figure class=\"wp-block-image size-large\"><img decoding=\"async\" width=\"675\" height=\"452\" data-src=\"https:\/\/gazetaregionalna.com\/wp-content\/uploads\/2022\/08\/szczyt4.jpg\" alt=\"\" class=\"wp-image-88715 lazyload\" data-srcset=\"https:\/\/gazetaregionalna.com\/wp-content\/uploads\/2022\/08\/szczyt4.jpg 675w, https:\/\/gazetaregionalna.com\/wp-content\/uploads\/2022\/08\/szczyt4-300x201.jpg 300w, https:\/\/gazetaregionalna.com\/wp-content\/uploads\/2022\/08\/szczyt4-627x420.jpg 627w\" data-sizes=\"(max-width: 675px) 100vw, 675px\" src=\"data:image\/svg+xml;base64,PHN2ZyB3aWR0aD0iMSIgaGVpZ2h0PSIxIiB4bWxucz0iaHR0cDovL3d3dy53My5vcmcvMjAwMC9zdmciPjwvc3ZnPg==\" style=\"--smush-placeholder-width: 675px; --smush-placeholder-aspect-ratio: 675\/452;\" \/><figcaption>fot. Biuro Prasowe Jasnej G\u00f3ry<\/figcaption><\/figure>\n\n\n\n<p>Wszyscy podkre\u015blaj\u0105 to, \u017ce po dw\u00f3ch latach obostrze\u0144 zwi\u0105zanych z pandemi\u0105 koronawirusa wierni wracaj\u0105 do tradycyjnego sposobu docierania na Jasn\u0105 G\u00f3r\u0119. W dobie pandemii p\u0105tnicy szukali r\u00f3\u017cnych sposob\u00f3w, by zachowa\u0107 ci\u0105g\u0142o\u015b\u0107 pielgrzymowania. W 2020 r. wyruszali wi\u0119c albo sami kap\u0142ani, albo niewielkie grupy przedstawicieli. Niekt\u00f3re pielgrzymki sz\u0142y w tzw. sztafecie, czyli poszczeg\u00f3lne odcinki pokonywa\u0142y inne osoby.<\/p>\n\n\n\n<p>W ubieg\u0142ym roku cz\u0119\u015b\u0107 pielgrzymek powr\u00f3ci\u0142a do tradycyjnej formy, dostosowuj\u0105c si\u0119 do koniecznych zalece\u0144 sanitarnych, popularne by\u0142o te\u017c pielgrzymowanie duchowe, hybrydowe oraz rowerowe.<\/p>\n\n\n\n<figure class=\"wp-block-image size-large\"><img decoding=\"async\" width=\"675\" height=\"452\" data-src=\"https:\/\/gazetaregionalna.com\/wp-content\/uploads\/2022\/08\/szczyt5.jpg\" alt=\"\" class=\"wp-image-88716 lazyload\" data-srcset=\"https:\/\/gazetaregionalna.com\/wp-content\/uploads\/2022\/08\/szczyt5.jpg 675w, https:\/\/gazetaregionalna.com\/wp-content\/uploads\/2022\/08\/szczyt5-300x201.jpg 300w, https:\/\/gazetaregionalna.com\/wp-content\/uploads\/2022\/08\/szczyt5-627x420.jpg 627w\" data-sizes=\"(max-width: 675px) 100vw, 675px\" src=\"data:image\/svg+xml;base64,PHN2ZyB3aWR0aD0iMSIgaGVpZ2h0PSIxIiB4bWxucz0iaHR0cDovL3d3dy53My5vcmcvMjAwMC9zdmciPjwvc3ZnPg==\" style=\"--smush-placeholder-width: 675px; --smush-placeholder-aspect-ratio: 675\/452;\" \/><figcaption>fot. Biuro Prasowe Jasnej G\u00f3ry<\/figcaption><\/figure>\n\n\n\n<p>Na jakie grupy czekaj\u0105 jasnog\u00f3rscy paulini? 11 sierpnia przyb\u0119d\u0105 du\u017ce grupy z diecezji e\u0142ckiej, bielsko-\u017cywieckiej, elbl\u0105skiej i archidiecezji krakowskiej. Z kolei 12 sierpnia pod szczyt dotr\u0105 m.in. p\u0105tnicy z diecezji sandomierskiej, toru\u0144skiej, zielonog\u00f3rsko-gorzowskiej, archidiecezji gda\u0144skiej i bia\u0142ostockiej.<\/p>\n\n\n\n<p>13 i 14 sierpnia to szczyt pielgrzymkowy. Wej\u015bcia p\u0105tnik\u00f3w rozpoczn\u0105 si\u0119 wczesnym rankiem i zako\u0144cz\u0105 p\u00f3\u017anym popo\u0142udniem. Do klasztoru dotrze\u0107 ma blisko 30 du\u017cych grup, w tym pielgrzymi zza po\u0142udniowej granicy z pauli\u0144skiej parafii we Vranovie. Szczeg\u00f3\u0142y: <a href=\"https:\/\/www.jasnagora.com\/\" target=\"_blank\" rel=\"noopener\">www.jasnagora.com<\/a>.<\/p>\n\n\n\n<p><strong>ZS, mat. Biura Prasowego Jasnej G\u00f3ry<\/strong><\/p>\n","protected":false},"excerpt":{"rendered":"<p>Cz\u0119stochowskie sanktuarium przygotowuje si\u0119 na najwi\u0119kszy odpust przypadaj\u0105cy w \u015bwi\u0119to Wniebowzi\u0119cia Naj\u015bwi\u0119tszej Maryi Panny. Jak informuje Biuro Prasowe Jasnej G\u00f3ry, kustosz o. Waldemar Pastusiak<\/p>\n","protected":false},"author":18,"featured_media":88714,"comment_status":"closed","ping_status":"open","sticky":false,"template":"","format":"standard","meta":{"_monsterinsights_skip_tracking":false,"_monsterinsights_sitenote_active":false,"_monsterinsights_sitenote_note":"","_monsterinsights_sitenote_category":0,"_uf_show_specific_survey":0,"_uf_disable_surveys":false,"footnotes":""},"categories":[3,94,2],"tags":[200,678,2613],"class_list":["post-88708","post","type-post","status-publish","format-standard","has-post-thumbnail","hentry","category-czestochowa-informacje","category-polecane","category-wiadomosci","tag-jasna-gora","tag-swieto","tag-szczyt-pielgrzymkowy"],"_links":{"self":[{"href":"https:\/\/gazetaregionalna.com\/index.php?rest_route=\/wp\/v2\/posts\/88708","targetHints":{"allow":["GET"]}}],"collection":[{"href":"https:\/\/gazetaregionalna.com\/index.php?rest_route=\/wp\/v2\/posts"}],"about":[{"href":"https:\/\/gazetaregionalna.com\/index.php?rest_route=\/wp\/v2\/types\/post"}],"author":[{"embeddable":true,"href":"https:\/\/gazetaregionalna.com\/index.php?rest_route=\/wp\/v2\/users\/18"}],"replies":[{"embeddable":true,"href":"https:\/\/gazetaregionalna.com\/index.php?rest_route=%2Fwp%2Fv2%2Fcomments&post=88708"}],"version-history":[{"count":3,"href":"https:\/\/gazetaregionalna.com\/index.php?rest_route=\/wp\/v2\/posts\/88708\/revisions"}],"predecessor-version":[{"id":88718,"href":"https:\/\/gazetaregionalna.com\/index.php?rest_route=\/wp\/v2\/posts\/88708\/revisions\/88718"}],"wp:featuredmedia":[{"embeddable":true,"href":"https:\/\/gazetaregionalna.com\/index.php?rest_route=\/wp\/v2\/media\/88714"}],"wp:attachment":[{"href":"https:\/\/gazetaregionalna.com\/index.php?rest_route=%2Fwp%2Fv2%2Fmedia&parent=88708"}],"wp:term":[{"taxonomy":"category","embeddable":true,"href":"https:\/\/gazetaregionalna.com\/index.php?rest_route=%2Fwp%2Fv2%2Fcategories&post=88708"},{"taxonomy":"post_tag","embeddable":true,"href":"https:\/\/gazetaregionalna.com\/index.php?rest_route=%2Fwp%2Fv2%2Ftags&post=88708"}],"curies":[{"name":"wp","href":"https:\/\/api.w.org\/{rel}","templated":true}]}}