{"id":88552,"date":"2022-08-09T09:03:23","date_gmt":"2022-08-09T09:03:23","guid":{"rendered":"https:\/\/gazetaregionalna.com\/?p=88552"},"modified":"2022-08-09T09:03:24","modified_gmt":"2022-08-09T09:03:24","slug":"protesty-w-czestochowskim-wordzie","status":"publish","type":"post","link":"https:\/\/gazetaregionalna.com\/?p=88552","title":{"rendered":"Protesty w cz\u0119stochowskim WORDzie &#8211; odwo\u0142ane egzaminy praktyczne do 10 sierpnia"},"content":{"rendered":"\n<p><strong>Od poniedzia\u0142ku, 8 sierpnia egzaminatorzy\u00a0WORD\u00a0w ca\u0142ej Polsce wznawiaj\u0105\u00a0protest.<\/strong> <strong>Oznacza to, \u017ce w cz\u0119stochowskim o\u015brodku r\u00f3wnie\u017c. W zwi\u0105zku z protestami egzaminy praktyczne przesun\u0105 si\u0119 w czasie.<\/strong><\/p>\n\n\n\n<p>W zwi\u0105zku z tym, \u017ce rozmowy z Ministerstwem Infrastruktury okaza\u0142y si\u0119 nieskuteczne, bowiem wiceminister Rafa\u0142 Weber potwierdzi\u0142, \u017ce podwy\u017cek dla protestuj\u0105cych nie b\u0119dzie, o\u015brodki WORD postanowi\u0142y wznowi\u0107 protesty.<\/p>\n\n\n\n<p>Przy czym egzaminy teoretycznie b\u0119d\u0105 odbywa\u0142y si\u0119 zgodnie z planem, ale te praktyczne przesun\u0105 si\u0119 w czasie. Osoby, maj\u0105ce zaplanowane egzaminy na ten czas, powinny skontaktowa\u0107 si\u0119 z <a href=\"http:\/\/www.word.czest.pl\/\" target=\"_blank\" rel=\"noopener\">WORDem<\/a>, w celu ustalenia innego terminu.<\/p>\n\n\n\n<p>Na ten czas wiadomo, \u017ce protesty potrwaj\u0105 do \u015brody, 10 sierpnia. <\/p>\n\n\n\n<p>LN<\/p>\n","protected":false},"excerpt":{"rendered":"<p>Od poniedzia\u0142ku, 8 sierpnia egzaminatorzy\u00a0WORD\u00a0w ca\u0142ej Polsce wznawiaj\u0105\u00a0protest. Oznacza to, \u017ce w cz\u0119stochowskim o\u015brodku r\u00f3wnie\u017c. W zwi\u0105zku z protestami egzaminy praktyczne przesun\u0105 si\u0119 w<\/p>\n","protected":false},"author":26,"featured_media":88594,"comment_status":"closed","ping_status":"open","sticky":false,"template":"","format":"standard","meta":{"_monsterinsights_skip_tracking":false,"_monsterinsights_sitenote_active":false,"_monsterinsights_sitenote_note":"","_monsterinsights_sitenote_category":0,"_uf_show_specific_survey":0,"_uf_disable_surveys":false,"footnotes":""},"categories":[3,94,2],"tags":[5801,5802,4845,4093],"class_list":["post-88552","post","type-post","status-publish","format-standard","has-post-thumbnail","hentry","category-czestochowa-informacje","category-polecane","category-wiadomosci","tag-protesty","tag-strajki","tag-wojewodzki-osrodek-ruchu-drogowego","tag-word-czestochowa"],"_links":{"self":[{"href":"https:\/\/gazetaregionalna.com\/index.php?rest_route=\/wp\/v2\/posts\/88552","targetHints":{"allow":["GET"]}}],"collection":[{"href":"https:\/\/gazetaregionalna.com\/index.php?rest_route=\/wp\/v2\/posts"}],"about":[{"href":"https:\/\/gazetaregionalna.com\/index.php?rest_route=\/wp\/v2\/types\/post"}],"author":[{"embeddable":true,"href":"https:\/\/gazetaregionalna.com\/index.php?rest_route=\/wp\/v2\/users\/26"}],"replies":[{"embeddable":true,"href":"https:\/\/gazetaregionalna.com\/index.php?rest_route=%2Fwp%2Fv2%2Fcomments&post=88552"}],"version-history":[{"count":1,"href":"https:\/\/gazetaregionalna.com\/index.php?rest_route=\/wp\/v2\/posts\/88552\/revisions"}],"predecessor-version":[{"id":88599,"href":"https:\/\/gazetaregionalna.com\/index.php?rest_route=\/wp\/v2\/posts\/88552\/revisions\/88599"}],"wp:featuredmedia":[{"embeddable":true,"href":"https:\/\/gazetaregionalna.com\/index.php?rest_route=\/wp\/v2\/media\/88594"}],"wp:attachment":[{"href":"https:\/\/gazetaregionalna.com\/index.php?rest_route=%2Fwp%2Fv2%2Fmedia&parent=88552"}],"wp:term":[{"taxonomy":"category","embeddable":true,"href":"https:\/\/gazetaregionalna.com\/index.php?rest_route=%2Fwp%2Fv2%2Fcategories&post=88552"},{"taxonomy":"post_tag","embeddable":true,"href":"https:\/\/gazetaregionalna.com\/index.php?rest_route=%2Fwp%2Fv2%2Ftags&post=88552"}],"curies":[{"name":"wp","href":"https:\/\/api.w.org\/{rel}","templated":true}]}}