{"id":88372,"date":"2022-08-07T11:52:05","date_gmt":"2022-08-07T11:52:05","guid":{"rendered":"https:\/\/gazetaregionalna.com\/?p=88372"},"modified":"2022-08-07T11:52:06","modified_gmt":"2022-08-07T11:52:06","slug":"leon-madsen-i-bartosz-smektala-starowali-w-gustrow-w-sec","status":"publish","type":"post","link":"https:\/\/gazetaregionalna.com\/?p=88372","title":{"rendered":"Leon Madsen i Bartosz Smekta\u0142a starowali w Gustrow w SEC"},"content":{"rendered":"\n<p>Dw\u00f3ch zawodnik\u00f3w zielona-energia.com W\u0142\u00f3kniarz startowa\u0142o w niemieckim Gustrow w turnieju SEC. W finale pojecha\u0142 Leon Madsen.<\/p>\n\n\n\n<p>Madsen zaj\u0105\u0142 w finale 4. miejsce i zawody zako\u0144czy\u0142 tu\u017c za podium. Bartosz Smekta\u0142a zosta\u0142 sklasyfikowany na 9. pozycji.<\/p>\n\n\n\n<p>AK, fot: AK<\/p>\n\n\n\n<p>1. Janusz Ko\u0142odziej 15 (3,0,3,3,3,3) \u2013 1. miejsce w finale<\/p>\n\n\n\n<p>2. Patryk Dudek 14 +2 (3,2,2,3,2,2) \u2013 2. miejsce w finale<\/p>\n\n\n\n<p>3. Daniel Bewley 12 +3 (1,3,1,3,3,1) \u2013 3. miejsce w finale<\/p>\n\n\n\n<p>4. Leon Madsen 12 (2,3,3,2,2,0) \u2013 4. miejsce w finale<\/p>\n\n\n\n<p>5. Mikkel Michelsen 11 +1 (2,3,1,2,3)<\/p>\n\n\n\n<p>6. David Bellego 10 +0 (0,2,3,3,2)<\/p>\n\n\n\n<p>7. Rasmus Jensen 8 (0,1,3,1,3)<\/p>\n\n\n\n<p>8. Vaclav Milik 8 (3,1,2,2,0)<\/p>\n\n\n\n<p>9. Bartosz Smekta\u0142a 7 (1,3,0,2,1)<\/p>\n\n\n\n<p>10. Piotr Pawlicki 6 (2,1,1,0,2)<\/p>\n\n\n\n<p>11. Andrzej Lebiediew 6 (1,2,2,0,1)<\/p>\n\n\n\n<p>12. Michael Haertel 5 (3,2,0,0,0)<\/p>\n\n\n\n<p>13. Kai Huckenbeck 5 (2,1,w,1,1)<\/p>\n\n\n\n<p>14. Oliver Berntzon 3 (0,0,2,1,0)<\/p>\n\n\n\n<p>15. Adam Ellis 3 (0,0,1,1,1)<\/p>\n\n\n\n<p>16. Dimitri Berge 1 (1,d,0,0,0)<\/p>\n\n\n\n<p>Bieg po biegu:<\/p>\n\n\n\n<p>1. Haertel, Pawlicki, Smekta\u0142a, Berntzon<\/p>\n\n\n\n<p>2. Milik, Michelsen, Bewley, Ellis<\/p>\n\n\n\n<p>3. Dudek, Huckenbeck, Berge, Bellego<\/p>\n\n\n\n<p>4. Ko\u0142odziej, Madsen, Lebiediew, Jensen<\/p>\n\n\n\n<p>5. Smekta\u0142a, Lebiediew, Huckenbeck, Ellis<\/p>\n\n\n\n<p>6. Michelsen, Bellego, Jensen, Berntzon<\/p>\n\n\n\n<p>7. Bewley, Dudek, Pawlicki, Ko\u0142odziej<\/p>\n\n\n\n<p>8. Madsen, Haertel, Milik, Berge (d\/4)<\/p>\n\n\n\n<p>9. Madsen, Dudek, Michelsen, Smekta\u0142a<\/p>\n\n\n\n<p>10. Ko\u0142odziej, Berntzon, Ellis, Berge<\/p>\n\n\n\n<p>11. Jensen, Milik, Pawlicki, Huckenbeck (w\/su)<\/p>\n\n\n\n<p>12. Bellego, Lebiediew, Bewley, Haertel<\/p>\n\n\n\n<p>13. Bewley, Smekta\u0142a, Jensen, Berge<\/p>\n\n\n\n<p>14. Dudek, Milik, Berntzon, Lebiediew<\/p>\n\n\n\n<p>15. Bellego, Madsen, Ellis, Pawlicki<\/p>\n\n\n\n<p>16. Ko\u0142odziej, Michelsen, Huckenbeck, Haertel<\/p>\n\n\n\n<p>17. Ko\u0142odziej, Bellego, Smekta\u0142a, Milik<\/p>\n\n\n\n<p>18. Bewley, Madsen, Huckenbeck, Berntzon<\/p>\n\n\n\n<p>19. Michelsen, Pawlicki, Lebiediew, Berge<\/p>\n\n\n\n<p>20. Jensen, Dudek, Ellis, Haertel<\/p>\n\n\n\n<p>Bara\u017c. Bewley, Dudek, Michelsen, Bellego<\/p>\n\n\n\n<p>Fina\u0142. Ko\u0142odziej, Dudek, Bewley, Madsen<\/p>\n\n\n\n<figure class=\"wp-block-image size-large\"><img decoding=\"async\" width=\"1024\" height=\"596\" data-src=\"https:\/\/gazetaregionalna.com\/wp-content\/uploads\/2021\/06\/CKM-Motor-3-1024x596.jpg\" alt=\"\" class=\"wp-image-43691 lazyload\" data-srcset=\"https:\/\/gazetaregionalna.com\/wp-content\/uploads\/2021\/06\/CKM-Motor-3-1024x596.jpg 1024w, https:\/\/gazetaregionalna.com\/wp-content\/uploads\/2021\/06\/CKM-Motor-3-300x175.jpg 300w, https:\/\/gazetaregionalna.com\/wp-content\/uploads\/2021\/06\/CKM-Motor-3-768x447.jpg 768w, https:\/\/gazetaregionalna.com\/wp-content\/uploads\/2021\/06\/CKM-Motor-3-1536x894.jpg 1536w, https:\/\/gazetaregionalna.com\/wp-content\/uploads\/2021\/06\/CKM-Motor-3-2048x1192.jpg 2048w, https:\/\/gazetaregionalna.com\/wp-content\/uploads\/2021\/06\/CKM-Motor-3-696x405.jpg 696w, https:\/\/gazetaregionalna.com\/wp-content\/uploads\/2021\/06\/CKM-Motor-3-1068x622.jpg 1068w, https:\/\/gazetaregionalna.com\/wp-content\/uploads\/2021\/06\/CKM-Motor-3-1920x1118.jpg 1920w, https:\/\/gazetaregionalna.com\/wp-content\/uploads\/2021\/06\/CKM-Motor-3-721x420.jpg 721w, https:\/\/gazetaregionalna.com\/wp-content\/uploads\/2021\/06\/CKM-Motor-3-scaled.jpg 1200w\" data-sizes=\"(max-width: 1024px) 100vw, 1024px\" src=\"data:image\/svg+xml;base64,PHN2ZyB3aWR0aD0iMSIgaGVpZ2h0PSIxIiB4bWxucz0iaHR0cDovL3d3dy53My5vcmcvMjAwMC9zdmciPjwvc3ZnPg==\" style=\"--smush-placeholder-width: 1024px; --smush-placeholder-aspect-ratio: 1024\/596;\" \/><\/figure>\n\n\n\n<figure class=\"wp-block-image size-large\"><img decoding=\"async\" width=\"1024\" height=\"683\" data-src=\"https:\/\/gazetaregionalna.com\/wp-content\/uploads\/2022\/07\/CKM-Motor-2-1024x683.jpg\" alt=\"\" class=\"wp-image-87431 lazyload\" data-srcset=\"https:\/\/gazetaregionalna.com\/wp-content\/uploads\/2022\/07\/CKM-Motor-2-1024x683.jpg 1024w, https:\/\/gazetaregionalna.com\/wp-content\/uploads\/2022\/07\/CKM-Motor-2-300x200.jpg 300w, https:\/\/gazetaregionalna.com\/wp-content\/uploads\/2022\/07\/CKM-Motor-2-768x512.jpg 768w, https:\/\/gazetaregionalna.com\/wp-content\/uploads\/2022\/07\/CKM-Motor-2-1536x1024.jpg 1536w, https:\/\/gazetaregionalna.com\/wp-content\/uploads\/2022\/07\/CKM-Motor-2-2048x1365.jpg 2048w, https:\/\/gazetaregionalna.com\/wp-content\/uploads\/2022\/07\/CKM-Motor-2-696x464.jpg 696w, https:\/\/gazetaregionalna.com\/wp-content\/uploads\/2022\/07\/CKM-Motor-2-1068x712.jpg 1068w, https:\/\/gazetaregionalna.com\/wp-content\/uploads\/2022\/07\/CKM-Motor-2-1920x1280.jpg 1920w, https:\/\/gazetaregionalna.com\/wp-content\/uploads\/2022\/07\/CKM-Motor-2-630x420.jpg 630w, https:\/\/gazetaregionalna.com\/wp-content\/uploads\/2022\/07\/CKM-Motor-2-scaled.jpg 1600w\" data-sizes=\"(max-width: 1024px) 100vw, 1024px\" src=\"data:image\/svg+xml;base64,PHN2ZyB3aWR0aD0iMSIgaGVpZ2h0PSIxIiB4bWxucz0iaHR0cDovL3d3dy53My5vcmcvMjAwMC9zdmciPjwvc3ZnPg==\" style=\"--smush-placeholder-width: 1024px; --smush-placeholder-aspect-ratio: 1024\/683;\" \/><\/figure>\n\n\n\n<figure class=\"wp-block-image size-large\"><img decoding=\"async\" width=\"300\" height=\"250\" data-src=\"https:\/\/gazetaregionalna.com\/wp-content\/uploads\/2022\/04\/DMK-9.jpg\" alt=\"\" class=\"wp-image-77216 lazyload\" src=\"data:image\/svg+xml;base64,PHN2ZyB3aWR0aD0iMSIgaGVpZ2h0PSIxIiB4bWxucz0iaHR0cDovL3d3dy53My5vcmcvMjAwMC9zdmciPjwvc3ZnPg==\" style=\"--smush-placeholder-width: 300px; --smush-placeholder-aspect-ratio: 300\/250;\"><\/figure>\n","protected":false},"excerpt":{"rendered":"<p>Dw\u00f3ch zawodnik\u00f3w zielona-energia.com W\u0142\u00f3kniarz startowa\u0142o w niemieckim Gustrow w turnieju SEC. W finale pojecha\u0142 Leon Madsen. Madsen zaj\u0105\u0142 w finale 4. miejsce i zawody<\/p>\n","protected":false},"author":15,"featured_media":43691,"comment_status":"closed","ping_status":"open","sticky":false,"template":"","format":"standard","meta":{"_monsterinsights_skip_tracking":false,"_monsterinsights_sitenote_active":false,"_monsterinsights_sitenote_note":"","_monsterinsights_sitenote_category":0,"_uf_show_specific_survey":0,"_uf_disable_surveys":false,"footnotes":""},"categories":[5,7],"tags":[],"class_list":["post-88372","post","type-post","status-publish","format-standard","has-post-thumbnail","hentry","category-sport","category-zuzel"],"_links":{"self":[{"href":"https:\/\/gazetaregionalna.com\/index.php?rest_route=\/wp\/v2\/posts\/88372","targetHints":{"allow":["GET"]}}],"collection":[{"href":"https:\/\/gazetaregionalna.com\/index.php?rest_route=\/wp\/v2\/posts"}],"about":[{"href":"https:\/\/gazetaregionalna.com\/index.php?rest_route=\/wp\/v2\/types\/post"}],"author":[{"embeddable":true,"href":"https:\/\/gazetaregionalna.com\/index.php?rest_route=\/wp\/v2\/users\/15"}],"replies":[{"embeddable":true,"href":"https:\/\/gazetaregionalna.com\/index.php?rest_route=%2Fwp%2Fv2%2Fcomments&post=88372"}],"version-history":[{"count":1,"href":"https:\/\/gazetaregionalna.com\/index.php?rest_route=\/wp\/v2\/posts\/88372\/revisions"}],"predecessor-version":[{"id":88373,"href":"https:\/\/gazetaregionalna.com\/index.php?rest_route=\/wp\/v2\/posts\/88372\/revisions\/88373"}],"wp:featuredmedia":[{"embeddable":true,"href":"https:\/\/gazetaregionalna.com\/index.php?rest_route=\/wp\/v2\/media\/43691"}],"wp:attachment":[{"href":"https:\/\/gazetaregionalna.com\/index.php?rest_route=%2Fwp%2Fv2%2Fmedia&parent=88372"}],"wp:term":[{"taxonomy":"category","embeddable":true,"href":"https:\/\/gazetaregionalna.com\/index.php?rest_route=%2Fwp%2Fv2%2Fcategories&post=88372"},{"taxonomy":"post_tag","embeddable":true,"href":"https:\/\/gazetaregionalna.com\/index.php?rest_route=%2Fwp%2Fv2%2Ftags&post=88372"}],"curies":[{"name":"wp","href":"https:\/\/api.w.org\/{rel}","templated":true}]}}