{"id":88369,"date":"2022-08-06T11:18:59","date_gmt":"2022-08-06T11:18:59","guid":{"rendered":"https:\/\/gazetaregionalna.com\/?p=88369"},"modified":"2022-08-06T11:19:00","modified_gmt":"2022-08-06T11:19:00","slug":"po-slowackim-spartaku-czas-na-gornik-zabrze","status":"publish","type":"post","link":"https:\/\/gazetaregionalna.com\/?p=88369","title":{"rendered":"Po s\u0142owackim Spartaku czas na G\u00f3rnik Zabrze"},"content":{"rendered":"\n<p>Pi\u0142karze Rakowa w niedziel\u0119 rozegraj\u0105 sw\u00f3j trzeci mecz w PKO BP Ekstraklasie. Cz\u0119stochowianie zmierz\u0105 si\u0119 w Zabrzu z G\u00f3rnikiem.<\/p>\n\n\n\n<p>Pi\u0142karze Rakowa ostatnie tygodnie maj\u0105 intensywne. W czwartek dru\u017cyna trenera Marka Papszuna walczy\u0142a na S\u0142owacji ze Spartakiem Trnava w pierwszym meczu 3. rundy eliminacji Pucharu Konferencji Europy UEFA [Rak\u00f3w wygra\u0142 2:0], a ju\u017c w niedziel\u0119 wr\u00f3ci do ligowych emocji i zmierzy si\u0119 w Zabrzu z G\u00f3rnikiem.<\/p>\n\n\n\n<p>Rak\u00f3w obecny sezon rozpocz\u0105\u0142 bardzo dobrze. Rozegra\u0142 dwa mecz i je wygra\u0142. 1:0 z Wart\u0105 Pozna\u0144 i 3:2 w minion\u0105 niedziel\u0119 ze Stal\u0105 Mielec.<\/p>\n\n\n\n<p>Niedzielny mecz Rakowa z G\u00f3rnikiem nie b\u0119dzie jednak \u0142atwy. W poprzednim sezonie G\u00f3rnik pokona\u0142 Rak\u00f3w w Cz\u0119stochowie, a w Zabrzu pad\u0142 remis. Jak b\u0119dzie tym razem? Kibice Rakowa maj\u0105 nadziej\u0119, \u017ce w obecnym sezonie to g\u00f3r\u0105 b\u0119d\u0105 czerwono-niebiescy&#8230;<\/p>\n\n\n\n<p>G\u00f3rnik te\u017c jak na razie ma za sob\u0105 tylko 2 rozegrane mecze w PKO BP Ekstraklasie, bo spotkanie z graj\u0105c\u0105 w europejskich pucharach Lechi\u0105 Gda\u0144sk zosta\u0142o prze\u0142o\u017cone. G\u00f3rnik po 2 kolejkach ma 3 punkty. Przegra\u0142 u siebie z Cracovi\u0105 i w miniony weekend wygra\u0142 w Radomiu z Radomiakiem 3:0&#8230;<\/p>\n\n\n\n<p>W ostatnich dniach Rak\u00f3w pozyska\u0142 z G\u00f3rnika Zabrze pomocnika Bartosza Nowaka. To te\u017c z pewno\u015bci\u0105 strata dla zabrzan&#8230;<\/p>\n\n\n\n<p>Niedzielny mecz w Zabrzu zaplanowano na godz. 20. W PKO BP Ekstraklasie s\u0105 ju\u017c tylko 2 niepokonane dru\u017cyny. To Wis\u0142a P\u0142ock i Rak\u00f3w&#8230;<\/p>\n\n\n\n<p>MR-K, fot: AK<\/p>\n\n\n\n<figure class=\"wp-block-image size-large\"><img decoding=\"async\" width=\"1024\" height=\"683\" data-src=\"https:\/\/gazetaregionalna.com\/wp-content\/uploads\/2022\/08\/Trnava-12-1024x683.jpg\" alt=\"\" class=\"wp-image-88309 lazyload\" data-srcset=\"https:\/\/gazetaregionalna.com\/wp-content\/uploads\/2022\/08\/Trnava-12-1024x683.jpg 1024w, https:\/\/gazetaregionalna.com\/wp-content\/uploads\/2022\/08\/Trnava-12-300x200.jpg 300w, https:\/\/gazetaregionalna.com\/wp-content\/uploads\/2022\/08\/Trnava-12-768x512.jpg 768w, https:\/\/gazetaregionalna.com\/wp-content\/uploads\/2022\/08\/Trnava-12-1536x1024.jpg 1536w, https:\/\/gazetaregionalna.com\/wp-content\/uploads\/2022\/08\/Trnava-12-2048x1365.jpg 2048w, https:\/\/gazetaregionalna.com\/wp-content\/uploads\/2022\/08\/Trnava-12-696x464.jpg 696w, https:\/\/gazetaregionalna.com\/wp-content\/uploads\/2022\/08\/Trnava-12-1068x712.jpg 1068w, https:\/\/gazetaregionalna.com\/wp-content\/uploads\/2022\/08\/Trnava-12-1920x1280.jpg 1920w, https:\/\/gazetaregionalna.com\/wp-content\/uploads\/2022\/08\/Trnava-12-630x420.jpg 630w, https:\/\/gazetaregionalna.com\/wp-content\/uploads\/2022\/08\/Trnava-12-scaled.jpg 1600w\" data-sizes=\"(max-width: 1024px) 100vw, 1024px\" src=\"data:image\/svg+xml;base64,PHN2ZyB3aWR0aD0iMSIgaGVpZ2h0PSIxIiB4bWxucz0iaHR0cDovL3d3dy53My5vcmcvMjAwMC9zdmciPjwvc3ZnPg==\" style=\"--smush-placeholder-width: 1024px; --smush-placeholder-aspect-ratio: 1024\/683;\" \/><\/figure>\n\n\n\n<figure class=\"wp-block-image size-large\"><img decoding=\"async\" width=\"1024\" height=\"683\" data-src=\"https:\/\/gazetaregionalna.com\/wp-content\/uploads\/2022\/08\/Trnava-11-1024x683.jpg\" alt=\"\" class=\"wp-image-88308 lazyload\" data-srcset=\"https:\/\/gazetaregionalna.com\/wp-content\/uploads\/2022\/08\/Trnava-11-1024x683.jpg 1024w, https:\/\/gazetaregionalna.com\/wp-content\/uploads\/2022\/08\/Trnava-11-300x200.jpg 300w, https:\/\/gazetaregionalna.com\/wp-content\/uploads\/2022\/08\/Trnava-11-768x512.jpg 768w, https:\/\/gazetaregionalna.com\/wp-content\/uploads\/2022\/08\/Trnava-11-1536x1024.jpg 1536w, https:\/\/gazetaregionalna.com\/wp-content\/uploads\/2022\/08\/Trnava-11-2048x1365.jpg 2048w, https:\/\/gazetaregionalna.com\/wp-content\/uploads\/2022\/08\/Trnava-11-696x464.jpg 696w, https:\/\/gazetaregionalna.com\/wp-content\/uploads\/2022\/08\/Trnava-11-1068x712.jpg 1068w, https:\/\/gazetaregionalna.com\/wp-content\/uploads\/2022\/08\/Trnava-11-1920x1280.jpg 1920w, https:\/\/gazetaregionalna.com\/wp-content\/uploads\/2022\/08\/Trnava-11-630x420.jpg 630w, https:\/\/gazetaregionalna.com\/wp-content\/uploads\/2022\/08\/Trnava-11-scaled.jpg 1600w\" data-sizes=\"(max-width: 1024px) 100vw, 1024px\" src=\"data:image\/svg+xml;base64,PHN2ZyB3aWR0aD0iMSIgaGVpZ2h0PSIxIiB4bWxucz0iaHR0cDovL3d3dy53My5vcmcvMjAwMC9zdmciPjwvc3ZnPg==\" style=\"--smush-placeholder-width: 1024px; --smush-placeholder-aspect-ratio: 1024\/683;\" \/><\/figure>\n\n\n\n<figure class=\"wp-block-image size-large\"><img decoding=\"async\" width=\"1024\" height=\"682\" data-src=\"https:\/\/gazetaregionalna.com\/wp-content\/uploads\/2022\/08\/Trnava-10-1024x682.jpg\" alt=\"\" class=\"wp-image-88307 lazyload\" data-srcset=\"https:\/\/gazetaregionalna.com\/wp-content\/uploads\/2022\/08\/Trnava-10-1024x682.jpg 1024w, https:\/\/gazetaregionalna.com\/wp-content\/uploads\/2022\/08\/Trnava-10-300x200.jpg 300w, https:\/\/gazetaregionalna.com\/wp-content\/uploads\/2022\/08\/Trnava-10-768x512.jpg 768w, https:\/\/gazetaregionalna.com\/wp-content\/uploads\/2022\/08\/Trnava-10-1536x1024.jpg 1536w, https:\/\/gazetaregionalna.com\/wp-content\/uploads\/2022\/08\/Trnava-10-2048x1365.jpg 2048w, https:\/\/gazetaregionalna.com\/wp-content\/uploads\/2022\/08\/Trnava-10-696x464.jpg 696w, https:\/\/gazetaregionalna.com\/wp-content\/uploads\/2022\/08\/Trnava-10-1068x712.jpg 1068w, https:\/\/gazetaregionalna.com\/wp-content\/uploads\/2022\/08\/Trnava-10-1920x1280.jpg 1920w, https:\/\/gazetaregionalna.com\/wp-content\/uploads\/2022\/08\/Trnava-10-630x420.jpg 630w, https:\/\/gazetaregionalna.com\/wp-content\/uploads\/2022\/08\/Trnava-10-scaled.jpg 1600w\" data-sizes=\"(max-width: 1024px) 100vw, 1024px\" src=\"data:image\/svg+xml;base64,PHN2ZyB3aWR0aD0iMSIgaGVpZ2h0PSIxIiB4bWxucz0iaHR0cDovL3d3dy53My5vcmcvMjAwMC9zdmciPjwvc3ZnPg==\" style=\"--smush-placeholder-width: 1024px; --smush-placeholder-aspect-ratio: 1024\/682;\" \/><\/figure>\n\n\n\n<figure class=\"wp-block-image size-large\"><img decoding=\"async\" width=\"300\" height=\"250\" data-src=\"https:\/\/gazetaregionalna.com\/wp-content\/uploads\/2022\/04\/DMK-4.jpg\" alt=\"\" class=\"wp-image-77212 lazyload\" src=\"data:image\/svg+xml;base64,PHN2ZyB3aWR0aD0iMSIgaGVpZ2h0PSIxIiB4bWxucz0iaHR0cDovL3d3dy53My5vcmcvMjAwMC9zdmciPjwvc3ZnPg==\" style=\"--smush-placeholder-width: 300px; --smush-placeholder-aspect-ratio: 300\/250;\"><\/figure>\n\n\n\n<figure class=\"wp-block-image size-large\"><img decoding=\"async\" width=\"1024\" height=\"683\" data-src=\"https:\/\/gazetaregionalna.com\/wp-content\/uploads\/2022\/08\/Trnava-2-1-1024x683.jpg\" alt=\"\" class=\"wp-image-88299 lazyload\" data-srcset=\"https:\/\/gazetaregionalna.com\/wp-content\/uploads\/2022\/08\/Trnava-2-1-1024x683.jpg 1024w, https:\/\/gazetaregionalna.com\/wp-content\/uploads\/2022\/08\/Trnava-2-1-300x200.jpg 300w, https:\/\/gazetaregionalna.com\/wp-content\/uploads\/2022\/08\/Trnava-2-1-768x512.jpg 768w, https:\/\/gazetaregionalna.com\/wp-content\/uploads\/2022\/08\/Trnava-2-1-1536x1024.jpg 1536w, https:\/\/gazetaregionalna.com\/wp-content\/uploads\/2022\/08\/Trnava-2-1-2048x1365.jpg 2048w, https:\/\/gazetaregionalna.com\/wp-content\/uploads\/2022\/08\/Trnava-2-1-696x464.jpg 696w, https:\/\/gazetaregionalna.com\/wp-content\/uploads\/2022\/08\/Trnava-2-1-1068x712.jpg 1068w, https:\/\/gazetaregionalna.com\/wp-content\/uploads\/2022\/08\/Trnava-2-1-1920x1280.jpg 1920w, https:\/\/gazetaregionalna.com\/wp-content\/uploads\/2022\/08\/Trnava-2-1-630x420.jpg 630w, https:\/\/gazetaregionalna.com\/wp-content\/uploads\/2022\/08\/Trnava-2-1-scaled.jpg 1600w\" data-sizes=\"(max-width: 1024px) 100vw, 1024px\" src=\"data:image\/svg+xml;base64,PHN2ZyB3aWR0aD0iMSIgaGVpZ2h0PSIxIiB4bWxucz0iaHR0cDovL3d3dy53My5vcmcvMjAwMC9zdmciPjwvc3ZnPg==\" style=\"--smush-placeholder-width: 1024px; --smush-placeholder-aspect-ratio: 1024\/683;\" \/><\/figure>\n\n\n\n<figure class=\"wp-block-image size-large\"><img decoding=\"async\" width=\"300\" height=\"250\" data-src=\"https:\/\/gazetaregionalna.com\/wp-content\/uploads\/2022\/04\/DMK-3.jpg\" alt=\"\" class=\"wp-image-77211 lazyload\" src=\"data:image\/svg+xml;base64,PHN2ZyB3aWR0aD0iMSIgaGVpZ2h0PSIxIiB4bWxucz0iaHR0cDovL3d3dy53My5vcmcvMjAwMC9zdmciPjwvc3ZnPg==\" style=\"--smush-placeholder-width: 300px; --smush-placeholder-aspect-ratio: 300\/250;\"><\/figure>\n","protected":false},"excerpt":{"rendered":"<p>Pi\u0142karze Rakowa w niedziel\u0119 rozegraj\u0105 sw\u00f3j trzeci mecz w PKO BP Ekstraklasie. Cz\u0119stochowianie zmierz\u0105 si\u0119 w Zabrzu z G\u00f3rnikiem. Pi\u0142karze Rakowa ostatnie tygodnie maj\u0105<\/p>\n","protected":false},"author":15,"featured_media":88309,"comment_status":"closed","ping_status":"open","sticky":false,"template":"","format":"standard","meta":{"_monsterinsights_skip_tracking":false,"_monsterinsights_sitenote_active":false,"_monsterinsights_sitenote_note":"","_monsterinsights_sitenote_category":0,"_uf_show_specific_survey":0,"_uf_disable_surveys":false,"footnotes":""},"categories":[5,6],"tags":[],"class_list":["post-88369","post","type-post","status-publish","format-standard","has-post-thumbnail","hentry","category-sport","category-pilka-nozna"],"_links":{"self":[{"href":"https:\/\/gazetaregionalna.com\/index.php?rest_route=\/wp\/v2\/posts\/88369","targetHints":{"allow":["GET"]}}],"collection":[{"href":"https:\/\/gazetaregionalna.com\/index.php?rest_route=\/wp\/v2\/posts"}],"about":[{"href":"https:\/\/gazetaregionalna.com\/index.php?rest_route=\/wp\/v2\/types\/post"}],"author":[{"embeddable":true,"href":"https:\/\/gazetaregionalna.com\/index.php?rest_route=\/wp\/v2\/users\/15"}],"replies":[{"embeddable":true,"href":"https:\/\/gazetaregionalna.com\/index.php?rest_route=%2Fwp%2Fv2%2Fcomments&post=88369"}],"version-history":[{"count":1,"href":"https:\/\/gazetaregionalna.com\/index.php?rest_route=\/wp\/v2\/posts\/88369\/revisions"}],"predecessor-version":[{"id":88370,"href":"https:\/\/gazetaregionalna.com\/index.php?rest_route=\/wp\/v2\/posts\/88369\/revisions\/88370"}],"wp:featuredmedia":[{"embeddable":true,"href":"https:\/\/gazetaregionalna.com\/index.php?rest_route=\/wp\/v2\/media\/88309"}],"wp:attachment":[{"href":"https:\/\/gazetaregionalna.com\/index.php?rest_route=%2Fwp%2Fv2%2Fmedia&parent=88369"}],"wp:term":[{"taxonomy":"category","embeddable":true,"href":"https:\/\/gazetaregionalna.com\/index.php?rest_route=%2Fwp%2Fv2%2Fcategories&post=88369"},{"taxonomy":"post_tag","embeddable":true,"href":"https:\/\/gazetaregionalna.com\/index.php?rest_route=%2Fwp%2Fv2%2Ftags&post=88369"}],"curies":[{"name":"wp","href":"https:\/\/api.w.org\/{rel}","templated":true}]}}