{"id":88295,"date":"2022-08-05T17:59:48","date_gmt":"2022-08-05T17:59:48","guid":{"rendered":"https:\/\/gazetaregionalna.com\/?p=88295"},"modified":"2022-08-05T17:59:49","modified_gmt":"2022-08-05T17:59:49","slug":"marek-papszun-po-zwyciestwie-w-trnavie-wypracowalismy-tutaj-na-wyjezdzie-zaliczke","status":"publish","type":"post","link":"https:\/\/gazetaregionalna.com\/?p=88295","title":{"rendered":"Marek Papszun po zwyci\u0119stwie w Trnavie: Wypracowali\u015bmy tutaj na wyje\u017adzie zaliczk\u0119"},"content":{"rendered":"\n<p>Pi\u0142karze Rakowa Cz\u0119stochowa wygrali pierwszy mecz 3. rundy eliminacji Ligi Konferencji Europy UEFA na S\u0142owacji ze Spartakiem Trnava 2:0. Rewan\u017c odb\u0119dzie si\u0119 w najbli\u017cszy czwartek w Cz\u0119stochowie. &#8211; Teraz trzeba dopi\u0105\u0107 spraw\u0119 u siebie \u2013 m\u00f3wi trener Rakowa Marek Papszun.<\/p>\n\n\n\n<p>&#8211; Dobry wiecz\u00f3r \u2013 rozpocz\u0105\u0142 konferencj\u0119 prasow\u0105 trener Rakowa Marek Papszun. &#8211; Pierwsza po\u0142owa za nami. Wypracowali\u015bmy tutaj na wyje\u017adzie zaliczk\u0119. Teraz trzeba dopi\u0105\u0107 spraw\u0119 u siebie. Bo jeszcze ten mecz trwa dalej. On nie jest jeszcze rozstrzygni\u0119ty. Trudne spotkanie ze wzgl\u0119du na pogod\u0119. Je\u017celi byli\u015bcie na stadionie to te\u017c to odczuli\u015bcie nie biegaj\u0105c. Wyobra\u017amy sobie, co czuli zawodnicy. To by\u0142o wida\u0107. Przebieg meczu i jego obraz determinowa\u0142y bramki. Strzelili\u015bmy dwa gole w pierwszej po\u0142owie. I jasne by\u0142o, \u017ce przeciwnik mocno zaatakuje i tak te\u017c si\u0119 sta\u0142o. Umiej\u0119tnie si\u0119 bronili\u015bmy. Brakowa\u0142o mo\u017ce troch\u0119 skontrowania, ale 2:0 na wyje\u017adzie to bardzo dobra zaliczka. Przy takiej pogodzie to jeste\u015bmy zadowoleni. Tak jak powiedzia\u0142em. Ten mecz jeszcze si\u0119 nie sko\u0144czy\u0142.<br>Co do pogody, mo\u017cna w pewien spos\u00f3b si\u0119 przygotowa\u0107 i te\u017c w czasie meczu zarz\u0105dza\u0107. Tak jak by\u0142o wida\u0107, zawodnicy rezerwowi wyj\u0105tkowo nie byli na \u0142awce tylko w szatni ogl\u0105dali pierwsz\u0105 po\u0142ow\u0119 ze wzgl\u0119du na ten upa\u0142. Takie czynno\u015bci mo\u017cna stosowa\u0107 przed meczem i w przerwie. Nie ogl\u0105damy Spartaka sprzed 3 lat tylko sprzed kilu dni czy kilkunastu dni. Teraz najbardziej interesuje nas ten mecz do analizy. To b\u0119dzie podstaw\u0105 do przygotowania si\u0119 do meczu. Z mojej perspektywy to wydaje mi si\u0119, \u017ce dobrze gramy w domu. Vladan Kovacevi\u0107 ma lekki uraz i dlatego dzisiaj nie wyst\u0105pi\u0142. Kacper Trelowski zagra\u0142 bardzo dobry mecz, bo ostatnie spotkanie mu nie wysz\u0142o. Super, \u017ce potrafi\u0142 odbudowa\u0107 si\u0119 w trudnym meczu na europejskich pucharach. Zagra\u0142 na wysokim poziomie i to mnie jako trenera bardzo cieszy.<\/p>\n\n\n\n<p>Trener Papszun cieszy\u0142 si\u0119 te\u017c z tego, \u017ce Rak\u00f3w w 9 meczu w europejskich pucharach 8 raz nie straci\u0142 bramki. Dziennikarze dopytywali te\u017c m.in. o to czy czy Spartak zaskoczy\u0142 czym\u015b Rak\u00f3w i czy cz\u0119stochowianie chcieliby zagra\u0107 w 4. rundzie eliminacji z greckim Panathinaikosem Ateny czy z czesk\u0105 Slavi\u0105 Praga?<\/p>\n\n\n\n<p>&#8211; Troch\u0119 zaskoczy\u0142 nas tak\u0105 agresywn\u0105 gr\u0105 \u2013 dodaje trener Papszun. &#8211; Ju\u017c na pograniczu by\u0142y pewne wej\u015bcia i to mnie zaskoczy\u0142o. Spodziewa\u0142em si\u0119 agresywnej gry, ale to tu ju\u017c by\u0142o na styku. To by\u0142o pewnego rodzaju zaskoczeniem. Ale zesp\u00f3\u0142 by\u0142 na to przygotowany jak by\u0142o wida\u0107 i nie panikowa\u0142. Te\u017c umia\u0142 odpowiedzie\u0107 w pewnych momentach agresywn\u0105 gr\u0105. Je\u017celi m\u00f3g\u0142bym powiedzie\u0107, \u017ce co\u015b mnie zaskoczy\u0142o cho\u0107 nie do ko\u0144ca to wskaza\u0142bym ten element. Ten dwumecz b\u0119d\u0105c mocno precyzyjnym jeszcze nie jest rozstrzygni\u0119ty i nie takie rzeczy si\u0119 ju\u017c zdarza\u0142y. Ja w og\u00f3le o tym jeszcze nie my\u015ble. To by by\u0142o bardzo z\u0142e i nieodpowiedzialne z mojej strony gdybym my\u015bla\u0142 o tym z kim gramy w kolejne rundzie gdy ten pojedynek nie jest jeszcze rozstrzygni\u0119ty. Naprawd\u0119 musimy si\u0119 skoncentrowa\u0107. Mo\u017ce gospodarze nie stworzyli jaki\u015b sytuacji, ale jest to gro\u017any zesp\u00f3\u0142. Przyjad\u0105 nie maj\u0105c nic do stracenia, ale ta zaliczka jest.<\/p>\n\n\n\n<p><strong>MR-K<\/strong>, fot: <strong>AK<\/strong><\/p>\n\n\n\n<p>Partnerami relacji s\u0105:<\/p>\n\n\n\n<p><strong>www.mik-stal.pl<\/strong><\/p>\n\n\n\n<p><strong>Wy\u017csza Szko\u0142a Zarz\u0105dzania w Cz\u0119stochowie <\/strong><\/p>\n\n\n\n<p><strong>DMK Invest Materia\u0142y budowlane Konopiska<\/strong><\/p>\n\n\n\n<figure class=\"wp-block-image size-large\"><img decoding=\"async\" width=\"1024\" height=\"769\" data-src=\"https:\/\/gazetaregionalna.com\/wp-content\/uploads\/2022\/08\/trnavakonfer-1-1024x769.jpg\" alt=\"\" class=\"wp-image-88296 lazyload\" data-srcset=\"https:\/\/gazetaregionalna.com\/wp-content\/uploads\/2022\/08\/trnavakonfer-1-1024x769.jpg 1024w, https:\/\/gazetaregionalna.com\/wp-content\/uploads\/2022\/08\/trnavakonfer-1-300x225.jpg 300w, https:\/\/gazetaregionalna.com\/wp-content\/uploads\/2022\/08\/trnavakonfer-1-768x577.jpg 768w, https:\/\/gazetaregionalna.com\/wp-content\/uploads\/2022\/08\/trnavakonfer-1-1536x1153.jpg 1536w, https:\/\/gazetaregionalna.com\/wp-content\/uploads\/2022\/08\/trnavakonfer-1-2048x1538.jpg 2048w, https:\/\/gazetaregionalna.com\/wp-content\/uploads\/2022\/08\/trnavakonfer-1-696x523.jpg 696w, https:\/\/gazetaregionalna.com\/wp-content\/uploads\/2022\/08\/trnavakonfer-1-1068x802.jpg 1068w, https:\/\/gazetaregionalna.com\/wp-content\/uploads\/2022\/08\/trnavakonfer-1-1920x1442.jpg 1920w, https:\/\/gazetaregionalna.com\/wp-content\/uploads\/2022\/08\/trnavakonfer-1-559x420.jpg 559w, https:\/\/gazetaregionalna.com\/wp-content\/uploads\/2022\/08\/trnavakonfer-1-80x60.jpg 80w, https:\/\/gazetaregionalna.com\/wp-content\/uploads\/2022\/08\/trnavakonfer-1-265x198.jpg 265w, https:\/\/gazetaregionalna.com\/wp-content\/uploads\/2022\/08\/trnavakonfer-1-scaled.jpg 1600w\" data-sizes=\"(max-width: 1024px) 100vw, 1024px\" src=\"data:image\/svg+xml;base64,PHN2ZyB3aWR0aD0iMSIgaGVpZ2h0PSIxIiB4bWxucz0iaHR0cDovL3d3dy53My5vcmcvMjAwMC9zdmciPjwvc3ZnPg==\" style=\"--smush-placeholder-width: 1024px; --smush-placeholder-aspect-ratio: 1024\/769;\" \/><\/figure>\n\n\n\n<figure class=\"wp-block-image size-large\"><img decoding=\"async\" width=\"300\" height=\"250\" data-src=\"https:\/\/gazetaregionalna.com\/wp-content\/uploads\/2021\/07\/MIK-STAL-300x250-1.jpg\" alt=\"\" class=\"wp-image-48584 lazyload\" src=\"data:image\/svg+xml;base64,PHN2ZyB3aWR0aD0iMSIgaGVpZ2h0PSIxIiB4bWxucz0iaHR0cDovL3d3dy53My5vcmcvMjAwMC9zdmciPjwvc3ZnPg==\" style=\"--smush-placeholder-width: 300px; --smush-placeholder-aspect-ratio: 300\/250;\"><\/figure>\n\n\n\n<figure class=\"wp-block-image size-large\"><img decoding=\"async\" width=\"1024\" height=\"769\" data-src=\"https:\/\/gazetaregionalna.com\/wp-content\/uploads\/2022\/08\/trnavakonfer-2-1024x769.jpg\" alt=\"\" class=\"wp-image-88297 lazyload\" data-srcset=\"https:\/\/gazetaregionalna.com\/wp-content\/uploads\/2022\/08\/trnavakonfer-2-1024x769.jpg 1024w, https:\/\/gazetaregionalna.com\/wp-content\/uploads\/2022\/08\/trnavakonfer-2-300x225.jpg 300w, https:\/\/gazetaregionalna.com\/wp-content\/uploads\/2022\/08\/trnavakonfer-2-768x577.jpg 768w, https:\/\/gazetaregionalna.com\/wp-content\/uploads\/2022\/08\/trnavakonfer-2-1536x1153.jpg 1536w, https:\/\/gazetaregionalna.com\/wp-content\/uploads\/2022\/08\/trnavakonfer-2-2048x1538.jpg 2048w, https:\/\/gazetaregionalna.com\/wp-content\/uploads\/2022\/08\/trnavakonfer-2-696x523.jpg 696w, https:\/\/gazetaregionalna.com\/wp-content\/uploads\/2022\/08\/trnavakonfer-2-1068x802.jpg 1068w, https:\/\/gazetaregionalna.com\/wp-content\/uploads\/2022\/08\/trnavakonfer-2-1920x1442.jpg 1920w, https:\/\/gazetaregionalna.com\/wp-content\/uploads\/2022\/08\/trnavakonfer-2-559x420.jpg 559w, https:\/\/gazetaregionalna.com\/wp-content\/uploads\/2022\/08\/trnavakonfer-2-80x60.jpg 80w, https:\/\/gazetaregionalna.com\/wp-content\/uploads\/2022\/08\/trnavakonfer-2-265x198.jpg 265w, https:\/\/gazetaregionalna.com\/wp-content\/uploads\/2022\/08\/trnavakonfer-2-scaled.jpg 1600w\" data-sizes=\"(max-width: 1024px) 100vw, 1024px\" src=\"data:image\/svg+xml;base64,PHN2ZyB3aWR0aD0iMSIgaGVpZ2h0PSIxIiB4bWxucz0iaHR0cDovL3d3dy53My5vcmcvMjAwMC9zdmciPjwvc3ZnPg==\" style=\"--smush-placeholder-width: 1024px; --smush-placeholder-aspect-ratio: 1024\/769;\" \/><\/figure>\n\n\n\n<figure class=\"wp-block-image size-large\"><img decoding=\"async\" width=\"1024\" height=\"667\" data-src=\"https:\/\/gazetaregionalna.com\/wp-content\/uploads\/2021\/08\/LogoWSZ-1-1024x667.jpg\" alt=\"\" class=\"wp-image-53046 lazyload\" data-srcset=\"https:\/\/gazetaregionalna.com\/wp-content\/uploads\/2021\/08\/LogoWSZ-1-1024x667.jpg 1024w, https:\/\/gazetaregionalna.com\/wp-content\/uploads\/2021\/08\/LogoWSZ-1-300x195.jpg 300w, https:\/\/gazetaregionalna.com\/wp-content\/uploads\/2021\/08\/LogoWSZ-1-768x500.jpg 768w, https:\/\/gazetaregionalna.com\/wp-content\/uploads\/2021\/08\/LogoWSZ-1-696x453.jpg 696w, https:\/\/gazetaregionalna.com\/wp-content\/uploads\/2021\/08\/LogoWSZ-1-1068x695.jpg 1068w, https:\/\/gazetaregionalna.com\/wp-content\/uploads\/2021\/08\/LogoWSZ-1-645x420.jpg 645w, https:\/\/gazetaregionalna.com\/wp-content\/uploads\/2021\/08\/LogoWSZ-1.jpg 1200w\" data-sizes=\"(max-width: 1024px) 100vw, 1024px\" src=\"data:image\/svg+xml;base64,PHN2ZyB3aWR0aD0iMSIgaGVpZ2h0PSIxIiB4bWxucz0iaHR0cDovL3d3dy53My5vcmcvMjAwMC9zdmciPjwvc3ZnPg==\" style=\"--smush-placeholder-width: 1024px; --smush-placeholder-aspect-ratio: 1024\/667;\" \/><\/figure>\n\n\n\n<figure class=\"wp-block-image size-large\"><img decoding=\"async\" width=\"1024\" height=\"683\" data-src=\"https:\/\/gazetaregionalna.com\/wp-content\/uploads\/2022\/08\/Trnava-1-1024x683.jpg\" alt=\"\" class=\"wp-image-88281 lazyload\" data-srcset=\"https:\/\/gazetaregionalna.com\/wp-content\/uploads\/2022\/08\/Trnava-1-1024x683.jpg 1024w, https:\/\/gazetaregionalna.com\/wp-content\/uploads\/2022\/08\/Trnava-1-300x200.jpg 300w, https:\/\/gazetaregionalna.com\/wp-content\/uploads\/2022\/08\/Trnava-1-768x512.jpg 768w, https:\/\/gazetaregionalna.com\/wp-content\/uploads\/2022\/08\/Trnava-1-1536x1024.jpg 1536w, https:\/\/gazetaregionalna.com\/wp-content\/uploads\/2022\/08\/Trnava-1-2048x1365.jpg 2048w, https:\/\/gazetaregionalna.com\/wp-content\/uploads\/2022\/08\/Trnava-1-696x464.jpg 696w, https:\/\/gazetaregionalna.com\/wp-content\/uploads\/2022\/08\/Trnava-1-1068x712.jpg 1068w, https:\/\/gazetaregionalna.com\/wp-content\/uploads\/2022\/08\/Trnava-1-1920x1280.jpg 1920w, https:\/\/gazetaregionalna.com\/wp-content\/uploads\/2022\/08\/Trnava-1-630x420.jpg 630w, https:\/\/gazetaregionalna.com\/wp-content\/uploads\/2022\/08\/Trnava-1-scaled.jpg 1600w\" data-sizes=\"(max-width: 1024px) 100vw, 1024px\" src=\"data:image\/svg+xml;base64,PHN2ZyB3aWR0aD0iMSIgaGVpZ2h0PSIxIiB4bWxucz0iaHR0cDovL3d3dy53My5vcmcvMjAwMC9zdmciPjwvc3ZnPg==\" style=\"--smush-placeholder-width: 1024px; --smush-placeholder-aspect-ratio: 1024\/683;\" \/><\/figure>\n\n\n\n<figure class=\"wp-block-image size-large\"><img decoding=\"async\" width=\"1024\" height=\"769\" data-src=\"https:\/\/gazetaregionalna.com\/wp-content\/uploads\/2022\/08\/trnavakonfer-1-1024x769.jpg\" alt=\"\" class=\"wp-image-88296 lazyload\" data-srcset=\"https:\/\/gazetaregionalna.com\/wp-content\/uploads\/2022\/08\/trnavakonfer-1-1024x769.jpg 1024w, https:\/\/gazetaregionalna.com\/wp-content\/uploads\/2022\/08\/trnavakonfer-1-300x225.jpg 300w, https:\/\/gazetaregionalna.com\/wp-content\/uploads\/2022\/08\/trnavakonfer-1-768x577.jpg 768w, https:\/\/gazetaregionalna.com\/wp-content\/uploads\/2022\/08\/trnavakonfer-1-1536x1153.jpg 1536w, https:\/\/gazetaregionalna.com\/wp-content\/uploads\/2022\/08\/trnavakonfer-1-2048x1538.jpg 2048w, https:\/\/gazetaregionalna.com\/wp-content\/uploads\/2022\/08\/trnavakonfer-1-696x523.jpg 696w, https:\/\/gazetaregionalna.com\/wp-content\/uploads\/2022\/08\/trnavakonfer-1-1068x802.jpg 1068w, https:\/\/gazetaregionalna.com\/wp-content\/uploads\/2022\/08\/trnavakonfer-1-1920x1442.jpg 1920w, https:\/\/gazetaregionalna.com\/wp-content\/uploads\/2022\/08\/trnavakonfer-1-559x420.jpg 559w, https:\/\/gazetaregionalna.com\/wp-content\/uploads\/2022\/08\/trnavakonfer-1-80x60.jpg 80w, https:\/\/gazetaregionalna.com\/wp-content\/uploads\/2022\/08\/trnavakonfer-1-265x198.jpg 265w, https:\/\/gazetaregionalna.com\/wp-content\/uploads\/2022\/08\/trnavakonfer-1-scaled.jpg 1600w\" data-sizes=\"(max-width: 1024px) 100vw, 1024px\" src=\"data:image\/svg+xml;base64,PHN2ZyB3aWR0aD0iMSIgaGVpZ2h0PSIxIiB4bWxucz0iaHR0cDovL3d3dy53My5vcmcvMjAwMC9zdmciPjwvc3ZnPg==\" style=\"--smush-placeholder-width: 1024px; --smush-placeholder-aspect-ratio: 1024\/769;\" \/><\/figure>\n\n\n\n<figure class=\"wp-block-image size-large\"><img decoding=\"async\" width=\"1024\" height=\"683\" data-src=\"https:\/\/gazetaregionalna.com\/wp-content\/uploads\/2022\/08\/Trnava-1-1-1024x683.jpg\" alt=\"\" class=\"wp-image-88298 lazyload\" data-srcset=\"https:\/\/gazetaregionalna.com\/wp-content\/uploads\/2022\/08\/Trnava-1-1-1024x683.jpg 1024w, https:\/\/gazetaregionalna.com\/wp-content\/uploads\/2022\/08\/Trnava-1-1-300x200.jpg 300w, https:\/\/gazetaregionalna.com\/wp-content\/uploads\/2022\/08\/Trnava-1-1-768x512.jpg 768w, https:\/\/gazetaregionalna.com\/wp-content\/uploads\/2022\/08\/Trnava-1-1-1536x1024.jpg 1536w, https:\/\/gazetaregionalna.com\/wp-content\/uploads\/2022\/08\/Trnava-1-1-2048x1365.jpg 2048w, https:\/\/gazetaregionalna.com\/wp-content\/uploads\/2022\/08\/Trnava-1-1-696x464.jpg 696w, https:\/\/gazetaregionalna.com\/wp-content\/uploads\/2022\/08\/Trnava-1-1-1068x712.jpg 1068w, https:\/\/gazetaregionalna.com\/wp-content\/uploads\/2022\/08\/Trnava-1-1-1920x1280.jpg 1920w, https:\/\/gazetaregionalna.com\/wp-content\/uploads\/2022\/08\/Trnava-1-1-630x420.jpg 630w, https:\/\/gazetaregionalna.com\/wp-content\/uploads\/2022\/08\/Trnava-1-1-scaled.jpg 1600w\" data-sizes=\"(max-width: 1024px) 100vw, 1024px\" src=\"data:image\/svg+xml;base64,PHN2ZyB3aWR0aD0iMSIgaGVpZ2h0PSIxIiB4bWxucz0iaHR0cDovL3d3dy53My5vcmcvMjAwMC9zdmciPjwvc3ZnPg==\" style=\"--smush-placeholder-width: 1024px; --smush-placeholder-aspect-ratio: 1024\/683;\" \/><\/figure>\n\n\n\n<figure class=\"wp-block-image size-large\"><img decoding=\"async\" width=\"1024\" height=\"683\" data-src=\"https:\/\/gazetaregionalna.com\/wp-content\/uploads\/2022\/08\/Trnava-2-1-1024x683.jpg\" alt=\"\" class=\"wp-image-88299 lazyload\" data-srcset=\"https:\/\/gazetaregionalna.com\/wp-content\/uploads\/2022\/08\/Trnava-2-1-1024x683.jpg 1024w, https:\/\/gazetaregionalna.com\/wp-content\/uploads\/2022\/08\/Trnava-2-1-300x200.jpg 300w, https:\/\/gazetaregionalna.com\/wp-content\/uploads\/2022\/08\/Trnava-2-1-768x512.jpg 768w, https:\/\/gazetaregionalna.com\/wp-content\/uploads\/2022\/08\/Trnava-2-1-1536x1024.jpg 1536w, https:\/\/gazetaregionalna.com\/wp-content\/uploads\/2022\/08\/Trnava-2-1-2048x1365.jpg 2048w, https:\/\/gazetaregionalna.com\/wp-content\/uploads\/2022\/08\/Trnava-2-1-696x464.jpg 696w, https:\/\/gazetaregionalna.com\/wp-content\/uploads\/2022\/08\/Trnava-2-1-1068x712.jpg 1068w, https:\/\/gazetaregionalna.com\/wp-content\/uploads\/2022\/08\/Trnava-2-1-1920x1280.jpg 1920w, https:\/\/gazetaregionalna.com\/wp-content\/uploads\/2022\/08\/Trnava-2-1-630x420.jpg 630w, https:\/\/gazetaregionalna.com\/wp-content\/uploads\/2022\/08\/Trnava-2-1-scaled.jpg 1600w\" data-sizes=\"(max-width: 1024px) 100vw, 1024px\" src=\"data:image\/svg+xml;base64,PHN2ZyB3aWR0aD0iMSIgaGVpZ2h0PSIxIiB4bWxucz0iaHR0cDovL3d3dy53My5vcmcvMjAwMC9zdmciPjwvc3ZnPg==\" style=\"--smush-placeholder-width: 1024px; --smush-placeholder-aspect-ratio: 1024\/683;\" \/><\/figure>\n\n\n\n<figure class=\"wp-block-image size-large\"><img decoding=\"async\" width=\"300\" height=\"250\" data-src=\"https:\/\/gazetaregionalna.com\/wp-content\/uploads\/2022\/04\/DMK-4.jpg\" alt=\"\" class=\"wp-image-77212 lazyload\" src=\"data:image\/svg+xml;base64,PHN2ZyB3aWR0aD0iMSIgaGVpZ2h0PSIxIiB4bWxucz0iaHR0cDovL3d3dy53My5vcmcvMjAwMC9zdmciPjwvc3ZnPg==\" style=\"--smush-placeholder-width: 300px; --smush-placeholder-aspect-ratio: 300\/250;\"><\/figure>\n\n\n\n<figure class=\"wp-block-image size-large\"><img decoding=\"async\" width=\"1024\" height=\"683\" data-src=\"https:\/\/gazetaregionalna.com\/wp-content\/uploads\/2022\/08\/Trnava-3-1-1024x683.jpg\" alt=\"\" class=\"wp-image-88300 lazyload\" data-srcset=\"https:\/\/gazetaregionalna.com\/wp-content\/uploads\/2022\/08\/Trnava-3-1-1024x683.jpg 1024w, https:\/\/gazetaregionalna.com\/wp-content\/uploads\/2022\/08\/Trnava-3-1-300x200.jpg 300w, https:\/\/gazetaregionalna.com\/wp-content\/uploads\/2022\/08\/Trnava-3-1-768x512.jpg 768w, https:\/\/gazetaregionalna.com\/wp-content\/uploads\/2022\/08\/Trnava-3-1-1536x1024.jpg 1536w, https:\/\/gazetaregionalna.com\/wp-content\/uploads\/2022\/08\/Trnava-3-1-2048x1365.jpg 2048w, https:\/\/gazetaregionalna.com\/wp-content\/uploads\/2022\/08\/Trnava-3-1-696x464.jpg 696w, https:\/\/gazetaregionalna.com\/wp-content\/uploads\/2022\/08\/Trnava-3-1-1068x712.jpg 1068w, https:\/\/gazetaregionalna.com\/wp-content\/uploads\/2022\/08\/Trnava-3-1-1920x1280.jpg 1920w, https:\/\/gazetaregionalna.com\/wp-content\/uploads\/2022\/08\/Trnava-3-1-630x420.jpg 630w, https:\/\/gazetaregionalna.com\/wp-content\/uploads\/2022\/08\/Trnava-3-1-scaled.jpg 1600w\" data-sizes=\"(max-width: 1024px) 100vw, 1024px\" src=\"data:image\/svg+xml;base64,PHN2ZyB3aWR0aD0iMSIgaGVpZ2h0PSIxIiB4bWxucz0iaHR0cDovL3d3dy53My5vcmcvMjAwMC9zdmciPjwvc3ZnPg==\" style=\"--smush-placeholder-width: 1024px; --smush-placeholder-aspect-ratio: 1024\/683;\" \/><\/figure>\n\n\n\n<figure class=\"wp-block-image size-large\"><img decoding=\"async\" width=\"1024\" height=\"683\" data-src=\"https:\/\/gazetaregionalna.com\/wp-content\/uploads\/2022\/08\/Trnava-4-1024x683.jpg\" alt=\"\" class=\"wp-image-88301 lazyload\" data-srcset=\"https:\/\/gazetaregionalna.com\/wp-content\/uploads\/2022\/08\/Trnava-4-1024x683.jpg 1024w, https:\/\/gazetaregionalna.com\/wp-content\/uploads\/2022\/08\/Trnava-4-300x200.jpg 300w, https:\/\/gazetaregionalna.com\/wp-content\/uploads\/2022\/08\/Trnava-4-768x512.jpg 768w, https:\/\/gazetaregionalna.com\/wp-content\/uploads\/2022\/08\/Trnava-4-1536x1024.jpg 1536w, https:\/\/gazetaregionalna.com\/wp-content\/uploads\/2022\/08\/Trnava-4-2048x1366.jpg 2048w, https:\/\/gazetaregionalna.com\/wp-content\/uploads\/2022\/08\/Trnava-4-696x464.jpg 696w, https:\/\/gazetaregionalna.com\/wp-content\/uploads\/2022\/08\/Trnava-4-1068x712.jpg 1068w, https:\/\/gazetaregionalna.com\/wp-content\/uploads\/2022\/08\/Trnava-4-1920x1280.jpg 1920w, https:\/\/gazetaregionalna.com\/wp-content\/uploads\/2022\/08\/Trnava-4-630x420.jpg 630w, https:\/\/gazetaregionalna.com\/wp-content\/uploads\/2022\/08\/Trnava-4-scaled.jpg 1600w\" data-sizes=\"(max-width: 1024px) 100vw, 1024px\" src=\"data:image\/svg+xml;base64,PHN2ZyB3aWR0aD0iMSIgaGVpZ2h0PSIxIiB4bWxucz0iaHR0cDovL3d3dy53My5vcmcvMjAwMC9zdmciPjwvc3ZnPg==\" style=\"--smush-placeholder-width: 1024px; --smush-placeholder-aspect-ratio: 1024\/683;\" \/><\/figure>\n\n\n\n<figure class=\"wp-block-image size-large\"><img decoding=\"async\" width=\"1024\" height=\"683\" data-src=\"https:\/\/gazetaregionalna.com\/wp-content\/uploads\/2022\/08\/Trnava-5-1024x683.jpg\" alt=\"\" class=\"wp-image-88302 lazyload\" data-srcset=\"https:\/\/gazetaregionalna.com\/wp-content\/uploads\/2022\/08\/Trnava-5-1024x683.jpg 1024w, https:\/\/gazetaregionalna.com\/wp-content\/uploads\/2022\/08\/Trnava-5-300x200.jpg 300w, https:\/\/gazetaregionalna.com\/wp-content\/uploads\/2022\/08\/Trnava-5-768x512.jpg 768w, https:\/\/gazetaregionalna.com\/wp-content\/uploads\/2022\/08\/Trnava-5-1536x1024.jpg 1536w, https:\/\/gazetaregionalna.com\/wp-content\/uploads\/2022\/08\/Trnava-5-2048x1365.jpg 2048w, https:\/\/gazetaregionalna.com\/wp-content\/uploads\/2022\/08\/Trnava-5-696x464.jpg 696w, https:\/\/gazetaregionalna.com\/wp-content\/uploads\/2022\/08\/Trnava-5-1068x712.jpg 1068w, https:\/\/gazetaregionalna.com\/wp-content\/uploads\/2022\/08\/Trnava-5-1920x1280.jpg 1920w, https:\/\/gazetaregionalna.com\/wp-content\/uploads\/2022\/08\/Trnava-5-630x420.jpg 630w, https:\/\/gazetaregionalna.com\/wp-content\/uploads\/2022\/08\/Trnava-5-scaled.jpg 1600w\" data-sizes=\"(max-width: 1024px) 100vw, 1024px\" src=\"data:image\/svg+xml;base64,PHN2ZyB3aWR0aD0iMSIgaGVpZ2h0PSIxIiB4bWxucz0iaHR0cDovL3d3dy53My5vcmcvMjAwMC9zdmciPjwvc3ZnPg==\" style=\"--smush-placeholder-width: 1024px; --smush-placeholder-aspect-ratio: 1024\/683;\" \/><\/figure>\n\n\n\n<figure class=\"wp-block-image size-large\"><img decoding=\"async\" width=\"300\" height=\"250\" data-src=\"https:\/\/gazetaregionalna.com\/wp-content\/uploads\/2021\/07\/MIK-STAL-300x250-1.jpg\" alt=\"\" class=\"wp-image-48584 lazyload\" src=\"data:image\/svg+xml;base64,PHN2ZyB3aWR0aD0iMSIgaGVpZ2h0PSIxIiB4bWxucz0iaHR0cDovL3d3dy53My5vcmcvMjAwMC9zdmciPjwvc3ZnPg==\" style=\"--smush-placeholder-width: 300px; --smush-placeholder-aspect-ratio: 300\/250;\"><\/figure>\n\n\n\n<figure class=\"wp-block-image size-large\"><img decoding=\"async\" width=\"1024\" height=\"667\" data-src=\"https:\/\/gazetaregionalna.com\/wp-content\/uploads\/2021\/08\/LogoWSZ-1-1024x667.jpg\" alt=\"\" class=\"wp-image-53046 lazyload\" data-srcset=\"https:\/\/gazetaregionalna.com\/wp-content\/uploads\/2021\/08\/LogoWSZ-1-1024x667.jpg 1024w, https:\/\/gazetaregionalna.com\/wp-content\/uploads\/2021\/08\/LogoWSZ-1-300x195.jpg 300w, https:\/\/gazetaregionalna.com\/wp-content\/uploads\/2021\/08\/LogoWSZ-1-768x500.jpg 768w, https:\/\/gazetaregionalna.com\/wp-content\/uploads\/2021\/08\/LogoWSZ-1-696x453.jpg 696w, https:\/\/gazetaregionalna.com\/wp-content\/uploads\/2021\/08\/LogoWSZ-1-1068x695.jpg 1068w, https:\/\/gazetaregionalna.com\/wp-content\/uploads\/2021\/08\/LogoWSZ-1-645x420.jpg 645w, https:\/\/gazetaregionalna.com\/wp-content\/uploads\/2021\/08\/LogoWSZ-1.jpg 1200w\" data-sizes=\"(max-width: 1024px) 100vw, 1024px\" src=\"data:image\/svg+xml;base64,PHN2ZyB3aWR0aD0iMSIgaGVpZ2h0PSIxIiB4bWxucz0iaHR0cDovL3d3dy53My5vcmcvMjAwMC9zdmciPjwvc3ZnPg==\" style=\"--smush-placeholder-width: 1024px; --smush-placeholder-aspect-ratio: 1024\/667;\" \/><\/figure>\n\n\n\n<figure class=\"wp-block-image size-large\"><img decoding=\"async\" width=\"300\" height=\"250\" data-src=\"https:\/\/gazetaregionalna.com\/wp-content\/uploads\/2022\/04\/DMK-3.jpg\" alt=\"\" class=\"wp-image-77211 lazyload\" src=\"data:image\/svg+xml;base64,PHN2ZyB3aWR0aD0iMSIgaGVpZ2h0PSIxIiB4bWxucz0iaHR0cDovL3d3dy53My5vcmcvMjAwMC9zdmciPjwvc3ZnPg==\" style=\"--smush-placeholder-width: 300px; --smush-placeholder-aspect-ratio: 300\/250;\"><\/figure>\n\n\n\n<figure class=\"wp-block-image size-large\"><img decoding=\"async\" width=\"1024\" height=\"683\" data-src=\"https:\/\/gazetaregionalna.com\/wp-content\/uploads\/2022\/08\/Trnava-6-1024x683.jpg\" alt=\"\" class=\"wp-image-88303 lazyload\" data-srcset=\"https:\/\/gazetaregionalna.com\/wp-content\/uploads\/2022\/08\/Trnava-6-1024x683.jpg 1024w, https:\/\/gazetaregionalna.com\/wp-content\/uploads\/2022\/08\/Trnava-6-300x200.jpg 300w, https:\/\/gazetaregionalna.com\/wp-content\/uploads\/2022\/08\/Trnava-6-768x512.jpg 768w, https:\/\/gazetaregionalna.com\/wp-content\/uploads\/2022\/08\/Trnava-6-1536x1024.jpg 1536w, https:\/\/gazetaregionalna.com\/wp-content\/uploads\/2022\/08\/Trnava-6-2048x1365.jpg 2048w, https:\/\/gazetaregionalna.com\/wp-content\/uploads\/2022\/08\/Trnava-6-696x464.jpg 696w, https:\/\/gazetaregionalna.com\/wp-content\/uploads\/2022\/08\/Trnava-6-1068x712.jpg 1068w, https:\/\/gazetaregionalna.com\/wp-content\/uploads\/2022\/08\/Trnava-6-1920x1280.jpg 1920w, https:\/\/gazetaregionalna.com\/wp-content\/uploads\/2022\/08\/Trnava-6-630x420.jpg 630w, https:\/\/gazetaregionalna.com\/wp-content\/uploads\/2022\/08\/Trnava-6-scaled.jpg 1600w\" data-sizes=\"(max-width: 1024px) 100vw, 1024px\" src=\"data:image\/svg+xml;base64,PHN2ZyB3aWR0aD0iMSIgaGVpZ2h0PSIxIiB4bWxucz0iaHR0cDovL3d3dy53My5vcmcvMjAwMC9zdmciPjwvc3ZnPg==\" style=\"--smush-placeholder-width: 1024px; --smush-placeholder-aspect-ratio: 1024\/683;\" \/><\/figure>\n\n\n\n<figure class=\"wp-block-image size-large\"><img decoding=\"async\" width=\"1024\" height=\"682\" data-src=\"https:\/\/gazetaregionalna.com\/wp-content\/uploads\/2022\/08\/Trnava-7-1024x682.jpg\" alt=\"\" class=\"wp-image-88304 lazyload\" data-srcset=\"https:\/\/gazetaregionalna.com\/wp-content\/uploads\/2022\/08\/Trnava-7-1024x682.jpg 1024w, https:\/\/gazetaregionalna.com\/wp-content\/uploads\/2022\/08\/Trnava-7-300x200.jpg 300w, https:\/\/gazetaregionalna.com\/wp-content\/uploads\/2022\/08\/Trnava-7-768x512.jpg 768w, https:\/\/gazetaregionalna.com\/wp-content\/uploads\/2022\/08\/Trnava-7-1536x1024.jpg 1536w, https:\/\/gazetaregionalna.com\/wp-content\/uploads\/2022\/08\/Trnava-7-2048x1365.jpg 2048w, https:\/\/gazetaregionalna.com\/wp-content\/uploads\/2022\/08\/Trnava-7-696x464.jpg 696w, https:\/\/gazetaregionalna.com\/wp-content\/uploads\/2022\/08\/Trnava-7-1068x712.jpg 1068w, https:\/\/gazetaregionalna.com\/wp-content\/uploads\/2022\/08\/Trnava-7-1920x1280.jpg 1920w, https:\/\/gazetaregionalna.com\/wp-content\/uploads\/2022\/08\/Trnava-7-630x420.jpg 630w, https:\/\/gazetaregionalna.com\/wp-content\/uploads\/2022\/08\/Trnava-7-scaled.jpg 1600w\" data-sizes=\"(max-width: 1024px) 100vw, 1024px\" src=\"data:image\/svg+xml;base64,PHN2ZyB3aWR0aD0iMSIgaGVpZ2h0PSIxIiB4bWxucz0iaHR0cDovL3d3dy53My5vcmcvMjAwMC9zdmciPjwvc3ZnPg==\" style=\"--smush-placeholder-width: 1024px; --smush-placeholder-aspect-ratio: 1024\/682;\" \/><\/figure>\n\n\n\n<figure class=\"wp-block-image size-large\"><img decoding=\"async\" width=\"1024\" height=\"683\" data-src=\"https:\/\/gazetaregionalna.com\/wp-content\/uploads\/2022\/08\/Trnava-8-1024x683.jpg\" alt=\"\" class=\"wp-image-88305 lazyload\" data-srcset=\"https:\/\/gazetaregionalna.com\/wp-content\/uploads\/2022\/08\/Trnava-8-1024x683.jpg 1024w, https:\/\/gazetaregionalna.com\/wp-content\/uploads\/2022\/08\/Trnava-8-300x200.jpg 300w, https:\/\/gazetaregionalna.com\/wp-content\/uploads\/2022\/08\/Trnava-8-768x512.jpg 768w, https:\/\/gazetaregionalna.com\/wp-content\/uploads\/2022\/08\/Trnava-8-1536x1024.jpg 1536w, https:\/\/gazetaregionalna.com\/wp-content\/uploads\/2022\/08\/Trnava-8-2048x1365.jpg 2048w, https:\/\/gazetaregionalna.com\/wp-content\/uploads\/2022\/08\/Trnava-8-696x464.jpg 696w, https:\/\/gazetaregionalna.com\/wp-content\/uploads\/2022\/08\/Trnava-8-1068x712.jpg 1068w, https:\/\/gazetaregionalna.com\/wp-content\/uploads\/2022\/08\/Trnava-8-1920x1280.jpg 1920w, https:\/\/gazetaregionalna.com\/wp-content\/uploads\/2022\/08\/Trnava-8-630x420.jpg 630w, https:\/\/gazetaregionalna.com\/wp-content\/uploads\/2022\/08\/Trnava-8-scaled.jpg 1600w\" data-sizes=\"(max-width: 1024px) 100vw, 1024px\" src=\"data:image\/svg+xml;base64,PHN2ZyB3aWR0aD0iMSIgaGVpZ2h0PSIxIiB4bWxucz0iaHR0cDovL3d3dy53My5vcmcvMjAwMC9zdmciPjwvc3ZnPg==\" style=\"--smush-placeholder-width: 1024px; --smush-placeholder-aspect-ratio: 1024\/683;\" \/><\/figure>\n\n\n\n<figure class=\"wp-block-image size-large\"><img decoding=\"async\" width=\"1024\" height=\"683\" data-src=\"https:\/\/gazetaregionalna.com\/wp-content\/uploads\/2022\/08\/Trnava-9-1024x683.jpg\" alt=\"\" class=\"wp-image-88306 lazyload\" data-srcset=\"https:\/\/gazetaregionalna.com\/wp-content\/uploads\/2022\/08\/Trnava-9-1024x683.jpg 1024w, https:\/\/gazetaregionalna.com\/wp-content\/uploads\/2022\/08\/Trnava-9-300x200.jpg 300w, https:\/\/gazetaregionalna.com\/wp-content\/uploads\/2022\/08\/Trnava-9-768x512.jpg 768w, https:\/\/gazetaregionalna.com\/wp-content\/uploads\/2022\/08\/Trnava-9-1536x1024.jpg 1536w, https:\/\/gazetaregionalna.com\/wp-content\/uploads\/2022\/08\/Trnava-9-2048x1365.jpg 2048w, https:\/\/gazetaregionalna.com\/wp-content\/uploads\/2022\/08\/Trnava-9-696x464.jpg 696w, https:\/\/gazetaregionalna.com\/wp-content\/uploads\/2022\/08\/Trnava-9-1068x712.jpg 1068w, https:\/\/gazetaregionalna.com\/wp-content\/uploads\/2022\/08\/Trnava-9-1920x1280.jpg 1920w, https:\/\/gazetaregionalna.com\/wp-content\/uploads\/2022\/08\/Trnava-9-630x420.jpg 630w, https:\/\/gazetaregionalna.com\/wp-content\/uploads\/2022\/08\/Trnava-9-scaled.jpg 1600w\" data-sizes=\"(max-width: 1024px) 100vw, 1024px\" src=\"data:image\/svg+xml;base64,PHN2ZyB3aWR0aD0iMSIgaGVpZ2h0PSIxIiB4bWxucz0iaHR0cDovL3d3dy53My5vcmcvMjAwMC9zdmciPjwvc3ZnPg==\" style=\"--smush-placeholder-width: 1024px; --smush-placeholder-aspect-ratio: 1024\/683;\" \/><\/figure>\n\n\n\n<figure class=\"wp-block-image size-large\"><img decoding=\"async\" width=\"300\" height=\"250\" data-src=\"https:\/\/gazetaregionalna.com\/wp-content\/uploads\/2021\/07\/MIK-STAL-300x250-1.jpg\" alt=\"\" class=\"wp-image-48584 lazyload\" src=\"data:image\/svg+xml;base64,PHN2ZyB3aWR0aD0iMSIgaGVpZ2h0PSIxIiB4bWxucz0iaHR0cDovL3d3dy53My5vcmcvMjAwMC9zdmciPjwvc3ZnPg==\" style=\"--smush-placeholder-width: 300px; --smush-placeholder-aspect-ratio: 300\/250;\"><\/figure>\n\n\n\n<figure class=\"wp-block-image size-large\"><img decoding=\"async\" width=\"300\" height=\"250\" data-src=\"https:\/\/gazetaregionalna.com\/wp-content\/uploads\/2022\/04\/DMK-8.jpg\" alt=\"\" class=\"wp-image-77215 lazyload\" src=\"data:image\/svg+xml;base64,PHN2ZyB3aWR0aD0iMSIgaGVpZ2h0PSIxIiB4bWxucz0iaHR0cDovL3d3dy53My5vcmcvMjAwMC9zdmciPjwvc3ZnPg==\" style=\"--smush-placeholder-width: 300px; --smush-placeholder-aspect-ratio: 300\/250;\"><\/figure>\n\n\n\n<figure class=\"wp-block-image size-large\"><img decoding=\"async\" width=\"1024\" height=\"667\" data-src=\"https:\/\/gazetaregionalna.com\/wp-content\/uploads\/2021\/08\/LogoWSZ-1-1024x667.jpg\" alt=\"\" class=\"wp-image-53046 lazyload\" data-srcset=\"https:\/\/gazetaregionalna.com\/wp-content\/uploads\/2021\/08\/LogoWSZ-1-1024x667.jpg 1024w, https:\/\/gazetaregionalna.com\/wp-content\/uploads\/2021\/08\/LogoWSZ-1-300x195.jpg 300w, https:\/\/gazetaregionalna.com\/wp-content\/uploads\/2021\/08\/LogoWSZ-1-768x500.jpg 768w, https:\/\/gazetaregionalna.com\/wp-content\/uploads\/2021\/08\/LogoWSZ-1-696x453.jpg 696w, https:\/\/gazetaregionalna.com\/wp-content\/uploads\/2021\/08\/LogoWSZ-1-1068x695.jpg 1068w, https:\/\/gazetaregionalna.com\/wp-content\/uploads\/2021\/08\/LogoWSZ-1-645x420.jpg 645w, https:\/\/gazetaregionalna.com\/wp-content\/uploads\/2021\/08\/LogoWSZ-1.jpg 1200w\" data-sizes=\"(max-width: 1024px) 100vw, 1024px\" src=\"data:image\/svg+xml;base64,PHN2ZyB3aWR0aD0iMSIgaGVpZ2h0PSIxIiB4bWxucz0iaHR0cDovL3d3dy53My5vcmcvMjAwMC9zdmciPjwvc3ZnPg==\" style=\"--smush-placeholder-width: 1024px; --smush-placeholder-aspect-ratio: 1024\/667;\" \/><\/figure>\n\n\n\n<figure class=\"wp-block-image size-large\"><img decoding=\"async\" width=\"1024\" height=\"682\" data-src=\"https:\/\/gazetaregionalna.com\/wp-content\/uploads\/2022\/08\/Trnava-10-1024x682.jpg\" alt=\"\" class=\"wp-image-88307 lazyload\" data-srcset=\"https:\/\/gazetaregionalna.com\/wp-content\/uploads\/2022\/08\/Trnava-10-1024x682.jpg 1024w, https:\/\/gazetaregionalna.com\/wp-content\/uploads\/2022\/08\/Trnava-10-300x200.jpg 300w, https:\/\/gazetaregionalna.com\/wp-content\/uploads\/2022\/08\/Trnava-10-768x512.jpg 768w, https:\/\/gazetaregionalna.com\/wp-content\/uploads\/2022\/08\/Trnava-10-1536x1024.jpg 1536w, https:\/\/gazetaregionalna.com\/wp-content\/uploads\/2022\/08\/Trnava-10-2048x1365.jpg 2048w, https:\/\/gazetaregionalna.com\/wp-content\/uploads\/2022\/08\/Trnava-10-696x464.jpg 696w, https:\/\/gazetaregionalna.com\/wp-content\/uploads\/2022\/08\/Trnava-10-1068x712.jpg 1068w, https:\/\/gazetaregionalna.com\/wp-content\/uploads\/2022\/08\/Trnava-10-1920x1280.jpg 1920w, https:\/\/gazetaregionalna.com\/wp-content\/uploads\/2022\/08\/Trnava-10-630x420.jpg 630w, https:\/\/gazetaregionalna.com\/wp-content\/uploads\/2022\/08\/Trnava-10-scaled.jpg 1600w\" data-sizes=\"(max-width: 1024px) 100vw, 1024px\" src=\"data:image\/svg+xml;base64,PHN2ZyB3aWR0aD0iMSIgaGVpZ2h0PSIxIiB4bWxucz0iaHR0cDovL3d3dy53My5vcmcvMjAwMC9zdmciPjwvc3ZnPg==\" style=\"--smush-placeholder-width: 1024px; --smush-placeholder-aspect-ratio: 1024\/682;\" \/><\/figure>\n\n\n\n<figure class=\"wp-block-image size-large\"><img decoding=\"async\" width=\"1024\" height=\"683\" data-src=\"https:\/\/gazetaregionalna.com\/wp-content\/uploads\/2022\/08\/Trnava-11-1024x683.jpg\" alt=\"\" class=\"wp-image-88308 lazyload\" data-srcset=\"https:\/\/gazetaregionalna.com\/wp-content\/uploads\/2022\/08\/Trnava-11-1024x683.jpg 1024w, https:\/\/gazetaregionalna.com\/wp-content\/uploads\/2022\/08\/Trnava-11-300x200.jpg 300w, https:\/\/gazetaregionalna.com\/wp-content\/uploads\/2022\/08\/Trnava-11-768x512.jpg 768w, https:\/\/gazetaregionalna.com\/wp-content\/uploads\/2022\/08\/Trnava-11-1536x1024.jpg 1536w, https:\/\/gazetaregionalna.com\/wp-content\/uploads\/2022\/08\/Trnava-11-2048x1365.jpg 2048w, https:\/\/gazetaregionalna.com\/wp-content\/uploads\/2022\/08\/Trnava-11-696x464.jpg 696w, https:\/\/gazetaregionalna.com\/wp-content\/uploads\/2022\/08\/Trnava-11-1068x712.jpg 1068w, https:\/\/gazetaregionalna.com\/wp-content\/uploads\/2022\/08\/Trnava-11-1920x1280.jpg 1920w, https:\/\/gazetaregionalna.com\/wp-content\/uploads\/2022\/08\/Trnava-11-630x420.jpg 630w, https:\/\/gazetaregionalna.com\/wp-content\/uploads\/2022\/08\/Trnava-11-scaled.jpg 1600w\" data-sizes=\"(max-width: 1024px) 100vw, 1024px\" src=\"data:image\/svg+xml;base64,PHN2ZyB3aWR0aD0iMSIgaGVpZ2h0PSIxIiB4bWxucz0iaHR0cDovL3d3dy53My5vcmcvMjAwMC9zdmciPjwvc3ZnPg==\" style=\"--smush-placeholder-width: 1024px; --smush-placeholder-aspect-ratio: 1024\/683;\" \/><\/figure>\n\n\n\n<figure class=\"wp-block-image size-large\"><img decoding=\"async\" width=\"1024\" height=\"683\" data-src=\"https:\/\/gazetaregionalna.com\/wp-content\/uploads\/2022\/08\/Trnava-12-1024x683.jpg\" alt=\"\" class=\"wp-image-88309 lazyload\" data-srcset=\"https:\/\/gazetaregionalna.com\/wp-content\/uploads\/2022\/08\/Trnava-12-1024x683.jpg 1024w, https:\/\/gazetaregionalna.com\/wp-content\/uploads\/2022\/08\/Trnava-12-300x200.jpg 300w, https:\/\/gazetaregionalna.com\/wp-content\/uploads\/2022\/08\/Trnava-12-768x512.jpg 768w, https:\/\/gazetaregionalna.com\/wp-content\/uploads\/2022\/08\/Trnava-12-1536x1024.jpg 1536w, https:\/\/gazetaregionalna.com\/wp-content\/uploads\/2022\/08\/Trnava-12-2048x1365.jpg 2048w, https:\/\/gazetaregionalna.com\/wp-content\/uploads\/2022\/08\/Trnava-12-696x464.jpg 696w, https:\/\/gazetaregionalna.com\/wp-content\/uploads\/2022\/08\/Trnava-12-1068x712.jpg 1068w, https:\/\/gazetaregionalna.com\/wp-content\/uploads\/2022\/08\/Trnava-12-1920x1280.jpg 1920w, https:\/\/gazetaregionalna.com\/wp-content\/uploads\/2022\/08\/Trnava-12-630x420.jpg 630w, https:\/\/gazetaregionalna.com\/wp-content\/uploads\/2022\/08\/Trnava-12-scaled.jpg 1600w\" data-sizes=\"(max-width: 1024px) 100vw, 1024px\" src=\"data:image\/svg+xml;base64,PHN2ZyB3aWR0aD0iMSIgaGVpZ2h0PSIxIiB4bWxucz0iaHR0cDovL3d3dy53My5vcmcvMjAwMC9zdmciPjwvc3ZnPg==\" style=\"--smush-placeholder-width: 1024px; --smush-placeholder-aspect-ratio: 1024\/683;\" \/><\/figure>\n","protected":false},"excerpt":{"rendered":"<p>Pi\u0142karze Rakowa Cz\u0119stochowa wygrali pierwszy mecz 3. rundy eliminacji Ligi Konferencji Europy UEFA na S\u0142owacji ze Spartakiem Trnava 2:0. Rewan\u017c odb\u0119dzie si\u0119 w najbli\u017cszy<\/p>\n","protected":false},"author":15,"featured_media":88296,"comment_status":"closed","ping_status":"open","sticky":false,"template":"","format":"standard","meta":{"_monsterinsights_skip_tracking":false,"_monsterinsights_sitenote_active":false,"_monsterinsights_sitenote_note":"","_monsterinsights_sitenote_category":0,"_uf_show_specific_survey":0,"_uf_disable_surveys":false,"footnotes":""},"categories":[94,6,5],"tags":[],"class_list":["post-88295","post","type-post","status-publish","format-standard","has-post-thumbnail","hentry","category-polecane","category-pilka-nozna","category-sport"],"_links":{"self":[{"href":"https:\/\/gazetaregionalna.com\/index.php?rest_route=\/wp\/v2\/posts\/88295","targetHints":{"allow":["GET"]}}],"collection":[{"href":"https:\/\/gazetaregionalna.com\/index.php?rest_route=\/wp\/v2\/posts"}],"about":[{"href":"https:\/\/gazetaregionalna.com\/index.php?rest_route=\/wp\/v2\/types\/post"}],"author":[{"embeddable":true,"href":"https:\/\/gazetaregionalna.com\/index.php?rest_route=\/wp\/v2\/users\/15"}],"replies":[{"embeddable":true,"href":"https:\/\/gazetaregionalna.com\/index.php?rest_route=%2Fwp%2Fv2%2Fcomments&post=88295"}],"version-history":[{"count":1,"href":"https:\/\/gazetaregionalna.com\/index.php?rest_route=\/wp\/v2\/posts\/88295\/revisions"}],"predecessor-version":[{"id":88310,"href":"https:\/\/gazetaregionalna.com\/index.php?rest_route=\/wp\/v2\/posts\/88295\/revisions\/88310"}],"wp:featuredmedia":[{"embeddable":true,"href":"https:\/\/gazetaregionalna.com\/index.php?rest_route=\/wp\/v2\/media\/88296"}],"wp:attachment":[{"href":"https:\/\/gazetaregionalna.com\/index.php?rest_route=%2Fwp%2Fv2%2Fmedia&parent=88295"}],"wp:term":[{"taxonomy":"category","embeddable":true,"href":"https:\/\/gazetaregionalna.com\/index.php?rest_route=%2Fwp%2Fv2%2Fcategories&post=88295"},{"taxonomy":"post_tag","embeddable":true,"href":"https:\/\/gazetaregionalna.com\/index.php?rest_route=%2Fwp%2Fv2%2Ftags&post=88295"}],"curies":[{"name":"wp","href":"https:\/\/api.w.org\/{rel}","templated":true}]}}