{"id":88290,"date":"2022-08-05T11:09:10","date_gmt":"2022-08-05T11:09:10","guid":{"rendered":"https:\/\/gazetaregionalna.com\/?p=88290"},"modified":"2022-08-05T11:09:11","modified_gmt":"2022-08-05T11:09:11","slug":"v-powiatowy-festiwal-zniwny","status":"publish","type":"post","link":"https:\/\/gazetaregionalna.com\/?p=88290","title":{"rendered":"V Powiatowy Festiwal \u017bniwny w Lubojnie. Finalista programu &#8222;MasterChef&#8221; ugotuje w kotle groch\u00f3wk\u0119"},"content":{"rendered":"\n<h2 class=\"wp-block-heading\">W sobot\u0119, 6 sierpnia w Lubojnie (gm. Mykan\u00f3w) odb\u0119dzie si\u0119 pi\u0105ta edycja Powiatowego Festiwalu \u017bniwnego. Na wydarzenie zaprasza starosta cz\u0119stochowski Krzysztof Smela.<\/h2>\n\n\n\n<p>Sobotnia impreza rozpocznie si\u0119 o godz. 15.30. Organizatorzy przewidzieli bogaty program artystyczny i kulinarny. W programie &#8211; zgodnie z nazw\u0105 festiwalu \u2013 znajd\u0105 si\u0119 pokazy \u017cniwne i wystawa maszyn.<\/p>\n\n\n\n<p>Na plenerowej scenie wyst\u0105pi ceniony Zesp\u00f3\u0142 Folklorystyczny \u201eWrzosowianie\u201d. Nie zabraknie te\u017c czego\u015b dla cia\u0142a. Ch\u0119tni b\u0119d\u0105 mogli wzi\u0105\u0107 udzia\u0142 w pokazie wypiekania chleba, podczas kt\u00f3rego samodzielnie wyrobi\u0105 i upiek\u0105 smakowity bochenek (i oczywi\u015bcie tak\u017ce go skosztuj\u0105). Du\u017cym zainteresowaniem b\u0119dzie si\u0119 cieszy\u0107 z pewno\u015bci\u0105 tak\u017ce pokaz gotowania groch\u00f3wki w kotle, kt\u00f3ry poprowadzi finalista popularnego programu \u201eMasterChef\u201d \u2013 Krzysztof Bigus.<\/p>\n\n\n\n<p>Publiczno\u015b\u0107 b\u0119dzie mog\u0142a uczestniczy\u0107 te\u017c w warsztatach r\u0119kodzie\u0142a, w ramach kt\u00f3rych wykonane zostan\u0105 ekoozdoby ze s\u0142omy. Na nud\u0119 nie b\u0119d\u0105 narzekali tak\u017ce najm\u0142odsi. Z my\u015bl\u0105 o nich przygotowano bowiem gry i zabawy, skr\u0119canie balon\u00f3w, dmucha\u0144ce, du\u017ce ba\u0144ki mydlane, a \u201ena z\u0105b\u201d \u2013 wat\u0119 cukrow\u0105 i popcorn.<\/p>\n\n\n\n<p>Na zako\u0144czenie festiwalu zaplanowano zabaw\u0119 muzyczn\u0105 z zespo\u0142em Alpex. Wst\u0119p jest wolny. Szczeg\u00f3\u0142y: <a href=\"https:\/\/www.czestochowa.powiat.pl\/\" target=\"_blank\" rel=\"noopener\">www.czestochowa.powiat.pl<\/a>.<\/p>\n\n\n\n<p><strong>ZS<\/strong><\/p>\n\n\n\n<p><a href=\"https:\/\/gazetaregionalna.com\/powiatowe-przewozy-pasazerskie\/\"><strong>Czytaj tak\u017ce: Powiatowe przewozy pasa\u017cerskie, czyli odpowied\u017a na oczekiwania mieszka\u0144c\u00f3w<\/strong><\/a><\/p>\n","protected":false},"excerpt":{"rendered":"<p>W sobot\u0119, 6 sierpnia w Lubojnie (gm. Mykan\u00f3w) odb\u0119dzie si\u0119 pi\u0105ta edycja Powiatowego Festiwalu \u017bniwnego. Na wydarzenie zaprasza starosta cz\u0119stochowski Krzysztof Smela. Sobotnia impreza<\/p>\n","protected":false},"author":18,"featured_media":88291,"comment_status":"closed","ping_status":"open","sticky":false,"template":"","format":"standard","meta":{"_monsterinsights_skip_tracking":false,"_monsterinsights_sitenote_active":false,"_monsterinsights_sitenote_note":"","_monsterinsights_sitenote_category":0,"_uf_show_specific_survey":0,"_uf_disable_surveys":false,"footnotes":""},"categories":[12,3,4,2],"tags":[649,5783,5784],"class_list":["post-88290","post","type-post","status-publish","format-standard","has-post-thumbnail","hentry","category-kultura-i-rozrywka","category-czestochowa-informacje","category-region","category-wiadomosci","tag-krzysztof-smela","tag-lubojna","tag-powiatowy-festiwal-zniwny"],"_links":{"self":[{"href":"https:\/\/gazetaregionalna.com\/index.php?rest_route=\/wp\/v2\/posts\/88290","targetHints":{"allow":["GET"]}}],"collection":[{"href":"https:\/\/gazetaregionalna.com\/index.php?rest_route=\/wp\/v2\/posts"}],"about":[{"href":"https:\/\/gazetaregionalna.com\/index.php?rest_route=\/wp\/v2\/types\/post"}],"author":[{"embeddable":true,"href":"https:\/\/gazetaregionalna.com\/index.php?rest_route=\/wp\/v2\/users\/18"}],"replies":[{"embeddable":true,"href":"https:\/\/gazetaregionalna.com\/index.php?rest_route=%2Fwp%2Fv2%2Fcomments&post=88290"}],"version-history":[{"count":2,"href":"https:\/\/gazetaregionalna.com\/index.php?rest_route=\/wp\/v2\/posts\/88290\/revisions"}],"predecessor-version":[{"id":88293,"href":"https:\/\/gazetaregionalna.com\/index.php?rest_route=\/wp\/v2\/posts\/88290\/revisions\/88293"}],"wp:featuredmedia":[{"embeddable":true,"href":"https:\/\/gazetaregionalna.com\/index.php?rest_route=\/wp\/v2\/media\/88291"}],"wp:attachment":[{"href":"https:\/\/gazetaregionalna.com\/index.php?rest_route=%2Fwp%2Fv2%2Fmedia&parent=88290"}],"wp:term":[{"taxonomy":"category","embeddable":true,"href":"https:\/\/gazetaregionalna.com\/index.php?rest_route=%2Fwp%2Fv2%2Fcategories&post=88290"},{"taxonomy":"post_tag","embeddable":true,"href":"https:\/\/gazetaregionalna.com\/index.php?rest_route=%2Fwp%2Fv2%2Ftags&post=88290"}],"curies":[{"name":"wp","href":"https:\/\/api.w.org\/{rel}","templated":true}]}}