{"id":8827,"date":"2019-12-13T07:53:54","date_gmt":"2019-12-13T07:53:54","guid":{"rendered":"https:\/\/gazetaregionalna.com\/?p=8827"},"modified":"2019-12-13T10:47:59","modified_gmt":"2019-12-13T10:47:59","slug":"kupcy-z-walow-dwernickiego-okupuja-magistrat","status":"publish","type":"post","link":"https:\/\/gazetaregionalna.com\/2019\/12\/13\/kupcy-z-walow-dwernickiego-okupuja-magistrat\/","title":{"rendered":"Kupcy z Wa\u0142\u00f3w Dwernickiego okupuj\u0105 magistrat"},"content":{"rendered":"\n<p>Trzydziestu pi\u0119ciu kupc\u00f3w z Ryneczku Wa\u0142y Dwernickiego sp\u0119dzi\u0142o dzisiejsz\u0105 noc w cz\u0119stochowskim urz\u0119dzie miasta. Dzisiaj od rana do\u0142\u0105czaj\u0105 do nich kolejni sprzedawcy z targowiska. Nie wykluczaj\u0105, \u017ce je\u015bli nie dojd\u0105 do porozumienia z miastem, pozostan\u0105 w magistracie na kolejne dni.<br>\nProtest zwi\u0105zany jest z zapowiedzianym przez w\u0142adze miejskie przetargiem na dzier\u017caw\u0119 targowiska. Pi\u0119tna\u015bcie lat temu Stowarzyszenie Kupc\u00f3w Ryneczku Wa\u0142y Dwernickiego podpisa\u0142o z \u00f3wczesnym prezydentem Tadeuszem Wron\u0105 umow\u0119 na wydzier\u017cawienie Ryneczku. W ramach umowy kupcy za pi\u0119tnastoletni\u0105 dzier\u017caw\u0119 zgodzili si\u0119 zainwestowa\u0107 w ten teren, modernizuj\u0105c targ. Teraz gdy pi\u0119tnastoletni okres dzier\u017cawy si\u0119 sko\u0144czy\u0142, miasto chce rozpisa\u0107 przetarg, kt\u00f3ry wy\u0142oni\u0142y kolejnego dzier\u017cawc\u0119. Kupcy tymczasem boj\u0105 si\u0119, \u017ce w nowym przetargu nie b\u0119d\u0105 mie\u0107 szans, a nowy dzier\u017cawca tak podniesie op\u0142aty, \u017ce strac\u0105 miejsca pracy.<\/p>\n\n\n\n<figure class=\"wp-block-image\"><img decoding=\"async\" width=\"1024\" height=\"576\" data-src=\"https:\/\/gazetaregionalna.com\/wp-content\/uploads\/2019\/12\/20191213_080440-1024x576.jpg\" alt=\"\" class=\"wp-image-8828 lazyload\" data-srcset=\"https:\/\/gazetaregionalna.com\/wp-content\/uploads\/2019\/12\/20191213_080440-1024x576.jpg 1024w, https:\/\/gazetaregionalna.com\/wp-content\/uploads\/2019\/12\/20191213_080440-300x169.jpg 300w, https:\/\/gazetaregionalna.com\/wp-content\/uploads\/2019\/12\/20191213_080440-768x432.jpg 768w, https:\/\/gazetaregionalna.com\/wp-content\/uploads\/2019\/12\/20191213_080440-696x392.jpg 696w, https:\/\/gazetaregionalna.com\/wp-content\/uploads\/2019\/12\/20191213_080440-1068x601.jpg 1068w, https:\/\/gazetaregionalna.com\/wp-content\/uploads\/2019\/12\/20191213_080440-747x420.jpg 747w, https:\/\/gazetaregionalna.com\/wp-content\/uploads\/2019\/12\/20191213_080440.jpg 1200w\" data-sizes=\"(max-width: 1024px) 100vw, 1024px\" src=\"data:image\/svg+xml;base64,PHN2ZyB3aWR0aD0iMSIgaGVpZ2h0PSIxIiB4bWxucz0iaHR0cDovL3d3dy53My5vcmcvMjAwMC9zdmciPjwvc3ZnPg==\" style=\"--smush-placeholder-width: 1024px; --smush-placeholder-aspect-ratio: 1024\/576;\" \/><\/figure>\n\n\n\n<ul class=\"wp-block-list\"><li><em>Naszym zdaniem to krzywdz\u0105ce i niesprawiedliwe<\/em> \u2014 twierdzi prezes Stowarzyszenia Kupc\u00f3w Ryneczku Wa\u0142y Dwernickiego Waldemar Ziaja. &#8211; <em>Miasto powinno wzi\u0105\u0107 pod uwag\u0119 fakt, \u017ce budowa naszego targowiska ci\u0105gn\u0119\u0142a si\u0119 ze wzgl\u0119d\u00f3w administracyjnych i uwarunkowa\u0107 terenu a\u017c sze\u015b\u0107 lat, wi\u0119c tak naprawd\u0119 z tylko pi\u0119tnastu lat handlowali\u015bmy tam zaledwie dziewi\u0119\u0107. Ma\u0142o tego, wy\u0142o\u017cyli\u015bmy na modernizacj\u0119 a\u017c 12 mln z\u0142otych. Mamy wi\u0119c prawo oczekiwa\u0107, \u017ce to nam w\u0142a\u015bnie miasto przed\u0142u\u017cy dzier\u017caw\u0119 na kolejne lata<\/em>.<br> Twierdz\u0105, \u017ce ich sytuacja jest inna ni\u017c na przyk\u0142ad handlowc\u00f3w z Promenady czy centrum &#8222;Jagiello\u0144czycy&#8221;. Waldemar Ziaja przekonuje, \u017ce tamtejsi kupcy mieli du\u017co lepsze warunki. Budowa ich targowisk-centr\u00f3w handlowych trwa\u0142a jedynie oko\u0142o roku, a oni ca\u0142y czas mogli obok terenu budowy prowadzi\u0107 handel.<\/li><li><em>My takiej mo\u017cliwo\u015bci nie mieli\u015bmy<\/em> \u2014 argumentuje prezes Ziaja.<br> Kupc\u00f3w z Ryneczku nie uspokajaj\u0105 zapewnienia miasta, \u017ce charakter tego terenu nie zmieni si\u0119 i nadal b\u0119dzie on przeznaczony do cel\u00f3w handlowych.<\/li><li><em>Przetarg, to jedna wielka niewiadoma, co przyzna\u0142 sam prezydent Matyjaszczyk<\/em> \u2014 m\u00f3wi Waldemar Ziaja. &#8211; <em>Og\u0142oszenie teraz przetargu i to w dodatku z dzier\u017caw\u0105 na dwa lata, to nier\u00f3wna gra. My ju\u017c dokonali\u015bmy tam du\u017cych nak\u0142ad\u00f3w, a teraz mo\u017ce przyj\u015b\u0107 kto\u015b bez du\u017cego kapita\u0142u, kto b\u0119dzie chcia\u0142 przez te dwa lata dzier\u017cawy jak najwi\u0119cej zarobi\u0107 i tak podniesie nam op\u0142aty, \u017ce de facto pozb\u0119dzie<\/em> si\u0119<em> nas stamt\u0105d.<\/em><br> Kupcy apeluj\u0105, aby miasto dogada\u0142o si\u0119 z nimi. Jak m\u00f3wi\u0105, w gr\u0119 wchodzi los blisko p\u00f3\u0142 tysi\u0105ca mieszka\u0144c\u00f3w Cz\u0119stochowy.<\/li><li><em>Tyle os\u00f3b \u017cyje z tego targowiska<\/em> \u2014 twierdzi Waldemar Ziaja. &#8211;<em> To nie tylko sami cz\u0142onkowie naszego stowarzyszenia, ale tak\u017ce ich pracownicy i rodziny.<\/em><br> Dzisiaj ma si\u0119 odbywa\u0107 kolejna runda rozm\u00f3w. Kupcy mimo okresu bo\u017conarodzeniowego zamierzaj\u0105 pozamyka\u0107 swoje stoiska i w jak najwi\u0119kszej liczbie przyj\u015b\u0107 do magistratu.<\/li><\/ul>\n","protected":false},"excerpt":{"rendered":"<p>Trzydziestu pi\u0119ciu kupc\u00f3w z Ryneczku Wa\u0142y Dwernickiego sp\u0119dzi\u0142o dzisiejsz\u0105 noc w cz\u0119stochowskim urz\u0119dzie miasta. Dzisiaj od rana do\u0142\u0105czaj\u0105 do nich kolejni sprzedawcy z targowiska.<\/p>\n","protected":false},"author":7,"featured_media":8829,"comment_status":"open","ping_status":"open","sticky":false,"template":"","format":"standard","meta":{"_monsterinsights_skip_tracking":false,"_monsterinsights_sitenote_active":false,"_monsterinsights_sitenote_note":"","_monsterinsights_sitenote_category":0,"_uf_show_specific_survey":0,"_uf_disable_surveys":false,"footnotes":""},"categories":[3,94,2],"tags":[],"class_list":["post-8827","post","type-post","status-publish","format-standard","has-post-thumbnail","hentry","category-czestochowa-informacje","category-polecane","category-wiadomosci"],"_links":{"self":[{"href":"https:\/\/gazetaregionalna.com\/wp-json\/wp\/v2\/posts\/8827","targetHints":{"allow":["GET"]}}],"collection":[{"href":"https:\/\/gazetaregionalna.com\/wp-json\/wp\/v2\/posts"}],"about":[{"href":"https:\/\/gazetaregionalna.com\/wp-json\/wp\/v2\/types\/post"}],"author":[{"embeddable":true,"href":"https:\/\/gazetaregionalna.com\/wp-json\/wp\/v2\/users\/7"}],"replies":[{"embeddable":true,"href":"https:\/\/gazetaregionalna.com\/wp-json\/wp\/v2\/comments?post=8827"}],"version-history":[{"count":4,"href":"https:\/\/gazetaregionalna.com\/wp-json\/wp\/v2\/posts\/8827\/revisions"}],"predecessor-version":[{"id":8835,"href":"https:\/\/gazetaregionalna.com\/wp-json\/wp\/v2\/posts\/8827\/revisions\/8835"}],"wp:featuredmedia":[{"embeddable":true,"href":"https:\/\/gazetaregionalna.com\/wp-json\/wp\/v2\/media\/8829"}],"wp:attachment":[{"href":"https:\/\/gazetaregionalna.com\/wp-json\/wp\/v2\/media?parent=8827"}],"wp:term":[{"taxonomy":"category","embeddable":true,"href":"https:\/\/gazetaregionalna.com\/wp-json\/wp\/v2\/categories?post=8827"},{"taxonomy":"post_tag","embeddable":true,"href":"https:\/\/gazetaregionalna.com\/wp-json\/wp\/v2\/tags?post=8827"}],"curies":[{"name":"wp","href":"https:\/\/api.w.org\/{rel}","templated":true}]}}