{"id":88167,"date":"2022-08-04T09:56:11","date_gmt":"2022-08-04T09:56:11","guid":{"rendered":"https:\/\/gazetaregionalna.com\/?p=88167"},"modified":"2022-08-04T10:02:38","modified_gmt":"2022-08-04T10:02:38","slug":"festiwalowa-efka-w-czestochowie","status":"publish","type":"post","link":"https:\/\/gazetaregionalna.com\/?p=88167","title":{"rendered":"W drugiej po\u0142owie sierpnia w Cz\u0119stochowie zn\u00f3w b\u0119dzie kr\u00f3lowa\u0142a festiwalowa eFKA!"},"content":{"rendered":"\n<h2 class=\"wp-block-heading\">Festiwal Kultury Alternatywnej, czyli eFKA doczeka\u0142a si\u0119 kontynuacji. Druga edycja imprezy zainicjowanej przez Fundacj\u0119 Oczami Brata przypadnie na 19 i 20 sierpnia.<\/h2>\n\n\n\n<p>eFKA, czyli <a href=\"https:\/\/www.facebook.com\/FestiwalKulturyAlternatywnej\" target=\"_blank\" rel=\"noopener\">Festiwal Kultury Alternatywnej <\/a>zadebiutowa\u0142 na kulturalnej mapie miasta w sierpniu 2021 r. Inicjatorem wydarzenia by\u0142a Fundacja Oczami Brata. Cel, kt\u00f3ry przy\u015bwieca\u0142 organizatorom, by\u0142 jasny: kulturalne o\u017cywienie i rewitalizacja Starego Miasta. St\u0105d wi\u0119kszo\u015b\u0107 wydarze\u0144 skoncentrowana by\u0142a w okolicach ul. Mielczarskiego. Adres ten wybrano nie przez przypadek: to w\u0142a\u015bnie tu od grudnia 2016 r. mie\u015bci si\u0119 Klubokawiarnia Alternatywa 21, zatrudniaj\u0105ca osoby z niepe\u0142nosprawno\u015bci\u0105 intelektualn\u0105. Niezwyk\u0142y lokal powo\u0142a\u0142a do \u017cycia fundacja Sp\u00f3\u0142dzielnia Socjalna \u201eJasne, \u017ce Alternatywa 21\u201d.<\/p>\n\n\n\n<figure class=\"wp-block-image size-large\"><img decoding=\"async\" width=\"1024\" height=\"683\" data-src=\"https:\/\/gazetaregionalna.com\/wp-content\/uploads\/2022\/08\/Fot.-Daniel-Wroblewski-5-1024x683.jpg\" alt=\"\" class=\"wp-image-88130 lazyload\" data-srcset=\"https:\/\/gazetaregionalna.com\/wp-content\/uploads\/2022\/08\/Fot.-Daniel-Wroblewski-5-1024x683.jpg 1024w, https:\/\/gazetaregionalna.com\/wp-content\/uploads\/2022\/08\/Fot.-Daniel-Wroblewski-5-300x200.jpg 300w, https:\/\/gazetaregionalna.com\/wp-content\/uploads\/2022\/08\/Fot.-Daniel-Wroblewski-5-768x512.jpg 768w, https:\/\/gazetaregionalna.com\/wp-content\/uploads\/2022\/08\/Fot.-Daniel-Wroblewski-5-1536x1024.jpg 1536w, https:\/\/gazetaregionalna.com\/wp-content\/uploads\/2022\/08\/Fot.-Daniel-Wroblewski-5-2048x1365.jpg 2048w, https:\/\/gazetaregionalna.com\/wp-content\/uploads\/2022\/08\/Fot.-Daniel-Wroblewski-5-696x464.jpg 696w, https:\/\/gazetaregionalna.com\/wp-content\/uploads\/2022\/08\/Fot.-Daniel-Wroblewski-5-1068x712.jpg 1068w, https:\/\/gazetaregionalna.com\/wp-content\/uploads\/2022\/08\/Fot.-Daniel-Wroblewski-5-1920x1280.jpg 1920w, https:\/\/gazetaregionalna.com\/wp-content\/uploads\/2022\/08\/Fot.-Daniel-Wroblewski-5-630x420.jpg 630w, https:\/\/gazetaregionalna.com\/wp-content\/uploads\/2022\/08\/Fot.-Daniel-Wroblewski-5-scaled.jpg 1600w\" data-sizes=\"(max-width: 1024px) 100vw, 1024px\" src=\"data:image\/svg+xml;base64,PHN2ZyB3aWR0aD0iMSIgaGVpZ2h0PSIxIiB4bWxucz0iaHR0cDovL3d3dy53My5vcmcvMjAwMC9zdmciPjwvc3ZnPg==\" style=\"--smush-placeholder-width: 1024px; --smush-placeholder-aspect-ratio: 1024\/683;\" \/><figcaption>I Festiwal Kultury Alternatywnej eFKA w Cz\u0119stochowie (fot. Daniel Wr\u00f3blewski\/ Fundacja Oczami Brata)<\/figcaption><\/figure>\n\n\n\n<p>Fundacj\u0119, Alternatyw\u0119 21 i sam Festiwal \u0142\u0105czy ch\u0119\u0107 \u0142amania stereotyp\u00f3w. Wsp\u00f3lnie walcz\u0105 wi\u0119c ze z\u0142\u0105 legend\u0105, kt\u00f3rej \u201edorobi\u0142a\u201d si\u0119 dawniej ulica Mielczarskiego (zwana nawet \u201eulic\u0105 cud\u00f3w\u201d). Dzi\u015b, dzi\u0119ki tym po\u0142\u0105czonym si\u0142om, ta cz\u0119\u015b\u0107 miasta budzi coraz wi\u0119cej przyjaznych skojarze\u0144.<\/p>\n\n\n\n<h4 class=\"wp-block-heading\">Pozytywne opinie<\/h4>\n\n\n\n<p>eFKA 2021 zapewni\u0142a mieszka\u0144com miasta i regionu trzy dni atrakcji, udzia\u0142 150 artyst\u00f3w oraz zaanga\u017cowanie 60 wolontariuszy. Frekwencja dopisa\u0142a, opinie by\u0142y pozytywne, a zar\u00f3wno mieszka\u0144cy Starego Miasta, jak i go\u015bcie, podkre\u015blali, \u017ce potrzeba organizacji wydarzenia tego typu istnia\u0142a od dawna. Taki w\u0142a\u015bnie odbi\u00f3r sprawi\u0142, \u017ce wydarzenie doczeka\u0142o si\u0119 kontynuacji.<\/p>\n\n\n\n<figure class=\"wp-block-image size-large\"><img decoding=\"async\" width=\"1024\" height=\"683\" data-src=\"https:\/\/gazetaregionalna.com\/wp-content\/uploads\/2022\/08\/Fot.-Daniel-Wroblewski-1-1024x683.jpg\" alt=\"\" class=\"wp-image-88126 lazyload\" data-srcset=\"https:\/\/gazetaregionalna.com\/wp-content\/uploads\/2022\/08\/Fot.-Daniel-Wroblewski-1-1024x683.jpg 1024w, https:\/\/gazetaregionalna.com\/wp-content\/uploads\/2022\/08\/Fot.-Daniel-Wroblewski-1-300x200.jpg 300w, https:\/\/gazetaregionalna.com\/wp-content\/uploads\/2022\/08\/Fot.-Daniel-Wroblewski-1-768x512.jpg 768w, https:\/\/gazetaregionalna.com\/wp-content\/uploads\/2022\/08\/Fot.-Daniel-Wroblewski-1-1536x1024.jpg 1536w, https:\/\/gazetaregionalna.com\/wp-content\/uploads\/2022\/08\/Fot.-Daniel-Wroblewski-1-2048x1365.jpg 2048w, https:\/\/gazetaregionalna.com\/wp-content\/uploads\/2022\/08\/Fot.-Daniel-Wroblewski-1-696x464.jpg 696w, https:\/\/gazetaregionalna.com\/wp-content\/uploads\/2022\/08\/Fot.-Daniel-Wroblewski-1-1068x712.jpg 1068w, https:\/\/gazetaregionalna.com\/wp-content\/uploads\/2022\/08\/Fot.-Daniel-Wroblewski-1-1920x1280.jpg 1920w, https:\/\/gazetaregionalna.com\/wp-content\/uploads\/2022\/08\/Fot.-Daniel-Wroblewski-1-630x420.jpg 630w, https:\/\/gazetaregionalna.com\/wp-content\/uploads\/2022\/08\/Fot.-Daniel-Wroblewski-1-scaled.jpg 1600w\" data-sizes=\"(max-width: 1024px) 100vw, 1024px\" src=\"data:image\/svg+xml;base64,PHN2ZyB3aWR0aD0iMSIgaGVpZ2h0PSIxIiB4bWxucz0iaHR0cDovL3d3dy53My5vcmcvMjAwMC9zdmciPjwvc3ZnPg==\" style=\"--smush-placeholder-width: 1024px; --smush-placeholder-aspect-ratio: 1024\/683;\" \/><figcaption>I Festiwal Kultury Alternatywnej eFKA w Cz\u0119stochowie (fot. Daniel Wr\u00f3blewski\/ Fundacja Oczami Brata)<\/figcaption><\/figure>\n\n\n\n<p>Druga w historii eFKA odb\u0119dzie si\u0119 19 i 20 sierpnia. Towarzyszy\u0107 jej b\u0119dzie has\u0142o \u201eRelacje\u201d. W klimat festiwalu wprowadz\u0105 cz\u0119stochowian wydarzenia towarzysz\u0105ce, kt\u00f3re przewidziano ju\u017c od 16 sierpnia. Co najwa\u017cniejsze: wst\u0119p na wszystkie festiwalowe propozycje jest darmowy. Wydarzenie dofinansowano ze \u015brodk\u00f3w Ministra Kultury i Dziedzictwa Narodowego pochodz\u0105cych z Funduszu Promocji Kultury, a za organizacj\u0119 odpowiadaj\u0105 Fundacja Oczami Brata, Sp\u00f3\u0142dzielnia Socjalna \u201eJasne, \u017ce Alternatywa 21\u201d, Fundacja Teatr Nowy w Cz\u0119stochowie oraz Partnerstwo na Rzecz Aktywno\u015bci Lokalnej \u201eStare Miasto \u2013 Nowe \u017bycie.<\/p>\n\n\n\n<h4 class=\"wp-block-heading\">Tytu\u0142owe \u201eRelacje\u201d<\/h4>\n\n\n\n<p>-W tym roku stawiamy przede wszystkim na tytu\u0142owe \u201eRelacje\u201d. Pod takim has\u0142em odb\u0119dzie si\u0119 bowiem druga edycja Festiwalu Kultury Alternatywnej. Zale\u017cy nam na tym, \u017ceby ka\u017cdy punkt programu \u2013 od spektakli, po plener malarski czy koncerty, wpisywa\u0142 si\u0119 w ten motyw przewodni. Dotyczy\u0142 tego, jak zwracamy si\u0119 do siebie nawzajem, opowiadamy o innych, jaki mamy szacunek do siebie samego czy os\u00f3b wok\u00f3\u0142 nas. St\u0105d jest tak wiele partner\u00f3w i os\u00f3b zaanga\u017cowanych w organizacj\u0119. Pragniemy, \u017ceby eFKA \u0142\u0105czy\u0142a. By\u0142a owocem wsp\u00f3\u0142dzia\u0142ania, wsp\u00f3lnych ch\u0119ci i w\u0142a\u015bnie tych relacji. To pozwoli jej na d\u0142ugo zakorzeni\u0107 si\u0119 w Cz\u0119stochowie \u2013 zaznacza Pawe\u0142 Bilski, dyrektor artystyczny festiwalu.<\/p>\n\n\n\n<figure class=\"wp-block-image size-large\"><img decoding=\"async\" width=\"683\" height=\"1024\" data-src=\"https:\/\/gazetaregionalna.com\/wp-content\/uploads\/2022\/08\/Fot.-Daniel-Wroblewski-8-683x1024.jpg\" alt=\"\" class=\"wp-image-88132 lazyload\" data-srcset=\"https:\/\/gazetaregionalna.com\/wp-content\/uploads\/2022\/08\/Fot.-Daniel-Wroblewski-8-683x1024.jpg 683w, https:\/\/gazetaregionalna.com\/wp-content\/uploads\/2022\/08\/Fot.-Daniel-Wroblewski-8-200x300.jpg 200w, https:\/\/gazetaregionalna.com\/wp-content\/uploads\/2022\/08\/Fot.-Daniel-Wroblewski-8-768x1152.jpg 768w, https:\/\/gazetaregionalna.com\/wp-content\/uploads\/2022\/08\/Fot.-Daniel-Wroblewski-8-1024x1536.jpg 1024w, https:\/\/gazetaregionalna.com\/wp-content\/uploads\/2022\/08\/Fot.-Daniel-Wroblewski-8-1365x2048.jpg 1365w, https:\/\/gazetaregionalna.com\/wp-content\/uploads\/2022\/08\/Fot.-Daniel-Wroblewski-8-696x1044.jpg 696w, https:\/\/gazetaregionalna.com\/wp-content\/uploads\/2022\/08\/Fot.-Daniel-Wroblewski-8-1068x1602.jpg 1068w, https:\/\/gazetaregionalna.com\/wp-content\/uploads\/2022\/08\/Fot.-Daniel-Wroblewski-8-1920x2880.jpg 1920w, https:\/\/gazetaregionalna.com\/wp-content\/uploads\/2022\/08\/Fot.-Daniel-Wroblewski-8-280x420.jpg 280w, https:\/\/gazetaregionalna.com\/wp-content\/uploads\/2022\/08\/Fot.-Daniel-Wroblewski-8-scaled.jpg 1067w\" data-sizes=\"(max-width: 683px) 100vw, 683px\" src=\"data:image\/svg+xml;base64,PHN2ZyB3aWR0aD0iMSIgaGVpZ2h0PSIxIiB4bWxucz0iaHR0cDovL3d3dy53My5vcmcvMjAwMC9zdmciPjwvc3ZnPg==\" style=\"--smush-placeholder-width: 683px; --smush-placeholder-aspect-ratio: 683\/1024;\" \/><figcaption>I Festiwal Kultury Alternatywnej eFKA w Cz\u0119stochowie (fot. Daniel Wr\u00f3blewski\/ Fundacja Oczami Brata)<\/figcaption><\/figure>\n\n\n\n<h4 class=\"wp-block-heading\">19 i 20 sierpnia<\/h4>\n\n\n\n<p>Imprez\u0119 zainauguruje parada, kt\u00f3ra o godz. 16 wyruszy z pl. Biega\u0144skiego, by dotrze\u0107 na ul. Mielczarskiego. Pierwszego dnia Festiwalu nie zabraknie r\u00f3wnie\u017c dobrej muzyki. Na scenie pojawi\u0105 si\u0119 kolejno Jan Samo\u0142yk, Agata Po\u015bnik i Marta Burdynowicz. Dawk\u0119 teatralnych wra\u017ce\u0144 dostarcz\u0105 za\u015b spektakle \u201eApokalipsa Covidowa\u201d i \u201ePowarkiwania Drogi Mlecznej\u201d, czyli najnowsze produkcje Fundacji Teatr Nowy w Cz\u0119stochowie.<\/p>\n\n\n\n<p>W programie soboty znajd\u0105 si\u0119 za\u015b m.in. koncerty projektu Honzatko Rozmontowana i zespo\u0142u Mikromusic. Teatralne emocje zapewni\u0105 przedstawienia \u201eRakotw\u00f3rczo\u015b\u0107\u201d i \u201eKsi\u0119\u017cycowa Droga\u201d. W\u015br\u00f3d festiwalowych propozycji znajd\u0105 si\u0119 r\u00f3wnie\u017c np. spotkanie z uczestniczk\u0105 programu \u201eDown the Road\u201d Dominik\u0105 Kasi\u0144sk\u0105, \u201eSpacer alternatywny\u201d i pokaz fireshow.<\/p>\n\n\n\n<figure class=\"wp-block-gallery columns-2 is-cropped wp-block-gallery-1 is-layout-flex wp-block-gallery-is-layout-flex\"><ul class=\"blocks-gallery-grid\"><li class=\"blocks-gallery-item\"><figure><a href=\"https:\/\/gazetaregionalna.com\/wp-content\/uploads\/2022\/08\/295877887_207856664907033_6625125424389610783_n.png\"><img decoding=\"async\" width=\"1024\" height=\"1024\" data-src=\"https:\/\/gazetaregionalna.com\/wp-content\/uploads\/2022\/08\/295877887_207856664907033_6625125424389610783_n-1024x1024.png\" alt=\"\" data-id=\"88171\" data-full-url=\"https:\/\/gazetaregionalna.com\/wp-content\/uploads\/2022\/08\/295877887_207856664907033_6625125424389610783_n.png\" data-link=\"https:\/\/gazetaregionalna.com\/?attachment_id=88171\" class=\"wp-image-88171 lazyload\" data-srcset=\"https:\/\/gazetaregionalna.com\/wp-content\/uploads\/2022\/08\/295877887_207856664907033_6625125424389610783_n-1024x1024.png 1024w, https:\/\/gazetaregionalna.com\/wp-content\/uploads\/2022\/08\/295877887_207856664907033_6625125424389610783_n-300x300.png 300w, https:\/\/gazetaregionalna.com\/wp-content\/uploads\/2022\/08\/295877887_207856664907033_6625125424389610783_n-150x150.png 150w, https:\/\/gazetaregionalna.com\/wp-content\/uploads\/2022\/08\/295877887_207856664907033_6625125424389610783_n-768x768.png 768w, https:\/\/gazetaregionalna.com\/wp-content\/uploads\/2022\/08\/295877887_207856664907033_6625125424389610783_n-696x696.png 696w, https:\/\/gazetaregionalna.com\/wp-content\/uploads\/2022\/08\/295877887_207856664907033_6625125424389610783_n-1068x1068.png 1068w, https:\/\/gazetaregionalna.com\/wp-content\/uploads\/2022\/08\/295877887_207856664907033_6625125424389610783_n-420x420.png 420w, https:\/\/gazetaregionalna.com\/wp-content\/uploads\/2022\/08\/295877887_207856664907033_6625125424389610783_n.png 1181w\" data-sizes=\"(max-width: 1024px) 100vw, 1024px\" src=\"data:image\/svg+xml;base64,PHN2ZyB3aWR0aD0iMSIgaGVpZ2h0PSIxIiB4bWxucz0iaHR0cDovL3d3dy53My5vcmcvMjAwMC9zdmciPjwvc3ZnPg==\" style=\"--smush-placeholder-width: 1024px; --smush-placeholder-aspect-ratio: 1024\/1024;\" \/><\/a><\/figure><\/li><li class=\"blocks-gallery-item\"><figure><a href=\"https:\/\/gazetaregionalna.com\/wp-content\/uploads\/2022\/08\/296045563_207856804907019_5292297219926671459_n.png\"><img decoding=\"async\" width=\"1024\" height=\"1024\" data-src=\"https:\/\/gazetaregionalna.com\/wp-content\/uploads\/2022\/08\/296045563_207856804907019_5292297219926671459_n-1024x1024.png\" alt=\"\" data-id=\"88172\" data-full-url=\"https:\/\/gazetaregionalna.com\/wp-content\/uploads\/2022\/08\/296045563_207856804907019_5292297219926671459_n.png\" data-link=\"https:\/\/gazetaregionalna.com\/?attachment_id=88172\" class=\"wp-image-88172 lazyload\" data-srcset=\"https:\/\/gazetaregionalna.com\/wp-content\/uploads\/2022\/08\/296045563_207856804907019_5292297219926671459_n-1024x1024.png 1024w, https:\/\/gazetaregionalna.com\/wp-content\/uploads\/2022\/08\/296045563_207856804907019_5292297219926671459_n-300x300.png 300w, https:\/\/gazetaregionalna.com\/wp-content\/uploads\/2022\/08\/296045563_207856804907019_5292297219926671459_n-150x150.png 150w, https:\/\/gazetaregionalna.com\/wp-content\/uploads\/2022\/08\/296045563_207856804907019_5292297219926671459_n-768x768.png 768w, https:\/\/gazetaregionalna.com\/wp-content\/uploads\/2022\/08\/296045563_207856804907019_5292297219926671459_n-696x696.png 696w, https:\/\/gazetaregionalna.com\/wp-content\/uploads\/2022\/08\/296045563_207856804907019_5292297219926671459_n-1068x1068.png 1068w, https:\/\/gazetaregionalna.com\/wp-content\/uploads\/2022\/08\/296045563_207856804907019_5292297219926671459_n-420x420.png 420w, https:\/\/gazetaregionalna.com\/wp-content\/uploads\/2022\/08\/296045563_207856804907019_5292297219926671459_n.png 1181w\" data-sizes=\"(max-width: 1024px) 100vw, 1024px\" src=\"data:image\/svg+xml;base64,PHN2ZyB3aWR0aD0iMSIgaGVpZ2h0PSIxIiB4bWxucz0iaHR0cDovL3d3dy53My5vcmcvMjAwMC9zdmciPjwvc3ZnPg==\" style=\"--smush-placeholder-width: 1024px; --smush-placeholder-aspect-ratio: 1024\/1024;\" \/><\/a><\/figure><\/li><\/ul><\/figure>\n\n\n\n<p><strong><em>Wi\u0119cej o Festiwalu Kultury Alternatywnej b\u0119dzie mo\u017cna przeczyta\u0107 w nast\u0119pnym wydaniu \u201eGazety Regionalnej\u201d, kt\u00f3re uka\u017ce si\u0119 12 sierpnia. W nim znajdziecie dodatek festiwalowy ze szczeg\u00f3\u0142owym programem imprezy.<\/em><\/strong><\/p>\n\n\n\n<p><strong>Zuzanna Suliga<\/strong><\/p>\n","protected":false},"excerpt":{"rendered":"<p>Festiwal Kultury Alternatywnej, czyli eFKA doczeka\u0142a si\u0119 kontynuacji. Druga edycja imprezy zainicjowanej przez Fundacj\u0119 Oczami Brata przypadnie na 19 i 20 sierpnia. eFKA, czyli<\/p>\n","protected":false},"author":18,"featured_media":88134,"comment_status":"closed","ping_status":"open","sticky":false,"template":"","format":"standard","meta":{"_monsterinsights_skip_tracking":false,"_monsterinsights_sitenote_active":false,"_monsterinsights_sitenote_note":"","_monsterinsights_sitenote_category":0,"_uf_show_specific_survey":0,"_uf_disable_surveys":false,"footnotes":""},"categories":[12,3,94,2],"tags":[2282,1606,2091,2591],"class_list":["post-88167","post","type-post","status-publish","format-standard","has-post-thumbnail","hentry","category-kultura-i-rozrywka","category-czestochowa-informacje","category-polecane","category-wiadomosci","tag-festiwal-kultury-alternatywnej-efka","tag-fundacja-oczami-brata","tag-pawel-bilski","tag-teatr-nowy-w-czestochowie"],"_links":{"self":[{"href":"https:\/\/gazetaregionalna.com\/index.php?rest_route=\/wp\/v2\/posts\/88167","targetHints":{"allow":["GET"]}}],"collection":[{"href":"https:\/\/gazetaregionalna.com\/index.php?rest_route=\/wp\/v2\/posts"}],"about":[{"href":"https:\/\/gazetaregionalna.com\/index.php?rest_route=\/wp\/v2\/types\/post"}],"author":[{"embeddable":true,"href":"https:\/\/gazetaregionalna.com\/index.php?rest_route=\/wp\/v2\/users\/18"}],"replies":[{"embeddable":true,"href":"https:\/\/gazetaregionalna.com\/index.php?rest_route=%2Fwp%2Fv2%2Fcomments&post=88167"}],"version-history":[{"count":7,"href":"https:\/\/gazetaregionalna.com\/index.php?rest_route=\/wp\/v2\/posts\/88167\/revisions"}],"predecessor-version":[{"id":88231,"href":"https:\/\/gazetaregionalna.com\/index.php?rest_route=\/wp\/v2\/posts\/88167\/revisions\/88231"}],"wp:featuredmedia":[{"embeddable":true,"href":"https:\/\/gazetaregionalna.com\/index.php?rest_route=\/wp\/v2\/media\/88134"}],"wp:attachment":[{"href":"https:\/\/gazetaregionalna.com\/index.php?rest_route=%2Fwp%2Fv2%2Fmedia&parent=88167"}],"wp:term":[{"taxonomy":"category","embeddable":true,"href":"https:\/\/gazetaregionalna.com\/index.php?rest_route=%2Fwp%2Fv2%2Fcategories&post=88167"},{"taxonomy":"post_tag","embeddable":true,"href":"https:\/\/gazetaregionalna.com\/index.php?rest_route=%2Fwp%2Fv2%2Ftags&post=88167"}],"curies":[{"name":"wp","href":"https:\/\/api.w.org\/{rel}","templated":true}]}}