{"id":88161,"date":"2022-08-04T08:54:03","date_gmt":"2022-08-04T08:54:03","guid":{"rendered":"https:\/\/gazetaregionalna.com\/?p=88161"},"modified":"2022-08-04T08:54:05","modified_gmt":"2022-08-04T08:54:05","slug":"myszkow-pani-helena-jaszczynska-obchodzila-setne-urodziny","status":"publish","type":"post","link":"https:\/\/gazetaregionalna.com\/?p=88161","title":{"rendered":"Myszk\u00f3w &#8211; Pani Helena Jaszczy\u0144ska obchodzi\u0142a setne urodziny"},"content":{"rendered":"\n<h2 class=\"wp-block-heading\">Pani Helena Jaszczy\u0144ska urodzi\u0142a si\u0119 w Mzykach i obchodzi\u0142a 3 sierpnia setne urodziny.<\/h2>\n\n\n\n<p>Z <strong>wizyt\u0105 do Jubilatki udali si\u0119 mi\u0119dzy innymi:<\/strong> Jacek \u015al\u0119czka \u2013 Burmistrz Gminy i Miasta Kozieg\u0142owy, Agnieszka K\u0142ys \u2013 dyrektor Miejsko-Gminnego O\u015brodka Pomocy Spo\u0142ecznej w Kozieg\u0142owach oraz Bo\u017cena Konopka \u2013 so\u0142tys Mzyk\u00f3w.<\/p>\n\n\n\n<p>Obecnie <strong>Pani Helena mieszka w domu swej synowej w Wo\u017anikach<\/strong>. 3 sierpnia panowa\u0142 w nim wielki gwar. Zjechali si\u0119 do niej wnukowie i prawnukowie. Nie zabrak\u0142o r\u00f3wnie\u017c przedstawicieli w\u0142adz samorz\u0105dowych Gminy Wo\u017aniki, reprezentowanych przez Beat\u0119 Bacior \u2013 zast\u0119pc\u0119 Burmistrza. Pani Helena nie kry\u0142a wzruszenia, \u017cycz\u0105c wszystkim wiele zdrowia.<\/p>\n\n\n\n<p><strong>Burmistrz Jacek \u015al\u0119czka przekaza\u0142 jubilatce list gratulacyjny od Premiera RP Mateusza Morawieckiego, kwiaty, okoliczno\u015bciowy prezent a tak\u017ce \u017cyczenia wielu kolejnych lat \u017cycia w zdrowiu w otoczeniu kochaj\u0105cej rodziny<\/strong>.<\/p>\n\n\n\n<figure class=\"wp-block-image size-large\"><img decoding=\"async\" width=\"1000\" height=\"668\" data-src=\"https:\/\/gazetaregionalna.com\/wp-content\/uploads\/2022\/08\/2-5.jpg\" alt=\"\" class=\"wp-image-88162 lazyload\" data-srcset=\"https:\/\/gazetaregionalna.com\/wp-content\/uploads\/2022\/08\/2-5.jpg 1000w, https:\/\/gazetaregionalna.com\/wp-content\/uploads\/2022\/08\/2-5-300x200.jpg 300w, https:\/\/gazetaregionalna.com\/wp-content\/uploads\/2022\/08\/2-5-768x513.jpg 768w, https:\/\/gazetaregionalna.com\/wp-content\/uploads\/2022\/08\/2-5-696x465.jpg 696w, https:\/\/gazetaregionalna.com\/wp-content\/uploads\/2022\/08\/2-5-629x420.jpg 629w\" data-sizes=\"(max-width: 1000px) 100vw, 1000px\" src=\"data:image\/svg+xml;base64,PHN2ZyB3aWR0aD0iMSIgaGVpZ2h0PSIxIiB4bWxucz0iaHR0cDovL3d3dy53My5vcmcvMjAwMC9zdmciPjwvc3ZnPg==\" style=\"--smush-placeholder-width: 1000px; --smush-placeholder-aspect-ratio: 1000\/668;\" \/><figcaption>fot. UG w Kozieg\u0142owach<\/figcaption><\/figure>\n\n\n\n<p>Pani Helena Jaszczy\u0144ska z domu Pilchowiec przez wiele lat mieszka\u0142a w Mzykach razem z siedmiorgiem si\u00f3str i braci. W <strong>1937<\/strong> r. uko\u0144czy\u0142a Szko\u0142\u0119 Podstawow\u0105 w Gniazdowie. W czasie II wojny \u015bwiatowej zosta\u0142a wywieziona na roboty do Niemiec. Po wojnie wr\u00f3ci\u0142a do Mzyk\u00f3w, gdzie wysz\u0142a za m\u0105\u017c za Czes\u0142awa Jaszczy\u0144skiego. P\u00f3\u017aniej przysz\u0142y na \u015bwiat dzieci \u2013 c\u00f3rki Teresa i Alina oraz syn J\u00f3zef. W <strong>1986<\/strong> r. zosta\u0142a wdow\u0105. W <strong>2009<\/strong> r. przeprowadzi\u0142a si\u0119 do c\u00f3rki w Rybniku, a po jej \u015bmierci, do syna w Wo\u017anikach. Obecnie opiekuje si\u0119 ni\u0105 synowa, syn ani druga c\u00f3rka ju\u017c niestety nie \u017cyj\u0105. <strong>Pani Helena doczeka\u0142a si\u0119 8 wnuk\u00f3w i 6 prawnuk\u00f3w<\/strong>.<\/p>\n\n\n\n<p><strong>K KIK <\/strong><\/p>\n","protected":false},"excerpt":{"rendered":"<p>Pani Helena Jaszczy\u0144ska urodzi\u0142a si\u0119 w Mzykach i obchodzi\u0142a 3 sierpnia setne urodziny. Z wizyt\u0105 do Jubilatki udali si\u0119 mi\u0119dzy innymi: Jacek \u015al\u0119czka \u2013<\/p>\n","protected":false},"author":21,"featured_media":88163,"comment_status":"closed","ping_status":"open","sticky":false,"template":"","format":"standard","meta":{"_monsterinsights_skip_tracking":false,"_monsterinsights_sitenote_active":false,"_monsterinsights_sitenote_note":"","_monsterinsights_sitenote_category":0,"_uf_show_specific_survey":0,"_uf_disable_surveys":false,"footnotes":""},"categories":[2,26,4],"tags":[788,171,5773,5774],"class_list":["post-88161","post","type-post","status-publish","format-standard","has-post-thumbnail","hentry","category-wiadomosci","category-myszkow","category-region","tag-gmina-kozieglowy","tag-myszkow","tag-pani-helena","tag-setne-urodziny"],"_links":{"self":[{"href":"https:\/\/gazetaregionalna.com\/index.php?rest_route=\/wp\/v2\/posts\/88161","targetHints":{"allow":["GET"]}}],"collection":[{"href":"https:\/\/gazetaregionalna.com\/index.php?rest_route=\/wp\/v2\/posts"}],"about":[{"href":"https:\/\/gazetaregionalna.com\/index.php?rest_route=\/wp\/v2\/types\/post"}],"author":[{"embeddable":true,"href":"https:\/\/gazetaregionalna.com\/index.php?rest_route=\/wp\/v2\/users\/21"}],"replies":[{"embeddable":true,"href":"https:\/\/gazetaregionalna.com\/index.php?rest_route=%2Fwp%2Fv2%2Fcomments&post=88161"}],"version-history":[{"count":1,"href":"https:\/\/gazetaregionalna.com\/index.php?rest_route=\/wp\/v2\/posts\/88161\/revisions"}],"predecessor-version":[{"id":88164,"href":"https:\/\/gazetaregionalna.com\/index.php?rest_route=\/wp\/v2\/posts\/88161\/revisions\/88164"}],"wp:featuredmedia":[{"embeddable":true,"href":"https:\/\/gazetaregionalna.com\/index.php?rest_route=\/wp\/v2\/media\/88163"}],"wp:attachment":[{"href":"https:\/\/gazetaregionalna.com\/index.php?rest_route=%2Fwp%2Fv2%2Fmedia&parent=88161"}],"wp:term":[{"taxonomy":"category","embeddable":true,"href":"https:\/\/gazetaregionalna.com\/index.php?rest_route=%2Fwp%2Fv2%2Fcategories&post=88161"},{"taxonomy":"post_tag","embeddable":true,"href":"https:\/\/gazetaregionalna.com\/index.php?rest_route=%2Fwp%2Fv2%2Ftags&post=88161"}],"curies":[{"name":"wp","href":"https:\/\/api.w.org\/{rel}","templated":true}]}}