{"id":8816,"date":"2019-12-12T11:59:59","date_gmt":"2019-12-12T11:59:59","guid":{"rendered":"https:\/\/gazetaregionalna.com\/?p=8816"},"modified":"2019-12-12T12:00:02","modified_gmt":"2019-12-12T12:00:02","slug":"na-poczatek-pojedziemy-z-grudziadzem","status":"publish","type":"post","link":"https:\/\/gazetaregionalna.com\/?p=8816","title":{"rendered":"Na pocz\u0105tek pojedziemy z Grudzi\u0105dzem"},"content":{"rendered":"\n<p> Opublikowano\u00a0terminarz PGE Ekstraligi na sezon 2020. Wiadomo ju\u017c, \u017ce  pierwsze spotkanie w nowym sezonie bia\u0142o-zielona ekipa rozegra w pi\u0105tek \u2013\u00a03 kwietnia. Tego dnia do Cz\u0119stochowy  zawita  zesp\u00f3\u0142\u00a0MRGARDEN GKM-u Grudzi\u0105dz. W drugiej kolejce, kt\u00f3ra odb\u0119dzie si\u0119 w niedziel\u0119 wielkanocn\u0105, Lwy udadz\u0105 si\u0119 na mecz wyjazdowy do\u00a0Zielonej G\u00f3ry.<\/p>\n\n\n\n<p>\n<strong>Oto\nt<\/strong><strong>erminarz\nrundy zasadniczej PGE Ekstraligi 2020:<\/strong><br>\n<strong>Runda\n1<\/strong><br>\npi\u0105tek,\n3 kwietnia<br>\nWroc\u0142aw \u2013 Lublin<br>\n<strong>Cz\u0119stochowa\n\u2013 Grudzi\u0105dz<\/strong><\/p>\n\n\n\n<p>\nniedziela,\n5 kwietnia<br>\nGorz\u00f3w \u2013 Leszno<br>\nRybnik \u2013 Zielona G\u00f3ra<\/p>\n\n\n\n<p>\n<strong>Runda\n2<\/strong><br>\nsobota,\n11 kwietnia<br>\nLeszno \u2013 Wroc\u0142aw<br>\nGrudzi\u0105dz \u2013 Rybnik<\/p>\n\n\n\n<p>\nniedziela,\n12 kwietnia<br>\n<strong>Zielona\nG\u00f3ra \u2013 Cz\u0119stochowa<\/strong><br>\nLublin\n\u2013 Gorz\u00f3w<\/p>\n\n\n\n<p>\n<strong>Runda\n3<\/strong><br>\npi\u0105tek,\n17 kwietnia<br>\nLeszno \u2013 Lublin<br>\nZielona G\u00f3ra \u2013 Grudzi\u0105dz<\/p>\n\n\n\n<p>\nniedziela,\n19 kwietnia<br>\nRybnik \u2013 Gorz\u00f3w<br>\n<strong>Cz\u0119stochowa\n\u2013 Wroc\u0142aw<\/strong><\/p>\n\n\n\n<p>\n<strong>Runda\n4<\/strong><br>\npi\u0105tek,\n1 maja<br>\n<strong>Gorz\u00f3w\n\u2013 Cz\u0119stochowa<\/strong><br>\nLublin\n\u2013 Rybnik<\/p>\n\n\n\n<p>\nniedziela,\n3 maja<br>\nWroc\u0142aw \u2013 Zielona G\u00f3ra<br>\nGrudzi\u0105dz \u2013 Leszno<\/p>\n\n\n\n<p>\n<strong>Runda\n5<\/strong><br>\npi\u0105tek,\n22 maja<br>\nWroc\u0142aw \u2013 Grudzi\u0105dz<br>\nRybnik \u2013 Leszno<\/p>\n\n\n\n<p>\nniedziela,\n24 maja<br>\nZielona G\u00f3ra \u2013 Gorz\u00f3w<br>\n<strong>Cz\u0119stochowa\n\u2013 Lublin<\/strong><\/p>\n\n\n\n<p>\n<strong>Runda\n6<\/strong><br>\npi\u0105tek,\n29 maja<br>\n<strong>Rybnik\n\u2013 Cz\u0119stochowa<\/strong><br>\nLublin\n\u2013 Grudzi\u0105dz<\/p>\n\n\n\n<p>\nniedziela,\n31 maja<br>\nLeszno \u2013 Zielona G\u00f3ra<br>\nGorz\u00f3w \u2013 Wroc\u0142aw<\/p>\n\n\n\n<p>\n<strong>Runda\n7<\/strong><br>\npi\u0105tek,\n5 czerwca<br>\nWroc\u0142aw \u2013 Rybnik<br>\nZielona G\u00f3ra \u2013 Lublin<\/p>\n\n\n\n<p>\nniedziela,\n7 czerwca<br>\nGrudzi\u0105dz \u2013 Gorz\u00f3w<br>\n<strong>Cz\u0119stochowa\n\u2013 Leszno<\/strong><\/p>\n\n\n\n<p>\n<strong>Runda\n8<\/strong><br>\npi\u0105tek,\n19 czerwca<br>\nLeszno \u2013 Gorz\u00f3w<br>\nZielona G\u00f3ra \u2013 Rybnik<\/p>\n\n\n\n<p>\nniedziela,\n21 czerwca<br>\n<strong>Grudzi\u0105dz\n\u2013 Cz\u0119stochowa<\/strong><br>\nLublin\n\u2013 Wroc\u0142aw<\/p>\n\n\n\n<p>\n<strong>Runda\n9<\/strong><br>\npi\u0105tek,\n26 czerwca<br>\nRybnik \u2013 Grudzi\u0105dz<br>\n<strong>Cz\u0119stochowa\n\u2013 Zielona G\u00f3ra<\/strong><\/p>\n\n\n\n<p>\nniedziela,\n28 czerwca<br>\nWroc\u0142aw \u2013 Leszno<br>\nGorz\u00f3w \u2013 Lublin<\/p>\n\n\n\n<p>\n<strong>Runda\n10<\/strong><br>\npi\u0105tek,\n3 lipca<br>\nGorz\u00f3w \u2013 Rybnik<br>\nLublin \u2013 Leszno<\/p>\n\n\n\n<p>\nniedziela,\n5 lipca<br>\n<strong>Wroc\u0142aw\n\u2013 Cz\u0119stochowa<\/strong><br>\nGrudzi\u0105dz\n\u2013 Zielona G\u00f3ra<\/p>\n\n\n\n<p>\n<strong>Runda\n11<\/strong><br>\npi\u0105tek,\n10 lipca<br>\nLeszno \u2013 Grudzi\u0105dz<br>\n<strong>Cz\u0119stochowa\n\u2013 Gorz\u00f3w<\/strong><\/p>\n\n\n\n<p>\nniedziela,\n12 lipca<br>\nZielona G\u00f3ra \u2013 Wroc\u0142aw<br>\nRybnik \u2013 Lublin<\/p>\n\n\n\n<p>\n<strong>Runda\n12<\/strong><br>\npi\u0105tek,\n31 lipca<br>\nLeszno \u2013 Rybnik<br>\n<strong>Lublin\n\u2013 Cz\u0119stochowa<\/strong><\/p>\n\n\n\n<p>\nniedziela,\n2 sierpnia<br>\nGorz\u00f3w \u2013 Zielona G\u00f3ra<br>\nGrudzi\u0105dz \u2013 Wroc\u0142aw<\/p>\n\n\n\n<p>\n<strong>Runda\n13<\/strong><br>\npi\u0105tek,\n7 sierpnia<br>\nGrudzi\u0105dz \u2013 Lublin<br>\n<strong>Cz\u0119stochowa\n\u2013 Rybnik<\/strong><\/p>\n\n\n\n<p>\nniedziela,\n9 sierpnia<br>\nWroc\u0142aw \u2013 Gorz\u00f3w<br>\nZielona G\u00f3ra \u2013 Leszno<\/p>\n\n\n\n<p>\n<strong>Runda\n14<\/strong><br>\npi\u0105tek,\n21 sierpnia<br>\nGorz\u00f3w \u2013 Grudzi\u0105dz<br>\nRybnik \u2013 Wroc\u0142aw<\/p>\n\n\n\n<p>\nniedziela,\n23 sierpnia<br>\n<strong>Leszno\n\u2013 Cz\u0119stochowa<\/strong><br>\nLublin\n\u2013 Zielona G\u00f3ra<\/p>\n","protected":false},"excerpt":{"rendered":"<p>Opublikowano\u00a0terminarz PGE Ekstraligi na sezon 2020. Wiadomo ju\u017c, \u017ce pierwsze spotkanie w nowym sezonie bia\u0142o-zielona ekipa rozegra w pi\u0105tek \u2013\u00a03 kwietnia. Tego dnia do<\/p>\n","protected":false},"author":7,"featured_media":8817,"comment_status":"open","ping_status":"open","sticky":false,"template":"","format":"standard","meta":{"_monsterinsights_skip_tracking":false,"_monsterinsights_sitenote_active":false,"_monsterinsights_sitenote_note":"","_monsterinsights_sitenote_category":0,"_uf_show_specific_survey":0,"_uf_disable_surveys":false,"footnotes":""},"categories":[3,94,5,2,7],"tags":[],"class_list":["post-8816","post","type-post","status-publish","format-standard","has-post-thumbnail","hentry","category-czestochowa-informacje","category-polecane","category-sport","category-wiadomosci","category-zuzel"],"_links":{"self":[{"href":"https:\/\/gazetaregionalna.com\/index.php?rest_route=\/wp\/v2\/posts\/8816","targetHints":{"allow":["GET"]}}],"collection":[{"href":"https:\/\/gazetaregionalna.com\/index.php?rest_route=\/wp\/v2\/posts"}],"about":[{"href":"https:\/\/gazetaregionalna.com\/index.php?rest_route=\/wp\/v2\/types\/post"}],"author":[{"embeddable":true,"href":"https:\/\/gazetaregionalna.com\/index.php?rest_route=\/wp\/v2\/users\/7"}],"replies":[{"embeddable":true,"href":"https:\/\/gazetaregionalna.com\/index.php?rest_route=%2Fwp%2Fv2%2Fcomments&post=8816"}],"version-history":[{"count":1,"href":"https:\/\/gazetaregionalna.com\/index.php?rest_route=\/wp\/v2\/posts\/8816\/revisions"}],"predecessor-version":[{"id":8818,"href":"https:\/\/gazetaregionalna.com\/index.php?rest_route=\/wp\/v2\/posts\/8816\/revisions\/8818"}],"wp:featuredmedia":[{"embeddable":true,"href":"https:\/\/gazetaregionalna.com\/index.php?rest_route=\/wp\/v2\/media\/8817"}],"wp:attachment":[{"href":"https:\/\/gazetaregionalna.com\/index.php?rest_route=%2Fwp%2Fv2%2Fmedia&parent=8816"}],"wp:term":[{"taxonomy":"category","embeddable":true,"href":"https:\/\/gazetaregionalna.com\/index.php?rest_route=%2Fwp%2Fv2%2Fcategories&post=8816"},{"taxonomy":"post_tag","embeddable":true,"href":"https:\/\/gazetaregionalna.com\/index.php?rest_route=%2Fwp%2Fv2%2Ftags&post=8816"}],"curies":[{"name":"wp","href":"https:\/\/api.w.org\/{rel}","templated":true}]}}