{"id":88155,"date":"2022-08-04T08:36:26","date_gmt":"2022-08-04T08:36:26","guid":{"rendered":"https:\/\/gazetaregionalna.com\/?p=88155"},"modified":"2022-08-04T08:36:27","modified_gmt":"2022-08-04T08:36:27","slug":"pierwszy-weekend-sierpnia-smak-pstraga","status":"publish","type":"post","link":"https:\/\/gazetaregionalna.com\/?p=88155","title":{"rendered":"Pierwszy weekend sierpnia b\u0119dzie mia\u0142 smak pstr\u0105ga! Zapraszamy do Z\u0142otego Potoku!"},"content":{"rendered":"\n<h2 class=\"wp-block-heading\">Mi\u0142o\u015bnicy tej najbardziej znanej w regionie ryby z pewno\u015bci\u0105 zawitaj\u0105 do gminy Jan\u00f3w. 6 sierpnia odb\u0119dzie si\u0119 tam III \u015awi\u0119to Jurajskiej Ryby, a dzie\u0144 p\u00f3\u017aniej \u2013 XXIV \u015awi\u0119to Pstr\u0105ga.<\/h2>\n\n\n\n<p>Za organizacj\u0119 obu imprez dla rybnych smakoszy odpowiadaj\u0105 gmina Jan\u00f3w oraz <a href=\"https:\/\/www.facebook.com\/sokisjanow\" target=\"_blank\" rel=\"noopener\">Samorz\u0105dowy O\u015brodek Kultury i Sportu w Janowie<\/a>. Wsp\u00f3lnie zapraszaj\u0105 do Z\u0142otego Potoku, a konkretnie na b\u0142onia przy Stawie Amerykan.<\/p>\n\n\n\n<p>Na sobot\u0119, 6 sierpnia zaplanowano trzeci\u0105 edycj\u0119 \u015awi\u0119ta Jurajskiej Ryby. O godz. 15 zainauguruj\u0105 je Otwarte Sp\u0142awikowe Zawody W\u0119dkarskie na \u201eIrydionie\u201d. Samo \u015bwi\u0119to oficjalnie rozpocznie si\u0119 godzin\u0119 p\u00f3\u017aniej. Tu\u017c po powitaniach kr\u00f3lowa\u0107 b\u0119dzie tu Joanna Studnicka. To uczestniczka program\u00f3w \u201eMasterChef\u201d oraz \u201eUgotowani\u201d, a tak\u017ce dzia\u0142aczka spo\u0142eczna, za\u0142o\u017cycielka i prezes fundacji \u201eLargo\u201d, kt\u00f3ra prowadzi charytatywne sklepy. Na z\u0142otopotockich b\u0142oniach poprowadzi ona pokaz kulinarny.<\/p>\n\n\n\n<p>Koncerty zaplanowano na godz. 18 i 20. Najpierw na scenie pojawi si\u0119 raper Nowator (znany r\u00f3wnie\u017c jako Nowi i NWTR). Zabrzmi\u0105 z pewno\u015bci\u0105 takie utwory jak \u201eTequila\u201d czy \u201eBawi\u0119 si\u0119\u201d. Dwie godziny p\u00f3\u017aniej w plenerze wyst\u0105pi zesp\u00f3\u0142 B-QLL, specjalizuj\u0105cy si\u0119 w disco polo dance i house.<\/p>\n\n\n\n<p>Organizatorzy przewidzieli r\u00f3wnie\u017c konkursy. O godz. 16.30 wystartuje ten plastyczny adresowany do dzieci, a o godz. 19 \u2013 ten dla doros\u0142ej publiczno\u015bci. Sobotnie \u015bwi\u0119to zwie\u0144czy zabawa muzyczna pod gwiazdami, kt\u00f3r\u0105 od godz. 21 prowadzi\u0142 b\u0119dzie zesp\u00f3\u0142 Greso.<\/p>\n\n\n\n<p>W niedziel\u0119 ponownie najwcze\u015bniej stawi\u0105 si\u0119 w\u0119dkarze. Tym razem przyci\u0105gn\u0105 ich na pewno Otwarte Spinningowe Zawody W\u0119dkarskie na \u201eIrydionie\u201d. Z kolei o godz. 14.30 oficjalnie rozpocznie si\u0119 druga z weekendowych imprez, czyli XXIV \u015awi\u0119to Pstr\u0105ga<br>Nim minie godz. 15 publiczno\u015b\u0107 pozna przepisy na przyrz\u0105dzenie pstr\u0105ga na 12 sposob\u00f3w. Za ten konkurs kulinarny odpowiada Hotel Kmicic.<\/p>\n\n\n\n<p>Potem odb\u0119dzie si\u0119 wr\u0119czenie nagr\u00f3d w gminnym etapie konkursu \u201eEkologiczna zagroda 2022\u201d. Z kolei na godz. 15.30 przewidziano koncert kwartetu wokalno-rozrywkowego Szafa Gra, kt\u00f3ry tworz\u0105 Barbara Melzer, Beata Wyr\u0105bkiewicz, Wojciech Dmochowski i Rafa\u0142 Drozd.<\/p>\n\n\n\n<p>O godz. 17 przyjdzie pora na \u201eDebiuty muzyczne\u201d, a na scenie zaprezentuj\u0105 si\u0119 wokalistka Maja Wudecka i zesp\u00f3\u0142 Sunny Saunders. Po nich zaplanowano koncert grupy Daj To G\u0142o\u015bniej, kt\u00f3ra \u0142\u0105czy disco polo i folk. Od godz. 19 dobr\u0105 atmosfer\u0119 zapewnia\u0142 b\u0119dzie DJ, a fina\u0142 imprezy zaplanowano na godz. 21.<br>Wst\u0119p na oba wydarzenia jest wolny. Szczeg\u00f3\u0142y: <a href=\"https:\/\/www.facebook.com\/events\/567691658395136?ref=newsfeed\" target=\"_blank\" rel=\"noopener\">TUTAJ<\/a><\/p>\n\n\n\n<p><strong>Zuzanna Suliga<\/strong><\/p>\n","protected":false},"excerpt":{"rendered":"<p>Mi\u0142o\u015bnicy tej najbardziej znanej w regionie ryby z pewno\u015bci\u0105 zawitaj\u0105 do gminy Jan\u00f3w. 6 sierpnia odb\u0119dzie si\u0119 tam III \u015awi\u0119to Jurajskiej Ryby, a dzie\u0144<\/p>\n","protected":false},"author":18,"featured_media":88159,"comment_status":"closed","ping_status":"open","sticky":false,"template":"","format":"standard","meta":{"_monsterinsights_skip_tracking":false,"_monsterinsights_sitenote_active":false,"_monsterinsights_sitenote_note":"","_monsterinsights_sitenote_category":0,"_uf_show_specific_survey":0,"_uf_disable_surveys":false,"footnotes":""},"categories":[12,94,4,2],"tags":[1113,2463,684],"class_list":["post-88155","post","type-post","status-publish","format-standard","has-post-thumbnail","hentry","category-kultura-i-rozrywka","category-polecane","category-region","category-wiadomosci","tag-gmina-janow","tag-swieto-pstraga","tag-zloty-potok"],"_links":{"self":[{"href":"https:\/\/gazetaregionalna.com\/index.php?rest_route=\/wp\/v2\/posts\/88155","targetHints":{"allow":["GET"]}}],"collection":[{"href":"https:\/\/gazetaregionalna.com\/index.php?rest_route=\/wp\/v2\/posts"}],"about":[{"href":"https:\/\/gazetaregionalna.com\/index.php?rest_route=\/wp\/v2\/types\/post"}],"author":[{"embeddable":true,"href":"https:\/\/gazetaregionalna.com\/index.php?rest_route=\/wp\/v2\/users\/18"}],"replies":[{"embeddable":true,"href":"https:\/\/gazetaregionalna.com\/index.php?rest_route=%2Fwp%2Fv2%2Fcomments&post=88155"}],"version-history":[{"count":2,"href":"https:\/\/gazetaregionalna.com\/index.php?rest_route=\/wp\/v2\/posts\/88155\/revisions"}],"predecessor-version":[{"id":88160,"href":"https:\/\/gazetaregionalna.com\/index.php?rest_route=\/wp\/v2\/posts\/88155\/revisions\/88160"}],"wp:featuredmedia":[{"embeddable":true,"href":"https:\/\/gazetaregionalna.com\/index.php?rest_route=\/wp\/v2\/media\/88159"}],"wp:attachment":[{"href":"https:\/\/gazetaregionalna.com\/index.php?rest_route=%2Fwp%2Fv2%2Fmedia&parent=88155"}],"wp:term":[{"taxonomy":"category","embeddable":true,"href":"https:\/\/gazetaregionalna.com\/index.php?rest_route=%2Fwp%2Fv2%2Fcategories&post=88155"},{"taxonomy":"post_tag","embeddable":true,"href":"https:\/\/gazetaregionalna.com\/index.php?rest_route=%2Fwp%2Fv2%2Ftags&post=88155"}],"curies":[{"name":"wp","href":"https:\/\/api.w.org\/{rel}","templated":true}]}}