{"id":8806,"date":"2019-12-12T11:57:09","date_gmt":"2019-12-12T11:57:09","guid":{"rendered":"https:\/\/gazetaregionalna.com\/?p=8806"},"modified":"2019-12-12T11:57:12","modified_gmt":"2019-12-12T11:57:12","slug":"mlodzi-zapasnicy-w-formie","status":"publish","type":"post","link":"https:\/\/gazetaregionalna.com\/?p=8806","title":{"rendered":"M\u0142odzi zapa\u015bnicy w formie"},"content":{"rendered":"\n<h4 class=\"wp-block-heading\">\nW\nminion\u0105 sobot\u0119 zawodnicy  Zapa\u015bniczego Klubu Sportowego Radomsko\nwzi\u0119li udzia\u0142 w zawodach w Radomiu.  Przedstawiciele\nradomszcza\u0144skiego klubu zaj\u0119li w turnieju wysokie, trzecie miejsce.\nSkuteczniejsi\nod ich\nokazali si\u0119 jedynie\nzawodnicy\nradomskiego klubu Olimpijczyk oraz PTC Pabianice. W Radomiu\nwystartowa\u0142o oko\u0142o\n140 sportowc\u00f3w.<\/h4>\n\n\n\n<figure class=\"wp-block-image\"><img decoding=\"async\" width=\"960\" height=\"720\" data-src=\"https:\/\/gazetaregionalna.com\/wp-content\/uploads\/2019\/12\/zapasy1.jpg\" alt=\"\" class=\"wp-image-8807 lazyload\" data-srcset=\"https:\/\/gazetaregionalna.com\/wp-content\/uploads\/2019\/12\/zapasy1.jpg 960w, https:\/\/gazetaregionalna.com\/wp-content\/uploads\/2019\/12\/zapasy1-300x225.jpg 300w, https:\/\/gazetaregionalna.com\/wp-content\/uploads\/2019\/12\/zapasy1-768x576.jpg 768w, https:\/\/gazetaregionalna.com\/wp-content\/uploads\/2019\/12\/zapasy1-80x60.jpg 80w, https:\/\/gazetaregionalna.com\/wp-content\/uploads\/2019\/12\/zapasy1-265x198.jpg 265w, https:\/\/gazetaregionalna.com\/wp-content\/uploads\/2019\/12\/zapasy1-696x522.jpg 696w, https:\/\/gazetaregionalna.com\/wp-content\/uploads\/2019\/12\/zapasy1-560x420.jpg 560w\" data-sizes=\"(max-width: 960px) 100vw, 960px\" src=\"data:image\/svg+xml;base64,PHN2ZyB3aWR0aD0iMSIgaGVpZ2h0PSIxIiB4bWxucz0iaHR0cDovL3d3dy53My5vcmcvMjAwMC9zdmciPjwvc3ZnPg==\" style=\"--smush-placeholder-width: 960px; --smush-placeholder-aspect-ratio: 960\/720;\" \/><\/figure>\n\n\n\n<h4 class=\"wp-block-heading\">\n\u2013 Osi\u0105gni\u0119te\nwyniki to bardzo fajny prezent miko\u0142ajkowy dla\nnas i naszych kibic\u00f3w \u2013 m\u00f3wi Tomasz \u0141api\u0144ski z ZKS Radomsko. &#8211;<em>\nZa tydzie\u0144 b\u0119dziemy startowa\u0107 w Moszczenicy i mamy nadziej\u0119, \u017ce\nstart b\u0119dzie r\u00f3wnie <\/em><em>udan<\/em><em>y\njak ten w Radomiu <\/em>\n<\/h4>\n\n\n\n<figure class=\"wp-block-image\"><img decoding=\"async\" width=\"960\" height=\"720\" data-src=\"https:\/\/gazetaregionalna.com\/wp-content\/uploads\/2019\/12\/zapasy2.jpg\" alt=\"\" class=\"wp-image-8808 lazyload\" data-srcset=\"https:\/\/gazetaregionalna.com\/wp-content\/uploads\/2019\/12\/zapasy2.jpg 960w, https:\/\/gazetaregionalna.com\/wp-content\/uploads\/2019\/12\/zapasy2-300x225.jpg 300w, https:\/\/gazetaregionalna.com\/wp-content\/uploads\/2019\/12\/zapasy2-768x576.jpg 768w, https:\/\/gazetaregionalna.com\/wp-content\/uploads\/2019\/12\/zapasy2-80x60.jpg 80w, https:\/\/gazetaregionalna.com\/wp-content\/uploads\/2019\/12\/zapasy2-265x198.jpg 265w, https:\/\/gazetaregionalna.com\/wp-content\/uploads\/2019\/12\/zapasy2-696x522.jpg 696w, https:\/\/gazetaregionalna.com\/wp-content\/uploads\/2019\/12\/zapasy2-560x420.jpg 560w\" data-sizes=\"(max-width: 960px) 100vw, 960px\" src=\"data:image\/svg+xml;base64,PHN2ZyB3aWR0aD0iMSIgaGVpZ2h0PSIxIiB4bWxucz0iaHR0cDovL3d3dy53My5vcmcvMjAwMC9zdmciPjwvc3ZnPg==\" style=\"--smush-placeholder-width: 960px; --smush-placeholder-aspect-ratio: 960\/720;\" \/><\/figure>\n\n\n\n<p>\nOto\nwyniki m\u0142odych zapa\u015bnik\u00f3w z Radomska:<\/p>\n\n\n\n<p><strong>Kat.\n24kg<\/strong><\/p>\n\n\n\n<p>\n1\nmiejsce Iwo Kubanik&nbsp;<\/p>\n\n\n\n<p><strong>Kat.\n25kg<\/strong><\/p>\n\n\n\n<p>\n1\nmiejsce Fabian Drozdowski<\/p>\n\n\n\n<p>\n2\nmiejsce Antek Staniszewski&nbsp;<\/p>\n\n\n\n<p><strong>Kat.\n26kg<\/strong><\/p>\n\n\n\n<p>\n1\nmiejsce Szymon M\u0142ynarczyk<\/p>\n\n\n\n<p>\n2\nmiejsce Bartosz W\u0119grzy\u0144ski&nbsp;<\/p>\n\n\n\n<p><strong>Kat.\n29kg<\/strong><\/p>\n\n\n\n<p>\n3\nmiejsce Mateusz Cieciura&nbsp;<\/p>\n\n\n\n<p><strong>Kat.\n31kg<\/strong><\/p>\n\n\n\n<p>\n1\nmiejsce Oskar Paplicki<\/p>\n\n\n\n<p>\n3\nmiejsce Szymek P\u0142omi\u0144ski<\/p>\n\n\n\n<p><strong>Kat.\n32kg<\/strong><\/p>\n\n\n\n<p>\n2\nmiejsce Niko\u015b Nitecki&nbsp;<\/p>\n\n\n\n<p><strong>Kat.\n36kg<\/strong><\/p>\n\n\n\n<p>\n1\nmiejsce Tymek Trzeciak&nbsp;<\/p>\n\n\n\n<p><strong>Kat.\n38kg<\/strong><\/p>\n\n\n\n<p>\n2\nmiejsce Janek Tomala&nbsp;<\/p>\n\n\n\n<p><strong>Kat.\n40kg<\/strong><\/p>\n\n\n\n<p>\n3\nmiejsce Bartek Ba\u0142ut<\/p>\n\n\n\n<p><strong>Kat.\n41kg<\/strong><\/p>\n\n\n\n<p>\n1\nmiejsce Franek Ko\u0107win<br>\n&nbsp;<\/p>\n\n\n\n<p><strong>Kat.\n46kg<\/strong><\/p>\n\n\n\n<p>\n1\nmiejsce Hubert Walaszczyk&nbsp;<\/p>\n\n\n\n<p><strong>Kat.\n51kg<\/strong><\/p>\n\n\n\n<p>\n3\nmiejsce Dawid Gotkowicz<\/p>\n\n\n\n<p><strong>Kat.\n52kg<\/strong><\/p>\n\n\n\n<p>\n2\nmiejsce Szymon Stanisz&nbsp;<\/p>\n\n\n\n<p><strong>Kat.\n56kg<\/strong><\/p>\n\n\n\n<p>\n2\nmiejsce Kacper Kowalczyk<\/p>\n\n\n\n<p>\n3\nmiejsce Krzysztof Zawadzki<\/p>\n\n\n\n<p>\n(\u0179r\u00f3d\u0142o:\nUM Radomsko)<\/p>\n","protected":false},"excerpt":{"rendered":"<p>W minion\u0105 sobot\u0119 zawodnicy Zapa\u015bniczego Klubu Sportowego Radomsko wzi\u0119li udzia\u0142 w zawodach w Radomiu. Przedstawiciele radomszcza\u0144skiego klubu zaj\u0119li w turnieju wysokie, trzecie miejsce. Skuteczniejsi<\/p>\n","protected":false},"author":7,"featured_media":8809,"comment_status":"open","ping_status":"open","sticky":false,"template":"","format":"standard","meta":{"_monsterinsights_skip_tracking":false,"_monsterinsights_sitenote_active":false,"_monsterinsights_sitenote_note":"","_monsterinsights_sitenote_category":0,"_uf_show_specific_survey":0,"_uf_disable_surveys":false,"footnotes":""},"categories":[94,11,28,5,2],"tags":[],"class_list":["post-8806","post","type-post","status-publish","format-standard","has-post-thumbnail","hentry","category-polecane","category-pozostale","category-radomsko","category-sport","category-wiadomosci"],"_links":{"self":[{"href":"https:\/\/gazetaregionalna.com\/index.php?rest_route=\/wp\/v2\/posts\/8806","targetHints":{"allow":["GET"]}}],"collection":[{"href":"https:\/\/gazetaregionalna.com\/index.php?rest_route=\/wp\/v2\/posts"}],"about":[{"href":"https:\/\/gazetaregionalna.com\/index.php?rest_route=\/wp\/v2\/types\/post"}],"author":[{"embeddable":true,"href":"https:\/\/gazetaregionalna.com\/index.php?rest_route=\/wp\/v2\/users\/7"}],"replies":[{"embeddable":true,"href":"https:\/\/gazetaregionalna.com\/index.php?rest_route=%2Fwp%2Fv2%2Fcomments&post=8806"}],"version-history":[{"count":1,"href":"https:\/\/gazetaregionalna.com\/index.php?rest_route=\/wp\/v2\/posts\/8806\/revisions"}],"predecessor-version":[{"id":8810,"href":"https:\/\/gazetaregionalna.com\/index.php?rest_route=\/wp\/v2\/posts\/8806\/revisions\/8810"}],"wp:featuredmedia":[{"embeddable":true,"href":"https:\/\/gazetaregionalna.com\/index.php?rest_route=\/wp\/v2\/media\/8809"}],"wp:attachment":[{"href":"https:\/\/gazetaregionalna.com\/index.php?rest_route=%2Fwp%2Fv2%2Fmedia&parent=8806"}],"wp:term":[{"taxonomy":"category","embeddable":true,"href":"https:\/\/gazetaregionalna.com\/index.php?rest_route=%2Fwp%2Fv2%2Fcategories&post=8806"},{"taxonomy":"post_tag","embeddable":true,"href":"https:\/\/gazetaregionalna.com\/index.php?rest_route=%2Fwp%2Fv2%2Ftags&post=8806"}],"curies":[{"name":"wp","href":"https:\/\/api.w.org\/{rel}","templated":true}]}}