{"id":8801,"date":"2019-12-12T11:50:43","date_gmt":"2019-12-12T11:50:43","guid":{"rendered":"https:\/\/gazetaregionalna.com\/?p=8801"},"modified":"2019-12-12T11:50:46","modified_gmt":"2019-12-12T11:50:46","slug":"oszukali-seniorow-szuka-ich-policja","status":"publish","type":"post","link":"https:\/\/gazetaregionalna.com\/?p=8801","title":{"rendered":"Oszukali senior\u00f3w, szuka ich policja"},"content":{"rendered":"\n<h2 class=\"wp-block-heading\">Komenda Miejska Policji w Cz\u0119stochowie poszukuje oszust\u00f3w, kt\u00f3rzy wykorzystuj\u0105c tzw. &#8222;metod\u0119 na policjanta&#8221; oszukali i okradli dwie seniorki mieszkaj\u0105ce w powiecie cz\u0119stochowskim.<\/h2>\n\n\n\n<figure class=\"wp-block-image\"><img decoding=\"async\" width=\"726\" height=\"1024\" data-src=\"https:\/\/gazetaregionalna.com\/wp-content\/uploads\/2019\/12\/oszust1-726x1024.jpg\" alt=\"\" class=\"wp-image-8802 lazyload\" data-srcset=\"https:\/\/gazetaregionalna.com\/wp-content\/uploads\/2019\/12\/oszust1-726x1024.jpg 726w, https:\/\/gazetaregionalna.com\/wp-content\/uploads\/2019\/12\/oszust1-213x300.jpg 213w, https:\/\/gazetaregionalna.com\/wp-content\/uploads\/2019\/12\/oszust1-768x1083.jpg 768w, https:\/\/gazetaregionalna.com\/wp-content\/uploads\/2019\/12\/oszust1-696x982.jpg 696w, https:\/\/gazetaregionalna.com\/wp-content\/uploads\/2019\/12\/oszust1-298x420.jpg 298w, https:\/\/gazetaregionalna.com\/wp-content\/uploads\/2019\/12\/oszust1.jpg 792w\" data-sizes=\"(max-width: 726px) 100vw, 726px\" src=\"data:image\/svg+xml;base64,PHN2ZyB3aWR0aD0iMSIgaGVpZ2h0PSIxIiB4bWxucz0iaHR0cDovL3d3dy53My5vcmcvMjAwMC9zdmciPjwvc3ZnPg==\" style=\"--smush-placeholder-width: 726px; --smush-placeholder-aspect-ratio: 726\/1024;\" \/><figcaption>OLYMPUS DIGITAL CAMERA<\/figcaption><\/figure>\n\n\n\n<p><br> Poszkodowane to mieszkanki Olsztyna i Hutek. W obu przypadkach przest\u0119pcy dzia\u0142ali w ten sam spos\u00f3b: telefonowali do starszych os\u00f3b z informacj\u0105 o wypadku z udzia\u0142em ich dzieci. Pom\u00f3c synowi czy c\u00f3rce w za\u0142atwieniu spraw zwi\u0105zanych z rzekomym wypadkiem mia\u0142 policjant, kt\u00f3ry mia\u0142 si\u0119 zjawi\u0107 w domu seniorek. Oszukane osoby mia\u0142y, na pro\u015bb\u0119 &#8222;dzieci&#8221; wr\u0119czy\u0107 &#8222;policjantowi&#8221; got\u00f3wk\u0119. Ka\u017cda z oszukanych seniorek straci\u0142a ponad 20 tys. z\u0142otych. Policja podejrzewa, \u017ce w podobny spos\u00f3b oszu\u015bci mogli okra\u015b\u0107 lub usi\u0142owali oszuka\u0107 inne osoby.<br> Funkcjonariusze prosz\u0105 o pomoc ka\u017cdego, kto ma jakiekolwiek informacje dotycz\u0105ce zdarze\u0144, b\u0105d\u017a rozpoznaje osoby z portret\u00f3w pami\u0119ciowych o kontakt z KMP w Cz\u0119stochowie lub z najbli\u017csz\u0105 jednostk\u0105 policji.<br> Osoby, kt\u00f3re rozpoznaj\u0105 sprawc\u00f3w z portret\u00f3w pami\u0119ciowych proszone s\u0105 o kontakt z Komend\u0105 Miejsk\u0105 Policji w Cz\u0119stochowie z Wydzia\u0142em PPM tel. 34 369 14 12 lub z prowadz\u0105cym spraw\u0119 nadkom. Robertem Wilkiem tel. 34 369 11 81.<\/p>\n","protected":false},"excerpt":{"rendered":"<p>Komenda Miejska Policji w Cz\u0119stochowie poszukuje oszust\u00f3w, kt\u00f3rzy wykorzystuj\u0105c tzw. &#8222;metod\u0119 na policjanta&#8221; oszukali i okradli dwie seniorki mieszkaj\u0105ce w powiecie cz\u0119stochowskim. Poszkodowane to<\/p>\n","protected":false},"author":7,"featured_media":8803,"comment_status":"open","ping_status":"open","sticky":false,"template":"","format":"standard","meta":{"_monsterinsights_skip_tracking":false,"_monsterinsights_sitenote_active":false,"_monsterinsights_sitenote_note":"","_monsterinsights_sitenote_category":0,"_uf_show_specific_survey":0,"_uf_disable_surveys":false,"footnotes":""},"categories":[3,94,2],"tags":[],"class_list":["post-8801","post","type-post","status-publish","format-standard","has-post-thumbnail","hentry","category-czestochowa-informacje","category-polecane","category-wiadomosci"],"_links":{"self":[{"href":"https:\/\/gazetaregionalna.com\/index.php?rest_route=\/wp\/v2\/posts\/8801","targetHints":{"allow":["GET"]}}],"collection":[{"href":"https:\/\/gazetaregionalna.com\/index.php?rest_route=\/wp\/v2\/posts"}],"about":[{"href":"https:\/\/gazetaregionalna.com\/index.php?rest_route=\/wp\/v2\/types\/post"}],"author":[{"embeddable":true,"href":"https:\/\/gazetaregionalna.com\/index.php?rest_route=\/wp\/v2\/users\/7"}],"replies":[{"embeddable":true,"href":"https:\/\/gazetaregionalna.com\/index.php?rest_route=%2Fwp%2Fv2%2Fcomments&post=8801"}],"version-history":[{"count":1,"href":"https:\/\/gazetaregionalna.com\/index.php?rest_route=\/wp\/v2\/posts\/8801\/revisions"}],"predecessor-version":[{"id":8804,"href":"https:\/\/gazetaregionalna.com\/index.php?rest_route=\/wp\/v2\/posts\/8801\/revisions\/8804"}],"wp:featuredmedia":[{"embeddable":true,"href":"https:\/\/gazetaregionalna.com\/index.php?rest_route=\/wp\/v2\/media\/8803"}],"wp:attachment":[{"href":"https:\/\/gazetaregionalna.com\/index.php?rest_route=%2Fwp%2Fv2%2Fmedia&parent=8801"}],"wp:term":[{"taxonomy":"category","embeddable":true,"href":"https:\/\/gazetaregionalna.com\/index.php?rest_route=%2Fwp%2Fv2%2Fcategories&post=8801"},{"taxonomy":"post_tag","embeddable":true,"href":"https:\/\/gazetaregionalna.com\/index.php?rest_route=%2Fwp%2Fv2%2Ftags&post=8801"}],"curies":[{"name":"wp","href":"https:\/\/api.w.org\/{rel}","templated":true}]}}