{"id":8792,"date":"2019-12-12T11:33:14","date_gmt":"2019-12-12T11:33:14","guid":{"rendered":"https:\/\/gazetaregionalna.com\/?p=8792"},"modified":"2019-12-12T11:33:18","modified_gmt":"2019-12-12T11:33:18","slug":"sobota-z-czekolada-w-roli-glownej","status":"publish","type":"post","link":"https:\/\/gazetaregionalna.com\/?p=8792","title":{"rendered":"Sobota z czekolad\u0105 w roli g\u0142\u00f3wnej"},"content":{"rendered":"\n<p>Miejski Dom Kultury w Lubli\u0144cu zaprasza 14 grudnia na \u201eDzie\u0144 Czekolady<strong>\u201d.&nbsp;<\/strong>Mi\u0119dzy 15 a 18 w Galerii pojawi si\u0119 specjalny go\u015b\u0107 \u2013 pani Natalia, kt\u00f3ra na czekoladzie zna si\u0119 jak ma\u0142o kto! Na \u017cywo poka\u017ce sw\u00f3j przepis na gor\u0105c\u0105 czekolad\u0119 wed\u0142ug receptury staro\u017cytnych Maj\u00f3w. B\u0119dzie czekolada na gor\u0105co, fontanna z szasz\u0142ykami, trufle, brownies i wiele, wiele innych czekoladowych przysmak\u00f3w.<\/p>\n\n\n\n<p>Jak zapowiadaj\u0105 organizatorzy pojawi si\u0119 tak\u017ce szansa na zrobienie czekoladowych zapas\u00f3w na zim\u0119.<\/p>\n\n\n\n<figure class=\"wp-block-image\"><img decoding=\"async\" width=\"717\" height=\"1024\" data-src=\"https:\/\/gazetaregionalna.com\/wp-content\/uploads\/2019\/12\/dzie\u0144-czekolady-w-galerii_www-717x1024.png\" alt=\"\" class=\"wp-image-8620 lazyload\" data-srcset=\"https:\/\/gazetaregionalna.com\/wp-content\/uploads\/2019\/12\/dzie\u0144-czekolady-w-galerii_www.png 717w, https:\/\/gazetaregionalna.com\/wp-content\/uploads\/2019\/12\/dzie\u0144-czekolady-w-galerii_www-210x300.png 210w, https:\/\/gazetaregionalna.com\/wp-content\/uploads\/2019\/12\/dzie\u0144-czekolady-w-galerii_www-696x994.png 696w, https:\/\/gazetaregionalna.com\/wp-content\/uploads\/2019\/12\/dzie\u0144-czekolady-w-galerii_www-294x420.png 294w\" data-sizes=\"(max-width: 717px) 100vw, 717px\" src=\"data:image\/svg+xml;base64,PHN2ZyB3aWR0aD0iMSIgaGVpZ2h0PSIxIiB4bWxucz0iaHR0cDovL3d3dy53My5vcmcvMjAwMC9zdmciPjwvc3ZnPg==\" style=\"--smush-placeholder-width: 717px; --smush-placeholder-aspect-ratio: 717\/1024;\" \/><\/figure>\n","protected":false},"excerpt":{"rendered":"<p>Miejski Dom Kultury w Lubli\u0144cu zaprasza 14 grudnia na \u201eDzie\u0144 Czekolady\u201d.&nbsp;Mi\u0119dzy 15 a 18 w Galerii pojawi si\u0119 specjalny go\u015b\u0107 \u2013 pani Natalia, kt\u00f3ra<\/p>\n","protected":false},"author":7,"featured_media":8793,"comment_status":"open","ping_status":"open","sticky":false,"template":"","format":"standard","meta":{"_monsterinsights_skip_tracking":false,"_monsterinsights_sitenote_active":false,"_monsterinsights_sitenote_note":"","_monsterinsights_sitenote_category":0,"_uf_show_specific_survey":0,"_uf_disable_surveys":false,"footnotes":""},"categories":[12,25,94,2,13],"tags":[],"class_list":["post-8792","post","type-post","status-publish","format-standard","has-post-thumbnail","hentry","category-kultura-i-rozrywka","category-lubliniec","category-polecane","category-wiadomosci","category-wydarzenia"],"_links":{"self":[{"href":"https:\/\/gazetaregionalna.com\/index.php?rest_route=\/wp\/v2\/posts\/8792","targetHints":{"allow":["GET"]}}],"collection":[{"href":"https:\/\/gazetaregionalna.com\/index.php?rest_route=\/wp\/v2\/posts"}],"about":[{"href":"https:\/\/gazetaregionalna.com\/index.php?rest_route=\/wp\/v2\/types\/post"}],"author":[{"embeddable":true,"href":"https:\/\/gazetaregionalna.com\/index.php?rest_route=\/wp\/v2\/users\/7"}],"replies":[{"embeddable":true,"href":"https:\/\/gazetaregionalna.com\/index.php?rest_route=%2Fwp%2Fv2%2Fcomments&post=8792"}],"version-history":[{"count":1,"href":"https:\/\/gazetaregionalna.com\/index.php?rest_route=\/wp\/v2\/posts\/8792\/revisions"}],"predecessor-version":[{"id":8794,"href":"https:\/\/gazetaregionalna.com\/index.php?rest_route=\/wp\/v2\/posts\/8792\/revisions\/8794"}],"wp:featuredmedia":[{"embeddable":true,"href":"https:\/\/gazetaregionalna.com\/index.php?rest_route=\/wp\/v2\/media\/8793"}],"wp:attachment":[{"href":"https:\/\/gazetaregionalna.com\/index.php?rest_route=%2Fwp%2Fv2%2Fmedia&parent=8792"}],"wp:term":[{"taxonomy":"category","embeddable":true,"href":"https:\/\/gazetaregionalna.com\/index.php?rest_route=%2Fwp%2Fv2%2Fcategories&post=8792"},{"taxonomy":"post_tag","embeddable":true,"href":"https:\/\/gazetaregionalna.com\/index.php?rest_route=%2Fwp%2Fv2%2Ftags&post=8792"}],"curies":[{"name":"wp","href":"https:\/\/api.w.org\/{rel}","templated":true}]}}