{"id":879,"date":"2018-10-22T06:50:16","date_gmt":"2018-10-22T06:50:16","guid":{"rendered":"http:\/\/gazetaregionalna.com\/?p=879"},"modified":"2018-10-22T06:50:16","modified_gmt":"2018-10-22T06:50:16","slug":"koniugacja-milosci-koncert-joanna-bejm-quintet","status":"publish","type":"post","link":"https:\/\/gazetaregionalna.com\/?p=879","title":{"rendered":"\u201eKoniugacja Mi\u0142o\u015bci\u201d &#8211; koncert Joanna Bejm Quintet"},"content":{"rendered":"<p>&nbsp;<\/p>\n<p style=\"font-weight: 400;\">Dok\u0142adnie\u00a0 rok temu min\u0119\u0142a 50. rocznica \u015bmierci Haliny Po\u015bwiatowskiej i dok\u0142adnie wtedy zrodzi\u0142 si\u0119 pomys\u0142 na bardzo niszowy projekt muzyczny &#8211; koncerty w interesuj\u0105cej, trudnej do sklasyfikowania aran\u017cacji muzycznej do tekst\u00f3w wybitnej poetki. Koncert, kt\u00f3ry odby\u0142 si\u0119 18.10.2018 roku w sali widowiskowej lublinieckiego domu kultury odda\u0142 ducha pi\u0119knej poezji w po\u0142\u0105czeniu z niezwyk\u0142\u0105 muzyk\u0105, b\u0119d\u0105c\u0105 efektem \u017cmudnej pracy nad opracowaniami muzycznymi utrzymanymi w jazzowo &#8211; wielorakich aran\u017cacjach. Jak m\u00f3wi wokalistka i pomys\u0142odawczyni projektu Joanna Bejm: \u201eBardzo trudno przygotowa\u0107 muzyk\u0119 pod wiersze Po\u015bwiatowskiej, nie jest to \u0142atwa poezja, wiersze s\u0105 bia\u0142e, bez sta\u0142ego rytmu. Dlatego nie da si\u0119\u00a0 konkretnie sklasyfikowa\u0107 naszej muzyki \u201d.<\/p>\n<p style=\"font-weight: 400;\">Bez w\u0105tpienia pi\u0119kny, koj\u0105cy wokal Joanny oraz szczeg\u00f3lna muzyka w wykonaniu wybitnych m\u0142odych instrumentalist\u00f3w, pozwoli\u0142 skupi\u0107 si\u0119 na wyj\u0105tkowych tekstach s\u0142awnej poetki. Na koncercie 2 piosenki zosta\u0142y wykonane po raz pierwszy: \u201e\u015api\u0105cy jednoro\u017cec\u201d oraz \u201eOczekiwanie\u201d, co niew\u0105tpliwie jest uk\u0142onem w stron\u0119 lublinieckiej publiczno\u015bci.<\/p>\n<p style=\"font-weight: 400;\">(Ma\u0142gorzata Pardu\u0142a)<\/p>\n<p style=\"font-weight: 400;\">Fot. Czes\u0142awa W\u0142uka<\/p>\n<p>[post_gallery]<\/p>\n","protected":false},"excerpt":{"rendered":"<p>&nbsp; Dok\u0142adnie\u00a0 rok temu min\u0119\u0142a 50. rocznica \u015bmierci Haliny Po\u015bwiatowskiej i dok\u0142adnie wtedy zrodzi\u0142 si\u0119 pomys\u0142 na bardzo niszowy projekt muzyczny &#8211; koncerty w<\/p>\n","protected":false},"author":3,"featured_media":0,"comment_status":"open","ping_status":"closed","sticky":false,"template":"","format":"standard","meta":{"_monsterinsights_skip_tracking":false,"_monsterinsights_sitenote_active":false,"_monsterinsights_sitenote_note":"","_monsterinsights_sitenote_category":0,"_uf_show_specific_survey":0,"_uf_disable_surveys":false,"footnotes":""},"categories":[12,25,13],"tags":[],"class_list":["post-879","post","type-post","status-publish","format-standard","hentry","category-kultura-i-rozrywka","category-lubliniec","category-wydarzenia"],"_links":{"self":[{"href":"https:\/\/gazetaregionalna.com\/index.php?rest_route=\/wp\/v2\/posts\/879","targetHints":{"allow":["GET"]}}],"collection":[{"href":"https:\/\/gazetaregionalna.com\/index.php?rest_route=\/wp\/v2\/posts"}],"about":[{"href":"https:\/\/gazetaregionalna.com\/index.php?rest_route=\/wp\/v2\/types\/post"}],"author":[{"embeddable":true,"href":"https:\/\/gazetaregionalna.com\/index.php?rest_route=\/wp\/v2\/users\/3"}],"replies":[{"embeddable":true,"href":"https:\/\/gazetaregionalna.com\/index.php?rest_route=%2Fwp%2Fv2%2Fcomments&post=879"}],"version-history":[{"count":2,"href":"https:\/\/gazetaregionalna.com\/index.php?rest_route=\/wp\/v2\/posts\/879\/revisions"}],"predecessor-version":[{"id":888,"href":"https:\/\/gazetaregionalna.com\/index.php?rest_route=\/wp\/v2\/posts\/879\/revisions\/888"}],"wp:attachment":[{"href":"https:\/\/gazetaregionalna.com\/index.php?rest_route=%2Fwp%2Fv2%2Fmedia&parent=879"}],"wp:term":[{"taxonomy":"category","embeddable":true,"href":"https:\/\/gazetaregionalna.com\/index.php?rest_route=%2Fwp%2Fv2%2Fcategories&post=879"},{"taxonomy":"post_tag","embeddable":true,"href":"https:\/\/gazetaregionalna.com\/index.php?rest_route=%2Fwp%2Fv2%2Ftags&post=879"}],"curies":[{"name":"wp","href":"https:\/\/api.w.org\/{rel}","templated":true}]}}