{"id":8764,"date":"2019-12-11T14:02:51","date_gmt":"2019-12-11T14:02:51","guid":{"rendered":"https:\/\/gazetaregionalna.com\/?p=8764"},"modified":"2019-12-11T14:02:52","modified_gmt":"2019-12-11T14:02:52","slug":"nowa-pracownia-w-szkole","status":"publish","type":"post","link":"https:\/\/gazetaregionalna.com\/?p=8764","title":{"rendered":"Nowa pracownia w szkole"},"content":{"rendered":"\n<h2 class=\"wp-block-heading\"> W Zespole Szk\u00f3\u0142 Nr 1 w K\u0142obucku otwarto ca\u0142kowicie odnowion\u0105 pracowni\u0119 przedmiot\u00f3w przyrodniczych. Sala zosta\u0142a wyremontowana i wyposa\u017cona z udzia\u0142em funduszy unijnych.<\/h2>\n\n\n\n<figure class=\"wp-block-image\"><img decoding=\"async\" width=\"1024\" height=\"683\" data-src=\"https:\/\/gazetaregionalna.com\/wp-content\/uploads\/2019\/12\/pracownia1-1024x683.jpg\" alt=\"\" class=\"wp-image-8765 lazyload\" data-srcset=\"https:\/\/gazetaregionalna.com\/wp-content\/uploads\/2019\/12\/pracownia1.jpg 1024w, https:\/\/gazetaregionalna.com\/wp-content\/uploads\/2019\/12\/pracownia1-300x200.jpg 300w, https:\/\/gazetaregionalna.com\/wp-content\/uploads\/2019\/12\/pracownia1-768x512.jpg 768w, https:\/\/gazetaregionalna.com\/wp-content\/uploads\/2019\/12\/pracownia1-696x464.jpg 696w, https:\/\/gazetaregionalna.com\/wp-content\/uploads\/2019\/12\/pracownia1-630x420.jpg 630w\" data-sizes=\"(max-width: 1024px) 100vw, 1024px\" src=\"data:image\/svg+xml;base64,PHN2ZyB3aWR0aD0iMSIgaGVpZ2h0PSIxIiB4bWxucz0iaHR0cDovL3d3dy53My5vcmcvMjAwMC9zdmciPjwvc3ZnPg==\" style=\"--smush-placeholder-width: 1024px; --smush-placeholder-aspect-ratio: 1024\/683;\" \/><\/figure>\n\n\n\n<p><br> <br> Pieni\u0105dze na modernizacj\u0119 pracowni uzyskano w ramach konkursu \u201eZielona Pracownia\u201d zorganizowanego przez Wojew\u00f3dzki Fundusz Ochrony \u015arodowiska i Gospodarki Wodnej w Katowicach. K\u0142obucka szko\u0142a uzyska\u0142a fundusze na remont dzi\u0119ki realizacji projektu pod has\u0142em \u201eLaboratorium natury\u201d. Modernizacja i doposa\u017cenie pracowni kosztowa\u0142o blisko 50 tys. z\u0142otych. Dofinansowanie ze \u015brodk\u00f3w unijnych wynios\u0142o dok\u0142adnie\u00a037,5\u00a0tys. z\u0142.<br> <br> Dzi\u0119ki pozyskanym \u015brodkom uda\u0142o si\u0119 stworzy\u0107 nowoczesn\u0105, interdyscyplinarn\u0105, na miar\u0119 XXI wieku, szkoln\u0105 pracowni\u0119\u00a0geograficzno \u2013 chemiczn\u0105 wraz z mini laboratorium biologiczno \u2013 chemicznym.<\/p>\n\n\n\n<p>\n(\u0179r\u00f3d\u0142o:\nStarostwo Powiatowe w K\u0142obucku)<br>\n<br>\n\n<\/p>\n","protected":false},"excerpt":{"rendered":"<p>W Zespole Szk\u00f3\u0142 Nr 1 w K\u0142obucku otwarto ca\u0142kowicie odnowion\u0105 pracowni\u0119 przedmiot\u00f3w przyrodniczych. Sala zosta\u0142a wyremontowana i wyposa\u017cona z udzia\u0142em funduszy unijnych. Pieni\u0105dze na<\/p>\n","protected":false},"author":7,"featured_media":8766,"comment_status":"open","ping_status":"open","sticky":false,"template":"","format":"standard","meta":{"_monsterinsights_skip_tracking":false,"_monsterinsights_sitenote_active":false,"_monsterinsights_sitenote_note":"","_monsterinsights_sitenote_category":0,"_uf_show_specific_survey":0,"_uf_disable_surveys":false,"footnotes":""},"categories":[41,33,27,94,2],"tags":[],"class_list":["post-8764","post","type-post","status-publish","format-standard","has-post-thumbnail","hentry","category-edukacja","category-inwestycje","category-klobuck-informacje","category-polecane","category-wiadomosci"],"_links":{"self":[{"href":"https:\/\/gazetaregionalna.com\/index.php?rest_route=\/wp\/v2\/posts\/8764","targetHints":{"allow":["GET"]}}],"collection":[{"href":"https:\/\/gazetaregionalna.com\/index.php?rest_route=\/wp\/v2\/posts"}],"about":[{"href":"https:\/\/gazetaregionalna.com\/index.php?rest_route=\/wp\/v2\/types\/post"}],"author":[{"embeddable":true,"href":"https:\/\/gazetaregionalna.com\/index.php?rest_route=\/wp\/v2\/users\/7"}],"replies":[{"embeddable":true,"href":"https:\/\/gazetaregionalna.com\/index.php?rest_route=%2Fwp%2Fv2%2Fcomments&post=8764"}],"version-history":[{"count":1,"href":"https:\/\/gazetaregionalna.com\/index.php?rest_route=\/wp\/v2\/posts\/8764\/revisions"}],"predecessor-version":[{"id":8767,"href":"https:\/\/gazetaregionalna.com\/index.php?rest_route=\/wp\/v2\/posts\/8764\/revisions\/8767"}],"wp:featuredmedia":[{"embeddable":true,"href":"https:\/\/gazetaregionalna.com\/index.php?rest_route=\/wp\/v2\/media\/8766"}],"wp:attachment":[{"href":"https:\/\/gazetaregionalna.com\/index.php?rest_route=%2Fwp%2Fv2%2Fmedia&parent=8764"}],"wp:term":[{"taxonomy":"category","embeddable":true,"href":"https:\/\/gazetaregionalna.com\/index.php?rest_route=%2Fwp%2Fv2%2Fcategories&post=8764"},{"taxonomy":"post_tag","embeddable":true,"href":"https:\/\/gazetaregionalna.com\/index.php?rest_route=%2Fwp%2Fv2%2Ftags&post=8764"}],"curies":[{"name":"wp","href":"https:\/\/api.w.org\/{rel}","templated":true}]}}