{"id":8760,"date":"2019-12-11T13:59:27","date_gmt":"2019-12-11T13:59:27","guid":{"rendered":"https:\/\/gazetaregionalna.com\/?p=8760"},"modified":"2019-12-11T13:59:29","modified_gmt":"2019-12-11T13:59:29","slug":"szlachetna-paczka-podsumowana","status":"publish","type":"post","link":"https:\/\/gazetaregionalna.com\/?p=8760","title":{"rendered":"\u201eSzlachetna paczka\u201d podsumowana"},"content":{"rendered":"\n<h2 class=\"wp-block-heading\">\nW\nZespole Szk\u00f3\u0142 Elektryczno-Elektronicznych im. prof. Janusza\nGroszkowskiego w Radomsku odby\u0142 si\u0119 fina\u0142 \u201eSzlachetnej Paczki\u201d.\nTegoroczna\nedycja akcji odby\u0142a si\u0119 pod has\u0142em:\n\u201eWeekend\ncud\u00f3w\u201d.<\/h2>\n\n\n\n<p>Jak\nzawsze dwa tygodnie przed Bo\u017cym Narodzeniem zbierane s\u0105 dary, kt\u00f3re\ntrafiaj\u0105 do potrzebuj\u0105cych. Celem \u201eSzlachetnej Paczki\u201d jest\nmaterialna i mentalna pomoc rodzinom i osobom znajduj\u0105cym si\u0119 w\ntrudnej sytuacji \u017cyciowej.\nIde\u0105\nakcji jest niesienie m\u0105drej pomocy, adresowanej do konkretnych os\u00f3b.\nDarczy\u0144cy przekazuj\u0105 rzeczy, kt\u00f3re naprawd\u0119 s\u0105\nnajpotrzebniejsze. Organizacyjnie \u201eSzlachetna Paczka\u201d opiera si\u0119\nna pracy kilkunastu tysi\u0119cy wolontariuszy w ca\u0142ej Polsce.<br>\nW\ntegoroczn\u0105 akcj\u0119 w\u0142\u0105czyli si\u0119 r\u00f3wnie\u017c mieszka\u0144cy Radomska,\nm.in. pracownicy Urz\u0119du Miasta. Tym razem wsparli czteroosobow\u0105\nrodzin\u0119, kt\u00f3ra poprosi\u0142a o przekazanie artyku\u0142\u00f3w \u017cywno\u015bciowych,\nchemicznych, odzie\u017cy, obuwia, r\u0119cznik\u00f3w, po\u015bcieli,&nbsp;zabawki&nbsp;dla\ndzieciaczk\u00f3w, ale tak\u017ce opa\u0142u na zim\u0119.<br>\nW\npodsumowaniu radomszcza\u0144skiej akcji uczestniczyli wolontariusze\n\u201eSzlachetnej Paczki\u201d, w tym tak\u017ce prezydent Jaros\u0142aw\nFerenc.<br>\n(Fot.\nUM Radomsko)\n\n<\/p>\n","protected":false},"excerpt":{"rendered":"<p>W Zespole Szk\u00f3\u0142 Elektryczno-Elektronicznych im. prof. Janusza Groszkowskiego w Radomsku odby\u0142 si\u0119 fina\u0142 \u201eSzlachetnej Paczki\u201d. Tegoroczna edycja akcji odby\u0142a si\u0119 pod has\u0142em: \u201eWeekend cud\u00f3w\u201d.<\/p>\n","protected":false},"author":7,"featured_media":8761,"comment_status":"open","ping_status":"open","sticky":false,"template":"","format":"standard","meta":{"_monsterinsights_skip_tracking":false,"_monsterinsights_sitenote_active":false,"_monsterinsights_sitenote_note":"","_monsterinsights_sitenote_category":0,"_uf_show_specific_survey":0,"_uf_disable_surveys":false,"footnotes":""},"categories":[94,28,2],"tags":[],"class_list":["post-8760","post","type-post","status-publish","format-standard","has-post-thumbnail","hentry","category-polecane","category-radomsko","category-wiadomosci"],"_links":{"self":[{"href":"https:\/\/gazetaregionalna.com\/index.php?rest_route=\/wp\/v2\/posts\/8760","targetHints":{"allow":["GET"]}}],"collection":[{"href":"https:\/\/gazetaregionalna.com\/index.php?rest_route=\/wp\/v2\/posts"}],"about":[{"href":"https:\/\/gazetaregionalna.com\/index.php?rest_route=\/wp\/v2\/types\/post"}],"author":[{"embeddable":true,"href":"https:\/\/gazetaregionalna.com\/index.php?rest_route=\/wp\/v2\/users\/7"}],"replies":[{"embeddable":true,"href":"https:\/\/gazetaregionalna.com\/index.php?rest_route=%2Fwp%2Fv2%2Fcomments&post=8760"}],"version-history":[{"count":1,"href":"https:\/\/gazetaregionalna.com\/index.php?rest_route=\/wp\/v2\/posts\/8760\/revisions"}],"predecessor-version":[{"id":8762,"href":"https:\/\/gazetaregionalna.com\/index.php?rest_route=\/wp\/v2\/posts\/8760\/revisions\/8762"}],"wp:featuredmedia":[{"embeddable":true,"href":"https:\/\/gazetaregionalna.com\/index.php?rest_route=\/wp\/v2\/media\/8761"}],"wp:attachment":[{"href":"https:\/\/gazetaregionalna.com\/index.php?rest_route=%2Fwp%2Fv2%2Fmedia&parent=8760"}],"wp:term":[{"taxonomy":"category","embeddable":true,"href":"https:\/\/gazetaregionalna.com\/index.php?rest_route=%2Fwp%2Fv2%2Fcategories&post=8760"},{"taxonomy":"post_tag","embeddable":true,"href":"https:\/\/gazetaregionalna.com\/index.php?rest_route=%2Fwp%2Fv2%2Ftags&post=8760"}],"curies":[{"name":"wp","href":"https:\/\/api.w.org\/{rel}","templated":true}]}}