{"id":87517,"date":"2022-07-25T20:06:05","date_gmt":"2022-07-25T20:06:05","guid":{"rendered":"https:\/\/gazetaregionalna.com\/?p=87517"},"modified":"2022-07-25T20:06:06","modified_gmt":"2022-07-25T20:06:06","slug":"czterech-czestochowian-zagralo-w-finale-mistrzostw-polski-juniorow-w-siatkowce-plazowej","status":"publish","type":"post","link":"https:\/\/gazetaregionalna.com\/?p=87517","title":{"rendered":"Czterech cz\u0119stochowian zagra\u0142o w finale mistrzostw Polski junior\u00f3w w siatk\u00f3wce pla\u017cowej"},"content":{"rendered":"\n<p>We Wroc\u0142awiu odby\u0142 si\u0119 fina\u0142 mistrzostw Polski w siatk\u00f3wce pla\u017cowej junior\u00f3w. Mistrzostwa na 9. miejscu zako\u0144czy\u0142y dwie pary z zawodnikami z Cz\u0119stochowy.<\/p>\n\n\n\n<p>W stawce 16 par znale\u017ali si\u0119: Jakub Kantorowicz i Marcel Po\u015bpiech oraz Seweryn Kwiatecki i Adrian Andruszkiewicz. Wszyscy trenuj\u0105 w cz\u0119stochowskim teamie siatk\u00f3wki pla\u017cowej Exact Systems\/BVB Team Cz\u0119stochowa. Kantorowicz i Po\u015bpiech weszli do mistrzostw graj\u0105c w eliminacjach w wojew\u00f3dztwie opolskim. Kwiatecki i Andruszkiewicz to medali\u015bci wojew\u00f3dztwa \u015bl\u0105skiego.<\/p>\n\n\n\n<p>Obydwie pary zagra\u0142y w turnieju po 3 meczach i zako\u0144czy\u0142y mistrzostwa na 9. miejscu maj\u0105c na koncie zwyci\u0119stwo i dwie pora\u017cki.<\/p>\n\n\n\n<p>&#8211; Przed sezonem awans dw\u00f3ch dru\u017cyn do 9 najlepszych w kraju przyj\u0105\u0142bym jako wielki sukces &#8211; powiedzia\u0142 trener pla\u017cowego zespo\u0142u Exact Systems Dariusz Parkitny. &#8211; Dzi\u015b mamy niedosyt, bo awans do si\u00f3demki lub walka o medale by\u0142a na wyci\u0105gni\u0119cie r\u0119ki. Dzi\u0119kuj\u0119 ca\u0142emu teamowi za ci\u0119\u017ck\u0105 prac\u0119 w tym sezonie. Dla wielu z nich dzisiejsze zawody s\u0105 ko\u0144cem &#8222;m\u0142odzie\u017c\u00f3wki&#8221; i startem w doros\u0142\u0105 siatk\u00f3wk\u0119. Najwa\u017cniejsze, \u017ce uda\u0142o nam si\u0119 stworzy\u0107 \u015bwietny kolektyw warto\u015bciowych ch\u0142opak\u00f3w, kt\u00f3rym przygoda z pla\u017c\u00f3wk\u0105 pomo\u017ce osi\u0105ga\u0107 kolejne cele. Dzi\u0119kuje zawodnikom i rodzicom bez kt\u00f3rych ten projekt, nie mia\u0142by sensu. Najwi\u0119ksze podzi\u0119kowania dla ca\u0142ej grupy sponsor\u00f3w wraz z Exact Systems.<\/p>\n\n\n\n<p>AK, fot: materia\u0142y prasowe BVB Team Cz\u0119stochowa<\/p>\n\n\n\n<figure class=\"wp-block-image size-large\"><img decoding=\"async\" width=\"1024\" height=\"768\" data-src=\"https:\/\/gazetaregionalna.com\/wp-content\/uploads\/2022\/07\/Junior-Wroclaw-1024x768.jpg\" alt=\"\" class=\"wp-image-87518 lazyload\" data-srcset=\"https:\/\/gazetaregionalna.com\/wp-content\/uploads\/2022\/07\/Junior-Wroclaw-1024x768.jpg 1024w, https:\/\/gazetaregionalna.com\/wp-content\/uploads\/2022\/07\/Junior-Wroclaw-300x225.jpg 300w, https:\/\/gazetaregionalna.com\/wp-content\/uploads\/2022\/07\/Junior-Wroclaw-768x576.jpg 768w, https:\/\/gazetaregionalna.com\/wp-content\/uploads\/2022\/07\/Junior-Wroclaw-1536x1152.jpg 1536w, https:\/\/gazetaregionalna.com\/wp-content\/uploads\/2022\/07\/Junior-Wroclaw-696x522.jpg 696w, https:\/\/gazetaregionalna.com\/wp-content\/uploads\/2022\/07\/Junior-Wroclaw-1068x801.jpg 1068w, https:\/\/gazetaregionalna.com\/wp-content\/uploads\/2022\/07\/Junior-Wroclaw-1920x1440.jpg 1920w, https:\/\/gazetaregionalna.com\/wp-content\/uploads\/2022\/07\/Junior-Wroclaw-560x420.jpg 560w, https:\/\/gazetaregionalna.com\/wp-content\/uploads\/2022\/07\/Junior-Wroclaw-80x60.jpg 80w, https:\/\/gazetaregionalna.com\/wp-content\/uploads\/2022\/07\/Junior-Wroclaw-265x198.jpg 265w, https:\/\/gazetaregionalna.com\/wp-content\/uploads\/2022\/07\/Junior-Wroclaw-scaled.jpg 1600w\" data-sizes=\"(max-width: 1024px) 100vw, 1024px\" src=\"data:image\/svg+xml;base64,PHN2ZyB3aWR0aD0iMSIgaGVpZ2h0PSIxIiB4bWxucz0iaHR0cDovL3d3dy53My5vcmcvMjAwMC9zdmciPjwvc3ZnPg==\" style=\"--smush-placeholder-width: 1024px; --smush-placeholder-aspect-ratio: 1024\/768;\" \/><\/figure>\n\n\n\n<figure class=\"wp-block-image size-large\"><img decoding=\"async\" width=\"1024\" height=\"768\" data-src=\"https:\/\/gazetaregionalna.com\/wp-content\/uploads\/2022\/07\/Junior-Wroclaw-2-1024x768.jpg\" alt=\"\" class=\"wp-image-87519 lazyload\" data-srcset=\"https:\/\/gazetaregionalna.com\/wp-content\/uploads\/2022\/07\/Junior-Wroclaw-2-1024x768.jpg 1024w, https:\/\/gazetaregionalna.com\/wp-content\/uploads\/2022\/07\/Junior-Wroclaw-2-300x225.jpg 300w, https:\/\/gazetaregionalna.com\/wp-content\/uploads\/2022\/07\/Junior-Wroclaw-2-768x576.jpg 768w, https:\/\/gazetaregionalna.com\/wp-content\/uploads\/2022\/07\/Junior-Wroclaw-2-1536x1152.jpg 1536w, https:\/\/gazetaregionalna.com\/wp-content\/uploads\/2022\/07\/Junior-Wroclaw-2-696x522.jpg 696w, https:\/\/gazetaregionalna.com\/wp-content\/uploads\/2022\/07\/Junior-Wroclaw-2-1068x801.jpg 1068w, https:\/\/gazetaregionalna.com\/wp-content\/uploads\/2022\/07\/Junior-Wroclaw-2-1920x1440.jpg 1920w, https:\/\/gazetaregionalna.com\/wp-content\/uploads\/2022\/07\/Junior-Wroclaw-2-560x420.jpg 560w, https:\/\/gazetaregionalna.com\/wp-content\/uploads\/2022\/07\/Junior-Wroclaw-2-80x60.jpg 80w, https:\/\/gazetaregionalna.com\/wp-content\/uploads\/2022\/07\/Junior-Wroclaw-2-265x198.jpg 265w, https:\/\/gazetaregionalna.com\/wp-content\/uploads\/2022\/07\/Junior-Wroclaw-2-scaled.jpg 1600w\" data-sizes=\"(max-width: 1024px) 100vw, 1024px\" src=\"data:image\/svg+xml;base64,PHN2ZyB3aWR0aD0iMSIgaGVpZ2h0PSIxIiB4bWxucz0iaHR0cDovL3d3dy53My5vcmcvMjAwMC9zdmciPjwvc3ZnPg==\" style=\"--smush-placeholder-width: 1024px; --smush-placeholder-aspect-ratio: 1024\/768;\" \/><\/figure>\n\n\n\n<figure class=\"wp-block-image size-large\"><img decoding=\"async\" width=\"300\" height=\"250\" data-src=\"https:\/\/gazetaregionalna.com\/wp-content\/uploads\/2022\/04\/DMK-5.jpg\" alt=\"\" class=\"wp-image-77213 lazyload\" src=\"data:image\/svg+xml;base64,PHN2ZyB3aWR0aD0iMSIgaGVpZ2h0PSIxIiB4bWxucz0iaHR0cDovL3d3dy53My5vcmcvMjAwMC9zdmciPjwvc3ZnPg==\" style=\"--smush-placeholder-width: 300px; --smush-placeholder-aspect-ratio: 300\/250;\"><\/figure>\n","protected":false},"excerpt":{"rendered":"<p>We Wroc\u0142awiu odby\u0142 si\u0119 fina\u0142 mistrzostw Polski w siatk\u00f3wce pla\u017cowej junior\u00f3w. Mistrzostwa na 9. miejscu zako\u0144czy\u0142y dwie pary z zawodnikami z Cz\u0119stochowy. W stawce<\/p>\n","protected":false},"author":15,"featured_media":87518,"comment_status":"closed","ping_status":"open","sticky":false,"template":"","format":"standard","meta":{"_monsterinsights_skip_tracking":false,"_monsterinsights_sitenote_active":false,"_monsterinsights_sitenote_note":"","_monsterinsights_sitenote_category":0,"_uf_show_specific_survey":0,"_uf_disable_surveys":false,"footnotes":""},"categories":[5,8],"tags":[],"class_list":["post-87517","post","type-post","status-publish","format-standard","has-post-thumbnail","hentry","category-sport","category-siatkowka"],"_links":{"self":[{"href":"https:\/\/gazetaregionalna.com\/index.php?rest_route=\/wp\/v2\/posts\/87517","targetHints":{"allow":["GET"]}}],"collection":[{"href":"https:\/\/gazetaregionalna.com\/index.php?rest_route=\/wp\/v2\/posts"}],"about":[{"href":"https:\/\/gazetaregionalna.com\/index.php?rest_route=\/wp\/v2\/types\/post"}],"author":[{"embeddable":true,"href":"https:\/\/gazetaregionalna.com\/index.php?rest_route=\/wp\/v2\/users\/15"}],"replies":[{"embeddable":true,"href":"https:\/\/gazetaregionalna.com\/index.php?rest_route=%2Fwp%2Fv2%2Fcomments&post=87517"}],"version-history":[{"count":1,"href":"https:\/\/gazetaregionalna.com\/index.php?rest_route=\/wp\/v2\/posts\/87517\/revisions"}],"predecessor-version":[{"id":87520,"href":"https:\/\/gazetaregionalna.com\/index.php?rest_route=\/wp\/v2\/posts\/87517\/revisions\/87520"}],"wp:featuredmedia":[{"embeddable":true,"href":"https:\/\/gazetaregionalna.com\/index.php?rest_route=\/wp\/v2\/media\/87518"}],"wp:attachment":[{"href":"https:\/\/gazetaregionalna.com\/index.php?rest_route=%2Fwp%2Fv2%2Fmedia&parent=87517"}],"wp:term":[{"taxonomy":"category","embeddable":true,"href":"https:\/\/gazetaregionalna.com\/index.php?rest_route=%2Fwp%2Fv2%2Fcategories&post=87517"},{"taxonomy":"post_tag","embeddable":true,"href":"https:\/\/gazetaregionalna.com\/index.php?rest_route=%2Fwp%2Fv2%2Ftags&post=87517"}],"curies":[{"name":"wp","href":"https:\/\/api.w.org\/{rel}","templated":true}]}}