{"id":87512,"date":"2022-07-25T13:49:09","date_gmt":"2022-07-25T13:49:09","guid":{"rendered":"https:\/\/gazetaregionalna.com\/?p=87512"},"modified":"2022-07-25T13:49:10","modified_gmt":"2022-07-25T13:49:10","slug":"jasna-gora-pielgrzymka-goralska","status":"publish","type":"post","link":"https:\/\/gazetaregionalna.com\/?p=87512","title":{"rendered":"Jasna G\u00f3ra. W tym tygodniu do sanktuarium dotrze m.in. pielgrzymka g\u00f3ralska"},"content":{"rendered":"\n<h2 class=\"wp-block-heading\">W tym tygodniu na Jasn\u0105 G\u00f3r\u0119 dotr\u0105 m.in.\u00a0<strong>piesze pielgrzymki diecezji bydgoskiej oraz g\u00f3ralska<\/strong>. <\/h2>\n\n\n\n<p>Sezon pielgrzymkowy trwa! <a href=\"http:\/\/www.jasnagora.com\/\" target=\"_blank\" rel=\"noopener\">Biuro Prasowe Jasnej G\u00f3ry<\/a> zapowiada przybycie do sanktuarium kolejnych grup p\u0105tniczych. I tak w pi\u0105tek, 29 lipca msz\u0105 \u015bw. o godz. 17 w Bazylice rozpocznie si\u0119\u00a0Pielgrzymka Apostolatu Maryjnego, jej uczestnicy wezm\u0105 udzia\u0142 w nocnym czuwaniu. G\u0142\u00f3wne uroczysto\u015bci odb\u0119d\u0105 si\u0119 w sobot\u0119, 31 lipca na szczycie o. 11.30. <\/p>\n\n\n\n<p>Spotkaniem w Sali R\u00f3\u017ca\u0144cowej o godz.18 w sobot\u0119, 30 lipca, rozpocznie si\u0119\u00a0za\u015b pielgrzymka nowogr\u00f3dzian. W ten spos\u00f3b od lat potomkowie i bliscy dawnych mieszka\u0144c\u00f3w Nowogr\u00f3dka czcz\u0105 pami\u0119\u0107 11 si\u00f3str nazaretanek z tego miasta, rozstrzelanych przez Niemc\u00f3w 1 sierpnia 1943 r. Zakonnice, kt\u00f3re odda\u0142y \u017cycie za innych mieszka\u0144c\u00f3w, beatyfikowa\u0142 Jan Pawe\u0142 II. Msza \u015bw. odb\u0119dzie si\u0119 w niedziel\u0119, 31 lipca o godz.9.30 w Kaplicy Matki Bo\u017cej o 9.30.<\/p>\n\n\n\n<p>Z kolei w niedziel\u0119, 31 lipca, dotrze\u00a0Piesza Pielgrzymka Diecezji Bydgoskiej. P\u0105tnicy kieruj\u0105 si\u0119 na Jasn\u0105 G\u00f3r\u0119 ju\u017c po raz osiemnasty. Tegoroczna pielgrzyma zosta\u0142a zorganizowana w tradycyjnej formie. Has\u0142o tegorocznych rekolekcji w drodze to: \u201ePos\u0142ani w pokoju Chrystusa\u201d. G\u0142\u00f3wny przewodnik to ks. Krzysztof Kl\u00f3ska. Grupy wyruszy\u0142y z Bydgoszczy, a tak\u017ce z G\u00f3rki Klasztornej (gdzie znajduje si\u0119 najstarsze sanktuarium maryjne w Polsce), Nak\u0142a nad Noteci\u0105, S\u0119p\u00f3lna Kraje\u0144skiego i Szubina. <\/p>\n\n\n\n<p>Jest te\u017c grupa akademicka, kt\u00f3ra prowadzi ks. Piotr Wachowski. Im towarzyszy has\u0142o \u201ePomi\u0119dzy nami\u201d. To nawi\u0105zanie do fragmentu hymnu z wielkanocnych Nieszpor\u00f3w \u201ePomi\u0119dzy nami idziesz, Panie, po kamienistej drodze \u017cycia. I s\u0142uchasz s\u0142\u00f3w zrodzonych z l\u0119ku, przed jutrem pe\u0142nym tajemnicy..\u201d Wej\u015bcie 18. Pieszej Pielgrzymki Diec. Bydgoskiej przewidziano o 11, a msza \u015bw. pielgrzymkowa rozpocznie si\u0119 w Kaplicy Matki Bo\u017cej o godz. 12.30.<\/p>\n\n\n\n<p>Tego samego dnia do sanatorium dotrze tak\u017ce tradycyjna\u00a0Piesza Pielgrzymka G\u00f3ralska. Wierni wyruszyli w ni\u0105 ju\u017c po raz 41. Wej\u015bcie tej niezwykle barwnej grupy zaplanowano na 13. G\u00f3rale w progi sanktuarium wkraczaj\u0105 w regionalnych strojach i przy d\u017awi\u0119kach g\u00f3ralskiej muzyki. Obok rdzennych mieszka\u0144c\u00f3w Podhala, ch\u0119tnie id\u0105 z nimi pielgrzymi z r\u00f3\u017cnych stron Polski.<\/p>\n\n\n\n<p>Msza \u015bw. pielgrzymkowa sprawowana b\u0119dzie za\u015b w Bazylice o godz. 14.30, a przewodniczy\u0107 jej ma metropolita krakowski abp Marek J\u0119draszewski. <\/p>\n\n\n\n<p>G\u00f3rale na Jasn\u0105 G\u00f3r\u0119 id\u0105 w czterech grupach pielgrzymkowych: nowotarskiej, orawskiej, rabcza\u0144skiej i z Bachled\u00f3wki. P\u0105tnikom towarzyszy has\u0142o &#8222;Pos\u0142ani w pokoju Chrystusa&#8221;. G\u0142\u00f3wnym przewodnikiem jest paulin z Bachled\u00f3wki o. \u0141ukasz Flader. <\/p>\n\n\n\n<p>Pieszo pielgrzymuje nie tylko Polska. Tego fenomenu chcieli do\u015bwiadczy\u0107 tak\u017ce\u00a0m\u0142odzi mieszka\u0144cy z Hiszpanii. Ok. 70 os\u00f3b z dw\u00f3ch parafii barcelo\u0144skich wyruszy\u0142o pieszo z Krakowa. Na Jasn\u0105 G\u00f3r\u0119 dotarli w poniedzia\u0142ek. Z kolei 30 lipca\u00a0dotrze\u0107 ma tak\u017ce piesza pielgrzymka z Ostrawy w Republice Czeskiej. Wierni spotkaj\u0105 si\u0119 na mszy \u015bw. w Kaplicy Matki Bo\u017cej o 13.30. <\/p>\n\n\n\n<p>Polak\u00f3w i Czech\u00f3w po\u0142\u0105czy\u0142a pauli\u0144ska parafia pw. Niepokalanego Pocz\u0119cia Naj\u015bwi\u0119tszej Maryi Panny w Ostrawie \u2013 Przywozie. Warto doda\u0107, \u017ce pielgrzymka z Ostrawy jest drug\u0105 obok grupy z Zaolzia pielgrzymk\u0105 wyruszaj\u0105c\u0105 z Republiki Czeskiej. Ponadto zza po\u0142udniowej granicy \u2013 ze S\u0142owacji \u2013 pod szczyt przychodz\u0105 tak\u017ce grupy z Vranova nad Toplou (13 sierpnia) i z Trnawy (25 sierpnia).<\/p>\n\n\n\n<p><strong>ZS<\/strong><\/p>\n","protected":false},"excerpt":{"rendered":"<p>W tym tygodniu na Jasn\u0105 G\u00f3r\u0119 dotr\u0105 m.in.\u00a0piesze pielgrzymki diecezji bydgoskiej oraz g\u00f3ralska. Sezon pielgrzymkowy trwa! Biuro Prasowe Jasnej G\u00f3ry zapowiada przybycie do sanktuarium<\/p>\n","protected":false},"author":18,"featured_media":87514,"comment_status":"closed","ping_status":"open","sticky":false,"template":"","format":"standard","meta":{"_monsterinsights_skip_tracking":false,"_monsterinsights_sitenote_active":false,"_monsterinsights_sitenote_note":"","_monsterinsights_sitenote_category":0,"_uf_show_specific_survey":0,"_uf_disable_surveys":false,"footnotes":""},"categories":[2,3,4],"tags":[200,2004],"class_list":["post-87512","post","type-post","status-publish","format-standard","has-post-thumbnail","hentry","category-wiadomosci","category-czestochowa-informacje","category-region","tag-jasna-gora","tag-pielgrzymki"],"_links":{"self":[{"href":"https:\/\/gazetaregionalna.com\/index.php?rest_route=\/wp\/v2\/posts\/87512","targetHints":{"allow":["GET"]}}],"collection":[{"href":"https:\/\/gazetaregionalna.com\/index.php?rest_route=\/wp\/v2\/posts"}],"about":[{"href":"https:\/\/gazetaregionalna.com\/index.php?rest_route=\/wp\/v2\/types\/post"}],"author":[{"embeddable":true,"href":"https:\/\/gazetaregionalna.com\/index.php?rest_route=\/wp\/v2\/users\/18"}],"replies":[{"embeddable":true,"href":"https:\/\/gazetaregionalna.com\/index.php?rest_route=%2Fwp%2Fv2%2Fcomments&post=87512"}],"version-history":[{"count":2,"href":"https:\/\/gazetaregionalna.com\/index.php?rest_route=\/wp\/v2\/posts\/87512\/revisions"}],"predecessor-version":[{"id":87515,"href":"https:\/\/gazetaregionalna.com\/index.php?rest_route=\/wp\/v2\/posts\/87512\/revisions\/87515"}],"wp:featuredmedia":[{"embeddable":true,"href":"https:\/\/gazetaregionalna.com\/index.php?rest_route=\/wp\/v2\/media\/87514"}],"wp:attachment":[{"href":"https:\/\/gazetaregionalna.com\/index.php?rest_route=%2Fwp%2Fv2%2Fmedia&parent=87512"}],"wp:term":[{"taxonomy":"category","embeddable":true,"href":"https:\/\/gazetaregionalna.com\/index.php?rest_route=%2Fwp%2Fv2%2Fcategories&post=87512"},{"taxonomy":"post_tag","embeddable":true,"href":"https:\/\/gazetaregionalna.com\/index.php?rest_route=%2Fwp%2Fv2%2Ftags&post=87512"}],"curies":[{"name":"wp","href":"https:\/\/api.w.org\/{rel}","templated":true}]}}