{"id":87494,"date":"2022-07-25T10:03:12","date_gmt":"2022-07-25T10:03:12","guid":{"rendered":"https:\/\/gazetaregionalna.com\/?p=87494"},"modified":"2022-07-25T10:03:47","modified_gmt":"2022-07-25T10:03:47","slug":"miedzynarodowy-konkurs-fotograficzny-w-czestochowie","status":"publish","type":"post","link":"https:\/\/gazetaregionalna.com\/?p=87494","title":{"rendered":"Mi\u0119dzynarodowy konkurs fotograficzny w Cz\u0119stochowie &#8211; ruszy\u0142a 4. edycja"},"content":{"rendered":"\n<p><strong>W ci\u0105gu trzech lat funkcjonowania na konkurs FUJIFILM MOMENT STREET PHOTO AWARDS, organizowany przez O\u015brodek Promocji Kultury &#8222;Gaude Mater&#8221; oraz Wydzia\u0142 Kultury, Promocji i Sportu Urz\u0119du Miasta Cz\u0119stochowy, przes\u0142ano prawie 7 tys. zdj\u0119\u0107.<\/strong><br><br>G\u0142\u00f3wn\u0105 nagrod\u0105 w 2022 roku jest aparat Fujifilm X-pro3 z obiektywem i 2000 z\u0142. Druga to aparat Fujifilm X-E4 z obiektywem oraz 1000 z\u0142, a trzecia &#8211; 4000 z\u0142. Dodatkowo na laureat\u00f3w czekaj\u0105: plecak, torba i akcesoria marki Peak Design.<\/p>\n\n\n\n<p>Konkurs ma na celu promocj\u0119 i wspieranie fotograf\u00f3w dzia\u0142aj\u0105cych w tym gatunku i adresowany jest do wszystkich fotografuj\u0105cych \u2013 profesjonalnie lub amatorsko &#8211; na ca\u0142ym \u015bwiecie, niezale\u017cnie od tego czym robi\u0105 zdj\u0119cia &#8211; lustrzank\u0105, bezlusterkowcem, analogiem czy smartfonem. Sponsorem tytularnym konkursu zostali Fujifilm oraz Peak Design.<br><br>Najlepsze fotografie uliczne z ca\u0142ego \u015bwiata wybierze Jury 4. edycji Fujifilm Moment Street Photo Awards z\u0142o\u017cone ze znakomitych streetowc\u00f3w i dokumentalist\u00f3w. W tym roku wyboru dokonaj\u0105: Anna K\u0142osek, Karolina Trapp, Taras Bychko, Maciej Jeziorek i Wojciech Barczy\u0144ski. Wyniki poznamy w po\u0142owie grudnia 2022 roku podczas gali otwarcia wystawy pokonkursowej, kt\u00f3ra odb\u0119dzie si\u0119 w O\u015brodku Promocji Kultury \u201eGaude Mater\u201d w Cz\u0119stochowie. Jak co roku wystawa ruszy tak\u017ce w tras\u0119 po Polsce.<\/p>\n\n\n\n<p>Fotografie konkursowe, zrobione po 7 listopada zesz\u0142ego roku, nale\u017cy przesy\u0142a\u0107 na adres organizatora do 7 listopada 2022 roku, zgodnie z wytycznymi, kt\u00f3re okre\u015bla regulamin konkursu, kt\u00f3ry mo\u017cna go znale\u017a\u0107 <a href=\"https:\/\/www.momentstreetphoto.pl\/\" target=\"_blank\" rel=\"noopener\">tutaj<\/a>.<\/p>\n\n\n\n<p>Fujifilm Moment Street Photo Awards 2022 jest tak\u017ce obecny na Faceboku oraz na Instagramie pod nazw\u0105 @momentstreetphotoawards. Publikowane s\u0105 tam losowo wybrane fotografie zg\u0142oszone na konkurs.<\/p>\n\n\n\n<p>LN\/UM Cz\u0119stochowy<\/p>\n","protected":false},"excerpt":{"rendered":"<p>W ci\u0105gu trzech lat funkcjonowania na konkurs FUJIFILM MOMENT STREET PHOTO AWARDS, organizowany przez O\u015brodek Promocji Kultury &#8222;Gaude Mater&#8221; oraz Wydzia\u0142 Kultury, Promocji i<\/p>\n","protected":false},"author":26,"featured_media":0,"comment_status":"closed","ping_status":"open","sticky":false,"template":"","format":"standard","meta":{"_monsterinsights_skip_tracking":false,"_monsterinsights_sitenote_active":false,"_monsterinsights_sitenote_note":"","_monsterinsights_sitenote_category":0,"_uf_show_specific_survey":0,"_uf_disable_surveys":false,"footnotes":""},"categories":[2,3],"tags":[144,583,5710,89,1037],"class_list":["post-87494","post","type-post","status-publish","format-standard","hentry","category-wiadomosci","category-czestochowa-informacje","tag-czestochowa","tag-fotografia","tag-fujifilm-moment-street-photo-awards","tag-konkurs","tag-miedzynarodowy-konkurs-fujifilm-moment-street-photo-awards"],"_links":{"self":[{"href":"https:\/\/gazetaregionalna.com\/index.php?rest_route=\/wp\/v2\/posts\/87494","targetHints":{"allow":["GET"]}}],"collection":[{"href":"https:\/\/gazetaregionalna.com\/index.php?rest_route=\/wp\/v2\/posts"}],"about":[{"href":"https:\/\/gazetaregionalna.com\/index.php?rest_route=\/wp\/v2\/types\/post"}],"author":[{"embeddable":true,"href":"https:\/\/gazetaregionalna.com\/index.php?rest_route=\/wp\/v2\/users\/26"}],"replies":[{"embeddable":true,"href":"https:\/\/gazetaregionalna.com\/index.php?rest_route=%2Fwp%2Fv2%2Fcomments&post=87494"}],"version-history":[{"count":1,"href":"https:\/\/gazetaregionalna.com\/index.php?rest_route=\/wp\/v2\/posts\/87494\/revisions"}],"predecessor-version":[{"id":87495,"href":"https:\/\/gazetaregionalna.com\/index.php?rest_route=\/wp\/v2\/posts\/87494\/revisions\/87495"}],"wp:attachment":[{"href":"https:\/\/gazetaregionalna.com\/index.php?rest_route=%2Fwp%2Fv2%2Fmedia&parent=87494"}],"wp:term":[{"taxonomy":"category","embeddable":true,"href":"https:\/\/gazetaregionalna.com\/index.php?rest_route=%2Fwp%2Fv2%2Fcategories&post=87494"},{"taxonomy":"post_tag","embeddable":true,"href":"https:\/\/gazetaregionalna.com\/index.php?rest_route=%2Fwp%2Fv2%2Ftags&post=87494"}],"curies":[{"name":"wp","href":"https:\/\/api.w.org\/{rel}","templated":true}]}}