{"id":87476,"date":"2022-07-25T08:15:45","date_gmt":"2022-07-25T08:15:45","guid":{"rendered":"https:\/\/gazetaregionalna.com\/?p=87476"},"modified":"2022-07-25T09:42:41","modified_gmt":"2022-07-25T09:42:41","slug":"jubileusz-fundacji-im-sw-jadwigi-muzeum","status":"publish","type":"post","link":"https:\/\/gazetaregionalna.com\/?p=87476","title":{"rendered":"Jubileusz Fundacji im. \u015bw. Jadwigi w cz\u0119stochowskim Muzeum Monet i Medali Jana Paw\u0142a II"},"content":{"rendered":"\n<h2 class=\"wp-block-heading\">W Muzeum Monet i Medali Jana Paw\u0142a II odby\u0142a si\u0119 uroczysto\u015b\u0107 z okazji dziesi\u0119ciolecia dzia\u0142alno\u015bci Fundacji Wspierania Kultury, Sztuki i Tradycji R\u0119kodzie\u0142a Artystycznego im. \u015aw. Kr\u00f3lowej Jadwigi z siedzib\u0105 w Cz\u0119stochowie.<\/h2>\n\n\n\n<p>Wydarzenie mia\u0142o miejsce 16 lipca w cz\u0119stochowskim <a href=\"https:\/\/www.facebook.com\/jp2muzeum\" target=\"_blank\" rel=\"noopener\">Muzeum Monet i Medali Jana Paw\u0142a II<\/a>. Przypomnijmy, \u017ce Fundacja Wspierania Kultury, Sztuki i Tradycji R\u0119kodzie\u0142a Artystycznego im. \u015aw. Kr\u00f3lowej Jadwigi wraz z wolontariuszami stworzy\u0142a m.in. repliki obraz\u00f3w Jana Matejki, wykonane metod\u0105 haftu krzy\u017cykowego. Mowa o dzie\u0142ach &#8222;Bitwa pod Grunwaldem&#8221;, &#8222;Jan Sobieski pod Wiedniem&#8221; oraz &#8222;Zamojski pod Byczyn\u0105&#8221;.<\/p>\n\n\n\n<figure class=\"wp-block-image size-large\"><img decoding=\"async\" width=\"800\" height=\"533\" data-src=\"https:\/\/gazetaregionalna.com\/wp-content\/uploads\/2022\/07\/14227_823940b5eeb8f6b91c078f829e9c55b6.jpg\" alt=\"\" class=\"wp-image-87484 lazyload\" data-srcset=\"https:\/\/gazetaregionalna.com\/wp-content\/uploads\/2022\/07\/14227_823940b5eeb8f6b91c078f829e9c55b6.jpg 800w, https:\/\/gazetaregionalna.com\/wp-content\/uploads\/2022\/07\/14227_823940b5eeb8f6b91c078f829e9c55b6-300x200.jpg 300w, https:\/\/gazetaregionalna.com\/wp-content\/uploads\/2022\/07\/14227_823940b5eeb8f6b91c078f829e9c55b6-768x512.jpg 768w, https:\/\/gazetaregionalna.com\/wp-content\/uploads\/2022\/07\/14227_823940b5eeb8f6b91c078f829e9c55b6-696x464.jpg 696w, https:\/\/gazetaregionalna.com\/wp-content\/uploads\/2022\/07\/14227_823940b5eeb8f6b91c078f829e9c55b6-630x420.jpg 630w\" data-sizes=\"(max-width: 800px) 100vw, 800px\" src=\"data:image\/svg+xml;base64,PHN2ZyB3aWR0aD0iMSIgaGVpZ2h0PSIxIiB4bWxucz0iaHR0cDovL3d3dy53My5vcmcvMjAwMC9zdmciPjwvc3ZnPg==\" style=\"--smush-placeholder-width: 800px; --smush-placeholder-aspect-ratio: 800\/533;\" \/><figcaption>Replika obrazu &#8222;Jan Sobieski pod Wiedniem&#8221; wykonana metod\u0105 haftu krzy\u017cykowego prezentowana w Muzeum Monet i Medali Jana Paw\u0142a II (fot. Muzeum Monet i Medali Jana Paw\u0142a II)<\/figcaption><\/figure>\n\n\n\n<p>Podczas uroczysto\u015bci z okazji 10-lecia Fundacja zosta\u0142a odznaczona Medalem Polonia Semper Fidelis, przyznanym przez Kapitu\u0142\u0119 Konfederacji Orderu \u015bw. Stanis\u0142awa MB. Odznaczenie odebra\u0142 prezes organizacji Adam Panek. Doceniono w ten spos\u00f3b zas\u0142ugi i wk\u0142ad w piel\u0119gnowanie historii i tradycji narodowych oraz propagowanie kultury polskiej.<\/p>\n\n\n\n<figure class=\"wp-block-image size-large\"><img decoding=\"async\" width=\"800\" height=\"533\" data-src=\"https:\/\/gazetaregionalna.com\/wp-content\/uploads\/2022\/07\/14225_823940b5eeb8f6b91c078f829e9c55b6.jpg\" alt=\"\" class=\"wp-image-87483 lazyload\" data-srcset=\"https:\/\/gazetaregionalna.com\/wp-content\/uploads\/2022\/07\/14225_823940b5eeb8f6b91c078f829e9c55b6.jpg 800w, https:\/\/gazetaregionalna.com\/wp-content\/uploads\/2022\/07\/14225_823940b5eeb8f6b91c078f829e9c55b6-300x200.jpg 300w, https:\/\/gazetaregionalna.com\/wp-content\/uploads\/2022\/07\/14225_823940b5eeb8f6b91c078f829e9c55b6-768x512.jpg 768w, https:\/\/gazetaregionalna.com\/wp-content\/uploads\/2022\/07\/14225_823940b5eeb8f6b91c078f829e9c55b6-696x464.jpg 696w, https:\/\/gazetaregionalna.com\/wp-content\/uploads\/2022\/07\/14225_823940b5eeb8f6b91c078f829e9c55b6-630x420.jpg 630w\" data-sizes=\"(max-width: 800px) 100vw, 800px\" src=\"data:image\/svg+xml;base64,PHN2ZyB3aWR0aD0iMSIgaGVpZ2h0PSIxIiB4bWxucz0iaHR0cDovL3d3dy53My5vcmcvMjAwMC9zdmciPjwvc3ZnPg==\" style=\"--smush-placeholder-width: 800px; --smush-placeholder-aspect-ratio: 800\/533;\" \/><figcaption>10-lecie Fundacji im. \u015bw. Jadwigi (fot. Muzeum Monet i Medali Jana Paw\u0142a II)<\/figcaption><\/figure>\n\n\n\n<p>W\u015br\u00f3d zaproszonych go\u015bci znalaz\u0142a si\u0119 Maria Serafi\u0144ska-Doma\u0144ska, kt\u00f3ra prowadzi Muzeum Jana Matejki w Nowym Wi\u015bniczu i jest spokrewniona z wybitnym malarzem. Wydarzenie u\u015bwietni\u0142 aktor Teatru im. A Mickiewicza Antoni Rot, kt\u00f3ry recytowa\u0142 fragmenty list\u00f3w Kr\u00f3la Jana III Sobieskiego do Marysie\u0144ki.<\/p>\n\n\n\n<p>Szczeg\u00f3\u0142y: <a href=\"http:\/\/www.jp2muzeum.pl\/\" target=\"_blank\" rel=\"noopener\">www.jp2muzeum.pl.<\/a><\/p>\n","protected":false},"excerpt":{"rendered":"<p>W Muzeum Monet i Medali Jana Paw\u0142a II odby\u0142a si\u0119 uroczysto\u015b\u0107 z okazji dziesi\u0119ciolecia dzia\u0142alno\u015bci Fundacji Wspierania Kultury, Sztuki i Tradycji R\u0119kodzie\u0142a Artystycznego im.<\/p>\n","protected":false},"author":18,"featured_media":87486,"comment_status":"closed","ping_status":"open","sticky":false,"template":"","format":"standard","meta":{"_monsterinsights_skip_tracking":false,"_monsterinsights_sitenote_active":false,"_monsterinsights_sitenote_note":"","_monsterinsights_sitenote_category":0,"_uf_show_specific_survey":0,"_uf_disable_surveys":false,"footnotes":""},"categories":[12,3,2],"tags":[1169,645],"class_list":["post-87476","post","type-post","status-publish","format-standard","has-post-thumbnail","hentry","category-kultura-i-rozrywka","category-czestochowa-informacje","category-wiadomosci","tag-jubileusz","tag-muzeum-monet-i-medali-jana-pawla-ii"],"_links":{"self":[{"href":"https:\/\/gazetaregionalna.com\/index.php?rest_route=\/wp\/v2\/posts\/87476","targetHints":{"allow":["GET"]}}],"collection":[{"href":"https:\/\/gazetaregionalna.com\/index.php?rest_route=\/wp\/v2\/posts"}],"about":[{"href":"https:\/\/gazetaregionalna.com\/index.php?rest_route=\/wp\/v2\/types\/post"}],"author":[{"embeddable":true,"href":"https:\/\/gazetaregionalna.com\/index.php?rest_route=\/wp\/v2\/users\/18"}],"replies":[{"embeddable":true,"href":"https:\/\/gazetaregionalna.com\/index.php?rest_route=%2Fwp%2Fv2%2Fcomments&post=87476"}],"version-history":[{"count":9,"href":"https:\/\/gazetaregionalna.com\/index.php?rest_route=\/wp\/v2\/posts\/87476\/revisions"}],"predecessor-version":[{"id":87493,"href":"https:\/\/gazetaregionalna.com\/index.php?rest_route=\/wp\/v2\/posts\/87476\/revisions\/87493"}],"wp:featuredmedia":[{"embeddable":true,"href":"https:\/\/gazetaregionalna.com\/index.php?rest_route=\/wp\/v2\/media\/87486"}],"wp:attachment":[{"href":"https:\/\/gazetaregionalna.com\/index.php?rest_route=%2Fwp%2Fv2%2Fmedia&parent=87476"}],"wp:term":[{"taxonomy":"category","embeddable":true,"href":"https:\/\/gazetaregionalna.com\/index.php?rest_route=%2Fwp%2Fv2%2Fcategories&post=87476"},{"taxonomy":"post_tag","embeddable":true,"href":"https:\/\/gazetaregionalna.com\/index.php?rest_route=%2Fwp%2Fv2%2Ftags&post=87476"}],"curies":[{"name":"wp","href":"https:\/\/api.w.org\/{rel}","templated":true}]}}