{"id":87423,"date":"2022-07-22T16:10:15","date_gmt":"2022-07-22T16:10:15","guid":{"rendered":"https:\/\/gazetaregionalna.com\/?p=87423"},"modified":"2022-07-22T16:10:16","modified_gmt":"2022-07-22T16:10:16","slug":"alez-sie-szykuja-emocje-wicelider-wlokniarz-podejmuje-niepokonanego-lidera-z-lublina","status":"publish","type":"post","link":"https:\/\/gazetaregionalna.com\/?p=87423","title":{"rendered":"Ale\u017c si\u0119 szykuj\u0105 emocje! Wicelider W\u0142\u00f3kniarz podejmuje niepokonanego lidera z Lublina"},"content":{"rendered":"\n<p>W niedziel\u0119 o godz. 19:15 wicelider zielona-energia.com W\u0142\u00f3kniarz zmierzy si\u0119 z niepokonanym liderem PGE Ekstraligi Motorem Lublin. Hit sezonu ma ogl\u0105da\u0107 komplet publiczno\u015bci&#8230;<\/p>\n\n\n\n<p>Dwie kolejki pozosta\u0142y do zako\u0144czenia rundy zasadniczej w PGE Ekstralidze. Jest ju\u017c pewne, \u017ce liderem b\u0119dzie Motor Lublin, kt\u00f3ry nie przegra\u0142 jeszcze ani jednego meczu. Ale tu\u017c za jego plecami trwa zaci\u0119ta walka o pozycj\u0119 2., 3. i 4. Kibice zielona-energia.com W\u0142\u00f3kniarz zastanawiaj\u0105 si\u0119, czy cz\u0119stochowscy \u017cu\u017clowcy jako pierwsi w sezonie pokonaj\u0105 niepokonany Motor? Jest na to du\u017ca szansa. \u201eLwy\u201d b\u0119dzie wspiera\u0142a rekordowa w tym sezonie liczba kibic\u00f3w i by\u0107 mo\u017ce to uskrzydli cz\u0119stochowskich zawodnik\u00f3w.<\/p>\n\n\n\n<p>Do Cz\u0119stochowy przyjad\u0105 m.in.: Mikkel Michelsen, rodowity cz\u0119stochowianin Maksym Drabik czy utytu\u0142owany Jaros\u0142aw Hampel. Nie mo\u017cna te\u017c zapomina\u0107 o gro\u017anym Dominiku Kuberze. A to zapowiada olbrzymie emocje&#8230;<\/p>\n\n\n\n<p>Niedzielny pojedynek zaplanowano o godz. 19:15. Dzia\u0142acze W\u0142\u00f3kniarza zach\u0119caj\u0105 kibic\u00f3w do zakupu bilet\u00f3w w przedsprzeda\u017cy. W dniu meczu, czyli w niedziel\u0119 ka\u017cda z wej\u015bci\u00f3wek b\u0119dzie o 10 z\u0142 dro\u017csza ni\u017c w przedsprzeda\u017cy.<\/p>\n\n\n\n<p><strong>AK<\/strong>, fot: <strong>AK<\/strong><\/p>\n\n\n\n<p><strong>Awizowane sk\u0142ady:<\/strong><\/p>\n\n\n\n<p><strong>zielona-energia.com W\u0142\u00f3kniarz:<\/strong> 9. Leon Madsen, 10. Bartosz Smekta\u0142a, 11. Kacper Woryna, 12. Jonas Jeppesen, 13. Fredrik Lindgren, 14. Mateusz \u015awidnicki, 15. Jakub Mi\u015bkowiak.<\/p>\n\n\n\n<p><strong>Motor Lublin:<\/strong> 1. Mikkel Michelsen, 2. Maksym Drabik, 3. Jaros\u0142aw Hampel, 4. Antti Vuolas, 5. zz, 6. Wiktor Lampart, 7. Mateusz Cierniak, 8. Dominik Kubera.<\/p>\n\n\n\n<figure class=\"wp-block-image size-large\"><img decoding=\"async\" width=\"1024\" height=\"683\" data-src=\"https:\/\/gazetaregionalna.com\/wp-content\/uploads\/2022\/06\/CKM-Gorzow-55-1024x683.jpg\" alt=\"\" class=\"wp-image-84473 lazyload\" data-srcset=\"https:\/\/gazetaregionalna.com\/wp-content\/uploads\/2022\/06\/CKM-Gorzow-55-1024x683.jpg 1024w, https:\/\/gazetaregionalna.com\/wp-content\/uploads\/2022\/06\/CKM-Gorzow-55-300x200.jpg 300w, https:\/\/gazetaregionalna.com\/wp-content\/uploads\/2022\/06\/CKM-Gorzow-55-768x512.jpg 768w, https:\/\/gazetaregionalna.com\/wp-content\/uploads\/2022\/06\/CKM-Gorzow-55-1536x1024.jpg 1536w, https:\/\/gazetaregionalna.com\/wp-content\/uploads\/2022\/06\/CKM-Gorzow-55-2048x1366.jpg 2048w, https:\/\/gazetaregionalna.com\/wp-content\/uploads\/2022\/06\/CKM-Gorzow-55-696x464.jpg 696w, https:\/\/gazetaregionalna.com\/wp-content\/uploads\/2022\/06\/CKM-Gorzow-55-1068x712.jpg 1068w, https:\/\/gazetaregionalna.com\/wp-content\/uploads\/2022\/06\/CKM-Gorzow-55-1920x1280.jpg 1920w, https:\/\/gazetaregionalna.com\/wp-content\/uploads\/2022\/06\/CKM-Gorzow-55-630x420.jpg 630w, https:\/\/gazetaregionalna.com\/wp-content\/uploads\/2022\/06\/CKM-Gorzow-55-scaled.jpg 1600w\" data-sizes=\"(max-width: 1024px) 100vw, 1024px\" src=\"data:image\/svg+xml;base64,PHN2ZyB3aWR0aD0iMSIgaGVpZ2h0PSIxIiB4bWxucz0iaHR0cDovL3d3dy53My5vcmcvMjAwMC9zdmciPjwvc3ZnPg==\" style=\"--smush-placeholder-width: 1024px; --smush-placeholder-aspect-ratio: 1024\/683;\" \/><\/figure>\n\n\n\n<figure class=\"wp-block-image size-large\"><img decoding=\"async\" width=\"300\" height=\"250\" data-src=\"https:\/\/gazetaregionalna.com\/wp-content\/uploads\/2022\/04\/DMK-7.jpg\" alt=\"\" class=\"wp-image-77214 lazyload\" src=\"data:image\/svg+xml;base64,PHN2ZyB3aWR0aD0iMSIgaGVpZ2h0PSIxIiB4bWxucz0iaHR0cDovL3d3dy53My5vcmcvMjAwMC9zdmciPjwvc3ZnPg==\" style=\"--smush-placeholder-width: 300px; --smush-placeholder-aspect-ratio: 300\/250;\"><\/figure>\n\n\n\n<figure class=\"wp-block-image size-large\"><img decoding=\"async\" width=\"1024\" height=\"683\" data-src=\"https:\/\/gazetaregionalna.com\/wp-content\/uploads\/2022\/06\/CKM-Gorzow-7-1024x683.jpg\" alt=\"\" class=\"wp-image-84463 lazyload\" data-srcset=\"https:\/\/gazetaregionalna.com\/wp-content\/uploads\/2022\/06\/CKM-Gorzow-7-1024x683.jpg 1024w, https:\/\/gazetaregionalna.com\/wp-content\/uploads\/2022\/06\/CKM-Gorzow-7-300x200.jpg 300w, https:\/\/gazetaregionalna.com\/wp-content\/uploads\/2022\/06\/CKM-Gorzow-7-768x512.jpg 768w, https:\/\/gazetaregionalna.com\/wp-content\/uploads\/2022\/06\/CKM-Gorzow-7-1536x1024.jpg 1536w, https:\/\/gazetaregionalna.com\/wp-content\/uploads\/2022\/06\/CKM-Gorzow-7-2048x1366.jpg 2048w, https:\/\/gazetaregionalna.com\/wp-content\/uploads\/2022\/06\/CKM-Gorzow-7-696x464.jpg 696w, https:\/\/gazetaregionalna.com\/wp-content\/uploads\/2022\/06\/CKM-Gorzow-7-1068x712.jpg 1068w, https:\/\/gazetaregionalna.com\/wp-content\/uploads\/2022\/06\/CKM-Gorzow-7-1920x1280.jpg 1920w, https:\/\/gazetaregionalna.com\/wp-content\/uploads\/2022\/06\/CKM-Gorzow-7-630x420.jpg 630w, https:\/\/gazetaregionalna.com\/wp-content\/uploads\/2022\/06\/CKM-Gorzow-7-scaled.jpg 1600w\" data-sizes=\"(max-width: 1024px) 100vw, 1024px\" src=\"data:image\/svg+xml;base64,PHN2ZyB3aWR0aD0iMSIgaGVpZ2h0PSIxIiB4bWxucz0iaHR0cDovL3d3dy53My5vcmcvMjAwMC9zdmciPjwvc3ZnPg==\" style=\"--smush-placeholder-width: 1024px; --smush-placeholder-aspect-ratio: 1024\/683;\" \/><\/figure>\n","protected":false},"excerpt":{"rendered":"<p>W niedziel\u0119 o godz. 19:15 wicelider zielona-energia.com W\u0142\u00f3kniarz zmierzy si\u0119 z niepokonanym liderem PGE Ekstraligi Motorem Lublin. Hit sezonu ma ogl\u0105da\u0107 komplet publiczno\u015bci&#8230; Dwie<\/p>\n","protected":false},"author":15,"featured_media":84473,"comment_status":"closed","ping_status":"open","sticky":false,"template":"","format":"standard","meta":{"_monsterinsights_skip_tracking":false,"_monsterinsights_sitenote_active":false,"_monsterinsights_sitenote_note":"","_monsterinsights_sitenote_category":0,"_uf_show_specific_survey":0,"_uf_disable_surveys":false,"footnotes":""},"categories":[5,94,7],"tags":[],"class_list":["post-87423","post","type-post","status-publish","format-standard","has-post-thumbnail","hentry","category-sport","category-polecane","category-zuzel"],"_links":{"self":[{"href":"https:\/\/gazetaregionalna.com\/index.php?rest_route=\/wp\/v2\/posts\/87423","targetHints":{"allow":["GET"]}}],"collection":[{"href":"https:\/\/gazetaregionalna.com\/index.php?rest_route=\/wp\/v2\/posts"}],"about":[{"href":"https:\/\/gazetaregionalna.com\/index.php?rest_route=\/wp\/v2\/types\/post"}],"author":[{"embeddable":true,"href":"https:\/\/gazetaregionalna.com\/index.php?rest_route=\/wp\/v2\/users\/15"}],"replies":[{"embeddable":true,"href":"https:\/\/gazetaregionalna.com\/index.php?rest_route=%2Fwp%2Fv2%2Fcomments&post=87423"}],"version-history":[{"count":1,"href":"https:\/\/gazetaregionalna.com\/index.php?rest_route=\/wp\/v2\/posts\/87423\/revisions"}],"predecessor-version":[{"id":87424,"href":"https:\/\/gazetaregionalna.com\/index.php?rest_route=\/wp\/v2\/posts\/87423\/revisions\/87424"}],"wp:featuredmedia":[{"embeddable":true,"href":"https:\/\/gazetaregionalna.com\/index.php?rest_route=\/wp\/v2\/media\/84473"}],"wp:attachment":[{"href":"https:\/\/gazetaregionalna.com\/index.php?rest_route=%2Fwp%2Fv2%2Fmedia&parent=87423"}],"wp:term":[{"taxonomy":"category","embeddable":true,"href":"https:\/\/gazetaregionalna.com\/index.php?rest_route=%2Fwp%2Fv2%2Fcategories&post=87423"},{"taxonomy":"post_tag","embeddable":true,"href":"https:\/\/gazetaregionalna.com\/index.php?rest_route=%2Fwp%2Fv2%2Ftags&post=87423"}],"curies":[{"name":"wp","href":"https:\/\/api.w.org\/{rel}","templated":true}]}}