{"id":87302,"date":"2022-07-21T14:29:47","date_gmt":"2022-07-21T14:29:47","guid":{"rendered":"https:\/\/gazetaregionalna.com\/?p=87302"},"modified":"2022-07-21T14:29:57","modified_gmt":"2022-07-21T14:29:57","slug":"kibice-wlokniarza-jest-coraz-mniej-biletow-na-niedzielny-hit-z-motorem-lublin","status":"publish","type":"post","link":"https:\/\/gazetaregionalna.com\/?p=87302","title":{"rendered":"Kibice W\u0142\u00f3kniarza! Jest coraz mniej bilet\u00f3w na niedzielny hit z Motorem Lublin"},"content":{"rendered":"\n<p>Bilety na niedzielny mecz \u017cu\u017clowc\u00f3w zielona-energia.com W\u0142\u00f3kniarz z liderem Motorem Lublin rozchodz\u0105 si\u0119 jak ciep\u0142e bu\u0142eczki. Dzia\u0142acze cz\u0119stochowskiego klubu zach\u0119caj\u0105 do zakupu bilet\u00f3w w przedsprzeda\u017cy. Jest wtedy taniej&#8230;<\/p>\n\n\n\n<p>Niedzielny hit PGE Ekstraligi mi\u0119dzy wiceliderem W\u0142\u00f3kniarzem i liderem Motorem zaplanowano na godz. 19:15. Po praktycznie ca\u0142ej wolnej niedzieli kibice b\u0119d\u0105 mogli i\u015b\u0107 na wieczorny mecz. A ten zapowiada si\u0119 niezwykle ciekawie. Motor to niepokonany zesp\u00f3\u0142 po 11 kolejkach w PGE Ekstralidze. W\u0142\u00f3kniarz obecnie jest na pozycji wicelidera i walczy o obron\u0119 2. miejsca przed play-off.<\/p>\n\n\n\n<p>W czwartek W\u0142\u00f3kniarz sprzeda\u0142 ponad 11000 bilet\u00f3w. A te z dnia na dzie\u0144 rozchodz\u0105 si\u0119 jak ciep\u0142e bu\u0142eczki. Dzia\u0142acze W\u0142\u00f3kniarz zach\u0119caj\u0105 do zakupu bilet\u00f3w w przedsprzeda\u017cy do najbli\u017cszej soboty. W niedziel\u0119 czyli w dniu meczu ka\u017cda z wej\u015bci\u00f3wek b\u0119dzie o 10 z\u0142 dro\u017csza.<\/p>\n\n\n\n<p><strong>MR-K<\/strong>, foto: <strong>AK<\/strong><\/p>\n\n\n\n<p>Sprzeda\u017c internetowa \u2013 www.eventim.pl\/wlokniarz-czestochowa<\/p>\n\n\n\n<p>Taniej w przedsprzeda\u017cy \u2013 https:\/\/wlokniarz.com\/2022\/07\/17\/bilety-na-mecz-z-motorem-lublin-taniej-w-przedsprzedazy\/<\/p>\n\n\n\n<p>Sprzeda\u017c stacjonarna \u2013 od 09:00 do 15:00 w siedzibie klubu<\/p>\n\n\n\n<figure class=\"wp-block-image size-large\"><img decoding=\"async\" width=\"1024\" height=\"1024\" data-src=\"https:\/\/gazetaregionalna.com\/wp-content\/uploads\/2022\/07\/Lubin-2-1024x1024.png\" alt=\"\" class=\"wp-image-87141 lazyload\" data-srcset=\"https:\/\/gazetaregionalna.com\/wp-content\/uploads\/2022\/07\/Lubin-2-1024x1024.png 1024w, https:\/\/gazetaregionalna.com\/wp-content\/uploads\/2022\/07\/Lubin-2-300x300.png 300w, https:\/\/gazetaregionalna.com\/wp-content\/uploads\/2022\/07\/Lubin-2-150x150.png 150w, https:\/\/gazetaregionalna.com\/wp-content\/uploads\/2022\/07\/Lubin-2-768x768.png 768w, https:\/\/gazetaregionalna.com\/wp-content\/uploads\/2022\/07\/Lubin-2-1536x1536.png 1536w, https:\/\/gazetaregionalna.com\/wp-content\/uploads\/2022\/07\/Lubin-2-696x696.png 696w, https:\/\/gazetaregionalna.com\/wp-content\/uploads\/2022\/07\/Lubin-2-1068x1068.png 1068w, https:\/\/gazetaregionalna.com\/wp-content\/uploads\/2022\/07\/Lubin-2-420x420.png 420w, https:\/\/gazetaregionalna.com\/wp-content\/uploads\/2022\/07\/Lubin-2.png 1601w\" data-sizes=\"(max-width: 1024px) 100vw, 1024px\" src=\"data:image\/svg+xml;base64,PHN2ZyB3aWR0aD0iMSIgaGVpZ2h0PSIxIiB4bWxucz0iaHR0cDovL3d3dy53My5vcmcvMjAwMC9zdmciPjwvc3ZnPg==\" style=\"--smush-placeholder-width: 1024px; --smush-placeholder-aspect-ratio: 1024\/1024;\" \/><\/figure>\n\n\n\n<figure class=\"wp-block-image size-large\"><img decoding=\"async\" width=\"1024\" height=\"683\" data-src=\"https:\/\/gazetaregionalna.com\/wp-content\/uploads\/2022\/06\/CKM-Gorzow-55-1024x683.jpg\" alt=\"\" class=\"wp-image-84473 lazyload\" data-srcset=\"https:\/\/gazetaregionalna.com\/wp-content\/uploads\/2022\/06\/CKM-Gorzow-55-1024x683.jpg 1024w, https:\/\/gazetaregionalna.com\/wp-content\/uploads\/2022\/06\/CKM-Gorzow-55-300x200.jpg 300w, https:\/\/gazetaregionalna.com\/wp-content\/uploads\/2022\/06\/CKM-Gorzow-55-768x512.jpg 768w, https:\/\/gazetaregionalna.com\/wp-content\/uploads\/2022\/06\/CKM-Gorzow-55-1536x1024.jpg 1536w, https:\/\/gazetaregionalna.com\/wp-content\/uploads\/2022\/06\/CKM-Gorzow-55-2048x1366.jpg 2048w, https:\/\/gazetaregionalna.com\/wp-content\/uploads\/2022\/06\/CKM-Gorzow-55-696x464.jpg 696w, https:\/\/gazetaregionalna.com\/wp-content\/uploads\/2022\/06\/CKM-Gorzow-55-1068x712.jpg 1068w, https:\/\/gazetaregionalna.com\/wp-content\/uploads\/2022\/06\/CKM-Gorzow-55-1920x1280.jpg 1920w, https:\/\/gazetaregionalna.com\/wp-content\/uploads\/2022\/06\/CKM-Gorzow-55-630x420.jpg 630w, https:\/\/gazetaregionalna.com\/wp-content\/uploads\/2022\/06\/CKM-Gorzow-55-scaled.jpg 1600w\" data-sizes=\"(max-width: 1024px) 100vw, 1024px\" src=\"data:image\/svg+xml;base64,PHN2ZyB3aWR0aD0iMSIgaGVpZ2h0PSIxIiB4bWxucz0iaHR0cDovL3d3dy53My5vcmcvMjAwMC9zdmciPjwvc3ZnPg==\" style=\"--smush-placeholder-width: 1024px; --smush-placeholder-aspect-ratio: 1024\/683;\" \/><\/figure>\n\n\n\n<figure class=\"wp-block-image size-large\"><img decoding=\"async\" width=\"1024\" height=\"683\" data-src=\"https:\/\/gazetaregionalna.com\/wp-content\/uploads\/2022\/06\/CKM-Gorzow-49-1024x683.jpg\" alt=\"\" class=\"wp-image-84472 lazyload\" data-srcset=\"https:\/\/gazetaregionalna.com\/wp-content\/uploads\/2022\/06\/CKM-Gorzow-49-1024x683.jpg 1024w, https:\/\/gazetaregionalna.com\/wp-content\/uploads\/2022\/06\/CKM-Gorzow-49-300x200.jpg 300w, https:\/\/gazetaregionalna.com\/wp-content\/uploads\/2022\/06\/CKM-Gorzow-49-768x512.jpg 768w, https:\/\/gazetaregionalna.com\/wp-content\/uploads\/2022\/06\/CKM-Gorzow-49-1536x1024.jpg 1536w, https:\/\/gazetaregionalna.com\/wp-content\/uploads\/2022\/06\/CKM-Gorzow-49-2048x1365.jpg 2048w, https:\/\/gazetaregionalna.com\/wp-content\/uploads\/2022\/06\/CKM-Gorzow-49-696x464.jpg 696w, https:\/\/gazetaregionalna.com\/wp-content\/uploads\/2022\/06\/CKM-Gorzow-49-1068x712.jpg 1068w, https:\/\/gazetaregionalna.com\/wp-content\/uploads\/2022\/06\/CKM-Gorzow-49-1920x1280.jpg 1920w, https:\/\/gazetaregionalna.com\/wp-content\/uploads\/2022\/06\/CKM-Gorzow-49-630x420.jpg 630w, https:\/\/gazetaregionalna.com\/wp-content\/uploads\/2022\/06\/CKM-Gorzow-49-scaled.jpg 1600w\" data-sizes=\"(max-width: 1024px) 100vw, 1024px\" src=\"data:image\/svg+xml;base64,PHN2ZyB3aWR0aD0iMSIgaGVpZ2h0PSIxIiB4bWxucz0iaHR0cDovL3d3dy53My5vcmcvMjAwMC9zdmciPjwvc3ZnPg==\" style=\"--smush-placeholder-width: 1024px; --smush-placeholder-aspect-ratio: 1024\/683;\" \/><\/figure>\n\n\n\n<figure class=\"wp-block-image size-large\"><img decoding=\"async\" width=\"300\" height=\"250\" data-src=\"https:\/\/gazetaregionalna.com\/wp-content\/uploads\/2022\/04\/DMK-7.jpg\" alt=\"\" class=\"wp-image-77214 lazyload\" src=\"data:image\/svg+xml;base64,PHN2ZyB3aWR0aD0iMSIgaGVpZ2h0PSIxIiB4bWxucz0iaHR0cDovL3d3dy53My5vcmcvMjAwMC9zdmciPjwvc3ZnPg==\" style=\"--smush-placeholder-width: 300px; --smush-placeholder-aspect-ratio: 300\/250;\"><\/figure>\n","protected":false},"excerpt":{"rendered":"<p>Bilety na niedzielny mecz \u017cu\u017clowc\u00f3w zielona-energia.com W\u0142\u00f3kniarz z liderem Motorem Lublin rozchodz\u0105 si\u0119 jak ciep\u0142e bu\u0142eczki. Dzia\u0142acze cz\u0119stochowskiego klubu zach\u0119caj\u0105 do zakupu bilet\u00f3w w<\/p>\n","protected":false},"author":15,"featured_media":87141,"comment_status":"closed","ping_status":"open","sticky":false,"template":"","format":"standard","meta":{"_monsterinsights_skip_tracking":false,"_monsterinsights_sitenote_active":false,"_monsterinsights_sitenote_note":"","_monsterinsights_sitenote_category":0,"_uf_show_specific_survey":0,"_uf_disable_surveys":false,"footnotes":""},"categories":[94,5,7],"tags":[],"class_list":["post-87302","post","type-post","status-publish","format-standard","has-post-thumbnail","hentry","category-polecane","category-sport","category-zuzel"],"_links":{"self":[{"href":"https:\/\/gazetaregionalna.com\/index.php?rest_route=\/wp\/v2\/posts\/87302","targetHints":{"allow":["GET"]}}],"collection":[{"href":"https:\/\/gazetaregionalna.com\/index.php?rest_route=\/wp\/v2\/posts"}],"about":[{"href":"https:\/\/gazetaregionalna.com\/index.php?rest_route=\/wp\/v2\/types\/post"}],"author":[{"embeddable":true,"href":"https:\/\/gazetaregionalna.com\/index.php?rest_route=\/wp\/v2\/users\/15"}],"replies":[{"embeddable":true,"href":"https:\/\/gazetaregionalna.com\/index.php?rest_route=%2Fwp%2Fv2%2Fcomments&post=87302"}],"version-history":[{"count":1,"href":"https:\/\/gazetaregionalna.com\/index.php?rest_route=\/wp\/v2\/posts\/87302\/revisions"}],"predecessor-version":[{"id":87303,"href":"https:\/\/gazetaregionalna.com\/index.php?rest_route=\/wp\/v2\/posts\/87302\/revisions\/87303"}],"wp:featuredmedia":[{"embeddable":true,"href":"https:\/\/gazetaregionalna.com\/index.php?rest_route=\/wp\/v2\/media\/87141"}],"wp:attachment":[{"href":"https:\/\/gazetaregionalna.com\/index.php?rest_route=%2Fwp%2Fv2%2Fmedia&parent=87302"}],"wp:term":[{"taxonomy":"category","embeddable":true,"href":"https:\/\/gazetaregionalna.com\/index.php?rest_route=%2Fwp%2Fv2%2Fcategories&post=87302"},{"taxonomy":"post_tag","embeddable":true,"href":"https:\/\/gazetaregionalna.com\/index.php?rest_route=%2Fwp%2Fv2%2Ftags&post=87302"}],"curies":[{"name":"wp","href":"https:\/\/api.w.org\/{rel}","templated":true}]}}